{"id":7220,"date":"2020-07-29T16:17:17","date_gmt":"2020-07-29T15:17:17","guid":{"rendered":"http:\/\/culturaliagz.com\/?p=7220"},"modified":"2020-07-29T23:38:40","modified_gmt":"2020-07-29T22:38:40","slug":"exposicion-bo-camino-2020-na-capela-da-madanela-arzua-do-4-ao-31-de-agosto","status":"publish","type":"post","link":"http:\/\/culturaliagz.com\/?p=7220","title":{"rendered":"Exposici\u00f3n BO CAMI\u00d1O 2020 na Capela da Madanela, Arz\u00faa, do 4 ao 31 de agosto"},"content":{"rendered":"\n<p><\/p>\n\n\n\n<div class=\"wp-block-image\"><figure class=\"aligncenter size-large\"><a href=\"http:\/\/culturaliagz.com\/wp-content\/uploads\/2020\/07\/EXPOSICI\u00d3N-ARZ\u00daA.jpg\" target=\"_blank\" rel=\"noopener noreferrer\"><img loading=\"lazy\" decoding=\"async\" width=\"1024\" height=\"977\" src=\"http:\/\/culturaliagz.com\/wp-content\/uploads\/2020\/07\/EXPOSICI\u00d3N-ARZ\u00daA-1024x977.jpg\" alt=\"\" class=\"wp-image-7221\" srcset=\"http:\/\/culturaliagz.com\/wp-content\/uploads\/2020\/07\/EXPOSICI\u00d3N-ARZ\u00daA-1024x977.jpg 1024w, http:\/\/culturaliagz.com\/wp-content\/uploads\/2020\/07\/EXPOSICI\u00d3N-ARZ\u00daA-300x286.jpg 300w, http:\/\/culturaliagz.com\/wp-content\/uploads\/2020\/07\/EXPOSICI\u00d3N-ARZ\u00daA-768x733.jpg 768w, http:\/\/culturaliagz.com\/wp-content\/uploads\/2020\/07\/EXPOSICI\u00d3N-ARZ\u00daA-980x935.jpg 980w, http:\/\/culturaliagz.com\/wp-content\/uploads\/2020\/07\/EXPOSICI\u00d3N-ARZ\u00daA-480x458.jpg 480w, http:\/\/culturaliagz.com\/wp-content\/uploads\/2020\/07\/EXPOSICI\u00d3N-ARZ\u00daA.jpg 1052w\" sizes=\"auto, (max-width: 1024px) 100vw, 1024px\" \/><\/a><\/figure><\/div>\n\n\n\n<p><\/p>\n\n\n\n<p>O martes 4 de agosto ter\u00e1 lugar a apertura da <a href=\"https:\/\/sumarte.wordpress.com\/2020\/07\/28\/cuarta-edicion-bo-camino-capela-da-madanela-arzua-4-de-agosto\/\" target=\"_blank\" rel=\"noreferrer noopener\">Exposici\u00f3n <strong>BO CAMI\u00d1O 2020<\/strong><\/a> na Capela da Madanela en Arz\u00faa.<\/p>\n\n\n\n<p>Un ano m\u00e1is, e xa van catro, despois do \u00e9xito das edici\u00f3ns anteriores, unha vintena de artistas profesionais galegos expo\u00f1en obras nas que o Cami\u00f1o de Santiago \u00e9 o protagonista: \u00d3scar Aldonza, Isabel Alonso, Abel Barandela, Carlos Barc\u00f3n, Violeta Bernardo, Tino Canicoba, Cor\u00edn Cervera, Luis de las Cuevas, Margot Li\u00f1era, Lomarti, Marcos L\u00f3pez, Miguel Anxo Mac\u00eda, <a rel=\"noreferrer noopener\" href=\"https:\/\/www.facebook.com\/arte.adolfinamesa\/\" target=\"_blank\">Adolfina Mesa<\/a>, Novais, Otero Yglesias, Marta Pardo de Vera, Baldo Ramos, Manolo Rivera, Pe\u00f1a Romay, Xes\u00fas M\u00e9ndez, Rebeca Novo, Ant\u00f3n Sobral, Mila V\u00e1zquez, Veiras Manteiga e Xo\u00e1n Vila.<\/p>\n\n\n\n<p>Dita exposici\u00f3n estar\u00e1 baixo a coordinaci\u00f3n e comisariado de Cristina Carballedo Penelas, coordinadora de exposicions e de proxectos culturais.<\/p>\n","protected":false},"excerpt":{"rendered":"<p>O martes 4 de agosto ter\u00e1 lugar a apertura da Exposici\u00f3n BO CAMI\u00d1O 2020 na Capela da Madanela en Arz\u00faa. Un ano m\u00e1is, e xa van catro, despois do \u00e9xito [&hellip;]<\/p>\n","protected":false},"author":1,"featured_media":0,"comment_status":"open","ping_status":"open","sticky":false,"template":"","format":"standard","meta":{"_et_pb_use_builder":"off","_et_pb_old_content":"","_et_gb_content_width":"","_jetpack_memberships_contains_paid_content":false,"footnotes":""},"categories":[23,7,6,1],"tags":[379,674,673,672],"class_list":["post-7220","post","type-post","status-publish","format-standard","hentry","category-autoresas","category-creacion","category-novas","category-xeral","tag-adolfina-mesa","tag-capela-da-madanela-arzua","tag-cristina-carballedo-penelas","tag-exposicion-bo-camino-2020"],"jetpack_featured_media_url":"","jetpack_sharing_enabled":true,"_links":{"self":[{"href":"http:\/\/culturaliagz.com\/index.php?rest_route=\/wp\/v2\/posts\/7220","targetHints":{"allow":["GET"]}}],"collection":[{"href":"http:\/\/culturaliagz.com\/index.php?rest_route=\/wp\/v2\/posts"}],"about":[{"href":"http:\/\/culturaliagz.com\/index.php?rest_route=\/wp\/v2\/types\/post"}],"author":[{"embeddable":true,"href":"http:\/\/culturaliagz.com\/index.php?rest_route=\/wp\/v2\/users\/1"}],"replies":[{"embeddable":true,"href":"http:\/\/culturaliagz.com\/index.php?rest_route=%2Fwp%2Fv2%2Fcomments&post=7220"}],"version-history":[{"count":3,"href":"http:\/\/culturaliagz.com\/index.php?rest_route=\/wp\/v2\/posts\/7220\/revisions"}],"predecessor-version":[{"id":7225,"href":"http:\/\/culturaliagz.com\/index.php?rest_route=\/wp\/v2\/posts\/7220\/revisions\/7225"}],"wp:attachment":[{"href":"http:\/\/culturaliagz.com\/index.php?rest_route=%2Fwp%2Fv2%2Fmedia&parent=7220"}],"wp:term":[{"taxonomy":"category","embeddable":true,"href":"http:\/\/culturaliagz.com\/index.php?rest_route=%2Fwp%2Fv2%2Fcategories&post=7220"},{"taxonomy":"post_tag","embeddable":true,"href":"http:\/\/culturaliagz.com\/index.php?rest_route=%2Fwp%2Fv2%2Ftags&post=7220"}],"curies":[{"name":"wp","href":"https:\/\/api.w.org\/{rel}","templated":true}]}}