{"id":6658,"date":"2019-12-09T19:31:13","date_gmt":"2019-12-09T18:31:13","guid":{"rendered":"http:\/\/culturaliagz.com\/?p=6658"},"modified":"2019-12-09T19:33:20","modified_gmt":"2019-12-09T18:33:20","slug":"iescha-exposicion-de-leandro-seixas-na-casa-da-cultura-de-vilalba","status":"publish","type":"post","link":"http:\/\/culturaliagz.com\/?p=6658","title":{"rendered":"IESCHA.- Exposici\u00f3n de Leandro Seixas na Casa da Cultura de Vilalba"},"content":{"rendered":"\n<div class=\"wp-block-image\"><figure class=\"aligncenter size-large\"><a href=\"http:\/\/culturaliagz.com\/wp-content\/uploads\/2019\/12\/CARTAZ_LEANDRO_PEQ.jpg\" target=\"_blank\" rel=\"noreferrer noopener\"><img loading=\"lazy\" decoding=\"async\" width=\"683\" height=\"1024\" src=\"http:\/\/culturaliagz.com\/wp-content\/uploads\/2019\/12\/CARTAZ_LEANDRO_PEQ-683x1024.jpg\" alt=\"\" class=\"wp-image-6659\" srcset=\"http:\/\/culturaliagz.com\/wp-content\/uploads\/2019\/12\/CARTAZ_LEANDRO_PEQ-683x1024.jpg 683w, http:\/\/culturaliagz.com\/wp-content\/uploads\/2019\/12\/CARTAZ_LEANDRO_PEQ-200x300.jpg 200w, http:\/\/culturaliagz.com\/wp-content\/uploads\/2019\/12\/CARTAZ_LEANDRO_PEQ-768x1151.jpg 768w, http:\/\/culturaliagz.com\/wp-content\/uploads\/2019\/12\/CARTAZ_LEANDRO_PEQ-1025x1536.jpg 1025w, http:\/\/culturaliagz.com\/wp-content\/uploads\/2019\/12\/CARTAZ_LEANDRO_PEQ-1080x1619.jpg 1080w, http:\/\/culturaliagz.com\/wp-content\/uploads\/2019\/12\/CARTAZ_LEANDRO_PEQ.jpg 1166w\" sizes=\"auto, (max-width: 683px) 100vw, 683px\" \/><\/a><\/figure><\/div>\n\n\n\n<p><\/p>\n\n\n\n<p>O xoves, 12 de decembro de 2019, \u00e1s 20:30 horas inaugurarase na Casa da Cultura de Vilalba a Exposici\u00f3n <em><a href=\"http:\/\/culturaliagz.com\/wp-content\/uploads\/2019\/12\/NOTA_INFORMATIVA_LEANDRO-ESCULTURAS-copia.pdf\" target=\"_blank\" rel=\"noreferrer noopener\" aria-label=\"Leandro Seixas: esculturas (se abre en una nueva pesta\u00f1a)\">Leandro Seixas: esculturas<\/a><\/em>. <\/p>\n\n\n\n<p>Esta exposici\u00f3n, organizada polo <a href=\"https:\/\/estudoschairegos.wixsite.com\/iescha\" target=\"_blank\" rel=\"noreferrer noopener\" aria-label=\"IESCHA (se abre en una nueva pesta\u00f1a)\">IESCHA<\/a>, en colaboraci\u00f3n co <a href=\"http:\/\/vilalba.org\/\" target=\"_blank\" rel=\"noreferrer noopener\" aria-label=\"Concello de Vialba (se abre en una nueva pesta\u00f1a)\">Concello de Vialba<\/a>, permanecer\u00e1 aberta ata o 15 de xaneiro de 2020. E conf\u00f3rmana 11 pezas escult\u00f3ricas, a maior parte delas realizadas en m\u00e1rmore.<\/p>\n\n\n\n<p><\/p>\n\n\n\n<p><em>*Informaci\u00f3n achegada polo IESCHA.<\/em><\/p>\n","protected":false},"excerpt":{"rendered":"<p>O xoves, 12 de decembro de 2019, \u00e1s 20:30 horas inaugurarase na Casa da Cultura de Vilalba a Exposici\u00f3n Leandro Seixas: esculturas. Esta exposici\u00f3n, organizada polo IESCHA, en colaboraci\u00f3n co [&hellip;]<\/p>\n","protected":false},"author":1,"featured_media":0,"comment_status":"open","ping_status":"open","sticky":false,"template":"","format":"standard","meta":{"_et_pb_use_builder":"","_et_pb_old_content":"","_et_gb_content_width":"","_jetpack_memberships_contains_paid_content":false,"footnotes":""},"categories":[23,7,6,1],"tags":[593,234],"class_list":["post-6658","post","type-post","status-publish","format-standard","hentry","category-autoresas","category-creacion","category-novas","category-xeral","tag-exposicion-leandro-seixas-esculturas","tag-iescha"],"jetpack_featured_media_url":"","jetpack_sharing_enabled":true,"_links":{"self":[{"href":"http:\/\/culturaliagz.com\/index.php?rest_route=\/wp\/v2\/posts\/6658","targetHints":{"allow":["GET"]}}],"collection":[{"href":"http:\/\/culturaliagz.com\/index.php?rest_route=\/wp\/v2\/posts"}],"about":[{"href":"http:\/\/culturaliagz.com\/index.php?rest_route=\/wp\/v2\/types\/post"}],"author":[{"embeddable":true,"href":"http:\/\/culturaliagz.com\/index.php?rest_route=\/wp\/v2\/users\/1"}],"replies":[{"embeddable":true,"href":"http:\/\/culturaliagz.com\/index.php?rest_route=%2Fwp%2Fv2%2Fcomments&post=6658"}],"version-history":[{"count":3,"href":"http:\/\/culturaliagz.com\/index.php?rest_route=\/wp\/v2\/posts\/6658\/revisions"}],"predecessor-version":[{"id":6663,"href":"http:\/\/culturaliagz.com\/index.php?rest_route=\/wp\/v2\/posts\/6658\/revisions\/6663"}],"wp:attachment":[{"href":"http:\/\/culturaliagz.com\/index.php?rest_route=%2Fwp%2Fv2%2Fmedia&parent=6658"}],"wp:term":[{"taxonomy":"category","embeddable":true,"href":"http:\/\/culturaliagz.com\/index.php?rest_route=%2Fwp%2Fv2%2Fcategories&post=6658"},{"taxonomy":"post_tag","embeddable":true,"href":"http:\/\/culturaliagz.com\/index.php?rest_route=%2Fwp%2Fv2%2Ftags&post=6658"}],"curies":[{"name":"wp","href":"https:\/\/api.w.org\/{rel}","templated":true}]}}