{"id":6633,"date":"2019-12-03T23:19:12","date_gmt":"2019-12-03T22:19:12","guid":{"rendered":"http:\/\/culturaliagz.com\/?p=6633"},"modified":"2019-12-03T23:32:59","modified_gmt":"2019-12-03T22:32:59","slug":"presentacion-do-libro-relatos-da-ulloa-en-buenos-aires","status":"publish","type":"post","link":"http:\/\/culturaliagz.com\/?p=6633","title":{"rendered":"Presentaci\u00f3n do libro RELATOS DA ULLOA en Buenos Aires"},"content":{"rendered":"\n<p><\/p>\n\n\n\n<div class=\"wp-block-image\"><figure class=\"aligncenter size-large\"><img loading=\"lazy\" decoding=\"async\" width=\"719\" height=\"1024\" src=\"http:\/\/culturaliagz.com\/wp-content\/uploads\/2019\/12\/Ulloa-719x1024.png\" alt=\"\" class=\"wp-image-6634\" srcset=\"http:\/\/culturaliagz.com\/wp-content\/uploads\/2019\/12\/Ulloa-719x1024.png 719w, http:\/\/culturaliagz.com\/wp-content\/uploads\/2019\/12\/Ulloa-719x1024-211x300.png 211w\" sizes=\"auto, (max-width: 719px) 100vw, 719px\" \/><\/figure><\/div>\n\n\n\n<p><\/p>\n\n\n\n<p>O escritor e socio do <a rel=\"noreferrer noopener\" aria-label=\"IEU  (se abre en una nueva pesta\u00f1a)\" href=\"http:\/\/ieu.gal\/\" target=\"_blank\">IEU <\/a>Antonio Jorge Salgado L\u00f3pez presentar\u00e1 o libro&nbsp;<strong><a rel=\"noreferrer noopener\" aria-label=\"Relatos da&nbsp;Ulloa (se abre en una nueva pesta\u00f1a)\" href=\"http:\/\/ieu.gal\/o-ieu-presentara-relatos-da-ulloa-en-buenos-aires\/\" target=\"_blank\">Relatos da&nbsp;Ulloa<\/a><\/strong>&nbsp;na&nbsp;<a rel=\"noreferrer noopener\" aria-label=\"Federaci\u00f3n de Asociaci\u00f3ns Galegas da Rep\u00fablica Argentina (se abre en una nueva pesta\u00f1a)\" href=\"http:\/\/www.fsgallegas.org.ar\/\" target=\"_blank\"><em>Federaci\u00f3n de Asociaci\u00f3ns Galegas da Rep\u00fablica Argentina<\/em><\/a> (FAGRA).&nbsp;O&nbsp;acto&nbsp;ter\u00e1 lugar o d\u00eda 6 de decembro na sede da FAGRA, sita no barrio de San Telmo en Buenos&nbsp;Aires.<\/p>\n\n\n\n<p> O libro, editado polo Instituto de Estudos Ullo\u00e1ns e por Gadis e coordinado polo noso socio o escritor e fil\u00f3logo Xulio Pardo de Neyra, consta de 14 relatos de co\u00f1ecidos escritores\/as inspirados na comarca da Ulloa.&nbsp;&nbsp;Con esta presentaci\u00f3n escoitarase de novo a voz da Ulloa en Buenos Aires, principal destino dos emigrantes da&nbsp;comarca a finais do s\u00e9culo XIX e principios do XX.&nbsp;&nbsp; Ademais da presentaci\u00f3n dos&nbsp;<em>Relatos da Ulloa&nbsp;<\/em>e da distribuci\u00f3n gratu\u00edta de exemplares do libro, o noso socio Antonio Jorge Salgado proxectar\u00e1&nbsp;v\u00eddeos sobre A Ulloa, un deles coa intervenci\u00f3n da&nbsp;secretaria do IEU,&nbsp;a historiadora e fil\u00f3loga Mar\u00eda Jos\u00e9 G\u00f3mez Alvite, as\u00ed como&nbsp;o sa\u00fado&nbsp;do director do IEU invitando&nbsp;aos membros das&nbsp;Asociaci\u00f3ns Galegas na Arxentina a visitar a nosa comarca.<\/p>\n\n\n\n<p>A primeira presentaci\u00f3n do libro&nbsp;<em>Relatos da Ulloa&nbsp;<\/em>tivo lugar&nbsp;no mes de maio en Santiago de Compostela, no Museo do Pobo Galego; a segunda en setembro no Centro Galego de Londres;&nbsp; terceira realizarase o 6 de decembro en Buenos Aires, e o IEU ten proxectadas outras presentaci\u00f3ns en Barcelona e en Euskadi. <\/p>\n\n\n\n<p>M\u00e1is informaci\u00f3n:<\/p>\n\n\n\n<figure class=\"wp-block-embed-wordpress wp-block-embed is-type-wp-embed is-provider-federacion-de-asociaciones-gallegas\"><div class=\"wp-block-embed__wrapper\">\n<blockquote class=\"wp-embedded-content\" data-secret=\"Czz6yCgbjK\"><a href=\"http:\/\/www.fsgallegas.org.ar\/presentacion-del-libro-relatos-da-ulloa-en-la-fagra\/\">Presentaci\u00f3n del libro Relatos da Ulloa en la FAGRA<\/a><\/blockquote><iframe loading=\"lazy\" title=\"&#8220;Presentaci\u00f3n del libro Relatos da Ulloa en la FAGRA&#8221; &#8212; Federaci\u00f3n de Asociaciones Gallegas\" class=\"wp-embedded-content\" sandbox=\"allow-scripts\" security=\"restricted\" style=\"position: absolute; clip: rect(1px, 1px, 1px, 1px);\" src=\"http:\/\/www.fsgallegas.org.ar\/presentacion-del-libro-relatos-da-ulloa-en-la-fagra\/embed\/#?secret=Czz6yCgbjK\" data-secret=\"Czz6yCgbjK\" width=\"600\" height=\"338\" frameborder=\"0\" marginwidth=\"0\" marginheight=\"0\" scrolling=\"no\"><\/iframe>\n<\/div><\/figure>\n\n\n\n<p><\/p>\n\n\n\n<p><em>*Informaci\u00f3n achegada desde o IEU.<\/em><\/p>\n","protected":false},"excerpt":{"rendered":"<p>O escritor e socio do IEU Antonio Jorge Salgado L\u00f3pez presentar\u00e1 o libro&nbsp;Relatos da&nbsp;Ulloa&nbsp;na&nbsp;Federaci\u00f3n de Asociaci\u00f3ns Galegas da Rep\u00fablica Argentina (FAGRA).&nbsp;O&nbsp;acto&nbsp;ter\u00e1 lugar o d\u00eda 6 de decembro na sede da [&hellip;]<\/p>\n","protected":false},"author":1,"featured_media":0,"comment_status":"open","ping_status":"open","sticky":false,"template":"","format":"standard","meta":{"_et_pb_use_builder":"","_et_pb_old_content":"","_et_gb_content_width":"","_jetpack_memberships_contains_paid_content":false,"footnotes":""},"categories":[23,7,129,6,1],"tags":[588,589,425,587],"class_list":["post-6633","post","type-post","status-publish","format-standard","hentry","category-autoresas","category-creacion","category-literaria","category-novas","category-xeral","tag-antonio-jorge-salgado-lopez","tag-federacion-de-asociaciones-gallegas-de-la-republica-argentina","tag-instituto-de-estudos-ulloans","tag-relatos-da-ulloa"],"jetpack_featured_media_url":"","jetpack_sharing_enabled":true,"_links":{"self":[{"href":"http:\/\/culturaliagz.com\/index.php?rest_route=\/wp\/v2\/posts\/6633","targetHints":{"allow":["GET"]}}],"collection":[{"href":"http:\/\/culturaliagz.com\/index.php?rest_route=\/wp\/v2\/posts"}],"about":[{"href":"http:\/\/culturaliagz.com\/index.php?rest_route=\/wp\/v2\/types\/post"}],"author":[{"embeddable":true,"href":"http:\/\/culturaliagz.com\/index.php?rest_route=\/wp\/v2\/users\/1"}],"replies":[{"embeddable":true,"href":"http:\/\/culturaliagz.com\/index.php?rest_route=%2Fwp%2Fv2%2Fcomments&post=6633"}],"version-history":[{"count":6,"href":"http:\/\/culturaliagz.com\/index.php?rest_route=\/wp\/v2\/posts\/6633\/revisions"}],"predecessor-version":[{"id":6642,"href":"http:\/\/culturaliagz.com\/index.php?rest_route=\/wp\/v2\/posts\/6633\/revisions\/6642"}],"wp:attachment":[{"href":"http:\/\/culturaliagz.com\/index.php?rest_route=%2Fwp%2Fv2%2Fmedia&parent=6633"}],"wp:term":[{"taxonomy":"category","embeddable":true,"href":"http:\/\/culturaliagz.com\/index.php?rest_route=%2Fwp%2Fv2%2Fcategories&post=6633"},{"taxonomy":"post_tag","embeddable":true,"href":"http:\/\/culturaliagz.com\/index.php?rest_route=%2Fwp%2Fv2%2Ftags&post=6633"}],"curies":[{"name":"wp","href":"https:\/\/api.w.org\/{rel}","templated":true}]}}