{"id":6626,"date":"2019-12-03T20:48:01","date_gmt":"2019-12-03T19:48:01","guid":{"rendered":"http:\/\/culturaliagz.com\/?p=6626"},"modified":"2019-12-03T20:48:03","modified_gmt":"2019-12-03T19:48:03","slug":"o-concello-de-vilalba-presenta-a-programacion-nadal-2019-2020","status":"publish","type":"post","link":"http:\/\/culturaliagz.com\/?p=6626","title":{"rendered":"O Concello de Vilalba presenta a Programaci\u00f3n Nadal 2019-2020"},"content":{"rendered":"\n<p><\/p>\n\n\n\n<div class=\"wp-block-image\"><figure class=\"aligncenter size-large\"><img loading=\"lazy\" decoding=\"async\" width=\"720\" height=\"1024\" src=\"http:\/\/culturaliagz.com\/wp-content\/uploads\/2019\/12\/PROGRAMA-NADAL-2019-2020-720x1024.jpg\" alt=\"\" class=\"wp-image-6627\" srcset=\"http:\/\/culturaliagz.com\/wp-content\/uploads\/2019\/12\/PROGRAMA-NADAL-2019-2020-720x1024.jpg 720w, http:\/\/culturaliagz.com\/wp-content\/uploads\/2019\/12\/PROGRAMA-NADAL-2019-2020-211x300.jpg 211w, http:\/\/culturaliagz.com\/wp-content\/uploads\/2019\/12\/PROGRAMA-NADAL-2019-2020-768x1092.jpg 768w, http:\/\/culturaliagz.com\/wp-content\/uploads\/2019\/12\/PROGRAMA-NADAL-2019-2020-1080x1536.jpg 1080w, http:\/\/culturaliagz.com\/wp-content\/uploads\/2019\/12\/PROGRAMA-NADAL-2019-2020-1440x2048.jpg 1440w, http:\/\/culturaliagz.com\/wp-content\/uploads\/2019\/12\/PROGRAMA-NADAL-2019-2020.jpg 1758w\" sizes=\"auto, (max-width: 720px) 100vw, 720px\" \/><\/figure><\/div>\n\n\n\n<p><\/p>\n\n\n\n<div class=\"wp-block-image\"><figure class=\"alignleft size-medium\"><img loading=\"lazy\" decoding=\"async\" width=\"252\" height=\"300\" src=\"http:\/\/culturaliagz.com\/wp-content\/uploads\/2019\/12\/Nota-Nadal-foto-252x300.jpeg\" alt=\"\" class=\"wp-image-6628\" srcset=\"http:\/\/culturaliagz.com\/wp-content\/uploads\/2019\/12\/Nota-Nadal-foto-252x300.jpeg 252w, http:\/\/culturaliagz.com\/wp-content\/uploads\/2019\/12\/Nota-Nadal-foto-859x1024.jpeg 859w, http:\/\/culturaliagz.com\/wp-content\/uploads\/2019\/12\/Nota-Nadal-foto-768x916.jpeg 768w, http:\/\/culturaliagz.com\/wp-content\/uploads\/2019\/12\/Nota-Nadal-foto-1288x1536.jpeg 1288w, http:\/\/culturaliagz.com\/wp-content\/uploads\/2019\/12\/Nota-Nadal-foto-1080x1288.jpeg 1080w, http:\/\/culturaliagz.com\/wp-content\/uploads\/2019\/12\/Nota-Nadal-foto.jpeg 1592w\" sizes=\"auto, (max-width: 252px) 100vw, 252px\" \/><\/figure><\/div>\n\n\n\n<p>O <a rel=\"noreferrer noopener\" aria-label=\"Concello de Vilalba (se abre en una nueva pesta\u00f1a)\" href=\"http:\/\/vilalba.org\/\" target=\"_blank\">Concello de Vilalba<\/a> v\u00e9n de presentar a s\u00faa <a href=\"http:\/\/vilalba.org\/o-concello-presenta-un-nadal-cheo-de-actividades-para-todos-os-publicos\/\" target=\"_blank\" rel=\"noreferrer noopener\" aria-label=\"Programaci\u00f3n de actividades para o Nadal 2019-2020 (se abre en una nueva pesta\u00f1a)\">Programaci\u00f3n de actividades para o Nadal 2019-2020<\/a>. Unha programaci\u00f3n que foi presentada pola alcaldesa de Vilalba, Elba Veleiro, xunto coa concelleira de Cultura, Vanesa Siso, e a concelleira de Infancia e Mocidade, Ant\u00eda Rama, e que conta con preto de 30 citas ao longo do mes de decembro e na primeira semana de xaneiro, subli\u00f1ando que \u201cintentamos introducir cousas distintas pensando nos gustos e intereses da veci\u00f1anza, desde os m\u00e1is pequenos aos m\u00e1is maiores, sen lembrarnos da xuventude\u201d. <\/p>\n\n\n\n<p>No seguinte enlace accederemos \u00e1 citada <a rel=\"noreferrer noopener\" aria-label=\"programaci\u00f3n de Nadal (se abre en una nueva pesta\u00f1a)\" href=\"http:\/\/culturaliagz.com\/wp-content\/uploads\/2019\/12\/Nota-Nadal-03-12-2019.pdf\" target=\"_blank\">programaci\u00f3n de Nadal<\/a>.<\/p>\n\n\n\n<p><\/p>\n\n\n\n<p><em>*Informaci\u00f3n facilitada desde Comunicaci\u00f3n do Concello de Vilalba.<\/em><\/p>\n","protected":false},"excerpt":{"rendered":"<p>O Concello de Vilalba v\u00e9n de presentar a s\u00faa Programaci\u00f3n de actividades para o Nadal 2019-2020. Unha programaci\u00f3n que foi presentada pola alcaldesa de Vilalba, Elba Veleiro, xunto coa concelleira [&hellip;]<\/p>\n","protected":false},"author":1,"featured_media":0,"comment_status":"open","ping_status":"open","sticky":false,"template":"","format":"standard","meta":{"_et_pb_use_builder":"","_et_pb_old_content":"","_et_gb_content_width":"","_jetpack_memberships_contains_paid_content":false,"footnotes":""},"categories":[23,7,129,6,1],"tags":[30,586],"class_list":["post-6626","post","type-post","status-publish","format-standard","hentry","category-autoresas","category-creacion","category-literaria","category-novas","category-xeral","tag-concello-de-vilalba","tag-programacion-de-nadal-2019"],"jetpack_featured_media_url":"","jetpack_sharing_enabled":true,"_links":{"self":[{"href":"http:\/\/culturaliagz.com\/index.php?rest_route=\/wp\/v2\/posts\/6626","targetHints":{"allow":["GET"]}}],"collection":[{"href":"http:\/\/culturaliagz.com\/index.php?rest_route=\/wp\/v2\/posts"}],"about":[{"href":"http:\/\/culturaliagz.com\/index.php?rest_route=\/wp\/v2\/types\/post"}],"author":[{"embeddable":true,"href":"http:\/\/culturaliagz.com\/index.php?rest_route=\/wp\/v2\/users\/1"}],"replies":[{"embeddable":true,"href":"http:\/\/culturaliagz.com\/index.php?rest_route=%2Fwp%2Fv2%2Fcomments&post=6626"}],"version-history":[{"count":3,"href":"http:\/\/culturaliagz.com\/index.php?rest_route=\/wp\/v2\/posts\/6626\/revisions"}],"predecessor-version":[{"id":6632,"href":"http:\/\/culturaliagz.com\/index.php?rest_route=\/wp\/v2\/posts\/6626\/revisions\/6632"}],"wp:attachment":[{"href":"http:\/\/culturaliagz.com\/index.php?rest_route=%2Fwp%2Fv2%2Fmedia&parent=6626"}],"wp:term":[{"taxonomy":"category","embeddable":true,"href":"http:\/\/culturaliagz.com\/index.php?rest_route=%2Fwp%2Fv2%2Fcategories&post=6626"},{"taxonomy":"post_tag","embeddable":true,"href":"http:\/\/culturaliagz.com\/index.php?rest_route=%2Fwp%2Fv2%2Ftags&post=6626"}],"curies":[{"name":"wp","href":"https:\/\/api.w.org\/{rel}","templated":true}]}}