{"id":6615,"date":"2019-12-03T01:59:52","date_gmt":"2019-12-03T00:59:52","guid":{"rendered":"http:\/\/culturaliagz.com\/?p=6615"},"modified":"2019-12-13T21:01:33","modified_gmt":"2019-12-13T20:01:33","slug":"vi-recital-poetico-solidario-internacional-en-vilalba","status":"publish","type":"post","link":"http:\/\/culturaliagz.com\/?p=6615","title":{"rendered":"VI Recital Po\u00e9tico Solidario Internacional en Vilalba"},"content":{"rendered":"\n<p><\/p>\n\n\n\n<div class=\"wp-block-image\"><figure class=\"aligncenter size-large\"><a href=\"http:\/\/culturaliagz.com\/wp-content\/uploads\/2019\/12\/7ac2b462-7f0c-40f1-894a-26fc9af82def.jpg\" target=\"_blank\" rel=\"noreferrer noopener\"><img loading=\"lazy\" decoding=\"async\" width=\"720\" height=\"1024\" src=\"http:\/\/culturaliagz.com\/wp-content\/uploads\/2019\/12\/7ac2b462-7f0c-40f1-894a-26fc9af82def-720x1024.jpg\" alt=\"\" class=\"wp-image-6616\" srcset=\"http:\/\/culturaliagz.com\/wp-content\/uploads\/2019\/12\/7ac2b462-7f0c-40f1-894a-26fc9af82def-720x1024.jpg 720w, http:\/\/culturaliagz.com\/wp-content\/uploads\/2019\/12\/7ac2b462-7f0c-40f1-894a-26fc9af82def-211x300.jpg 211w, http:\/\/culturaliagz.com\/wp-content\/uploads\/2019\/12\/7ac2b462-7f0c-40f1-894a-26fc9af82def-768x1092.jpg 768w, http:\/\/culturaliagz.com\/wp-content\/uploads\/2019\/12\/7ac2b462-7f0c-40f1-894a-26fc9af82def-1080x1536.jpg 1080w, http:\/\/culturaliagz.com\/wp-content\/uploads\/2019\/12\/7ac2b462-7f0c-40f1-894a-26fc9af82def.jpg 1440w\" sizes=\"auto, (max-width: 720px) 100vw, 720px\" \/><\/a><\/figure><\/div>\n\n\n\n<p><\/p>\n\n\n\n<p>O s\u00e1bado 21 de decembro a partir das 20:00 h., o sal\u00f3n de actos da Casa da Cultura de Vilalba  acoller\u00e1 unha nova edici\u00f3n do <strong><a href=\"http:\/\/culturaliagz.com\/wp-content\/uploads\/2019\/12\/7ac2b462-7f0c-40f1-894a-26fc9af82def.jpg\" target=\"_blank\" rel=\"noreferrer noopener\" aria-label=\"Recital Po\u00e9tico Solidario Internacional. Verso, que traes? Esperanza (se abre en una nueva pesta\u00f1a)\">Recital Po\u00e9tico Solidario Internacional. <em>Verso, que traes? Esperanza<\/em><\/a><\/strong>.<\/p>\n\n\n\n<p>Este recital, organizado pola <a href=\"https:\/\/es-es.facebook.com\/pages\/category\/Nonprofit-Organization\/AV-San-Cosme-de-Nete-1742242135991968\/\" target=\"_blank\" rel=\"noreferrer noopener\" aria-label=\"Asociaci\u00f3n de Veci\u00f1os de Nete (se abre en una nueva pesta\u00f1a)\">Asociaci\u00f3n de Veci\u00f1os de Nete<\/a> e <a href=\"http:\/\/culturaliagz.com\/\" target=\"_blank\" rel=\"noreferrer noopener\" aria-label=\"Culturalia GZ (se abre en una nueva pesta\u00f1a)\">Culturalia GZ<\/a>, e coa colaboraci\u00f3n do <a href=\"http:\/\/vilalba.org\/\" target=\"_blank\" rel=\"noreferrer noopener\" aria-label=\"Concello de Vilalba (se abre en una nueva pesta\u00f1a)\">Concello de Vilalba<\/a> e <a href=\"https:\/\/es-es.facebook.com\/Somosupec\" target=\"_blank\" rel=\"noreferrer noopener\" aria-label=\"Somos Unidos por el C\u00e1ncer (se abre en una nueva pesta\u00f1a)\">Somos Unidos por el C\u00e1ncer<\/a>, ter\u00e1 como causa solidaria <em>Poes\u00eda contra o cancro<\/em>, coa que se pretende recadar fondos para a loita contra esta enfermidade que afecta de modo xeneralizado \u00e1 poboacion.<\/p>\n\n\n\n<p>Poetas coma <em>Pilar Maseda, Ana Mar Fraga R\u00e1bade, Beatriz Dourado, Adolfina Mesa, Montse Gonz\u00e1lez \u00c1lvarez, Branca Villar, Emilia Mart\u00ednez Fuentes, Daniel Irimia,  Xes\u00fas Berm\u00fadez, Lu\u00eds Teixeiro<\/em> (e outros nomes a\u00ednda por confirmar) achegar\u00e1n os seus versos para solidarizarse na causa contra o cancro. Ademais traer\u00e1n cadanseu libro que servir\u00e1 de agasallo, despois do pertinente sorteo das entradas entre as persoas asistentes.<\/p>\n\n\n\n<p>As entradas ter\u00e1n un prezo de 5 \u20ac, ag\u00e1s para as persoas menores de 12 anos, que entrar\u00e1n de balde. A adquisici\u00f3n de ditas entradas pode facerse a trav\u00e9s da Asociaci\u00f3n de Veci\u00f1os de Nete.<\/p>\n\n\n\n<p><em>An\u00edmate e Colabora!<\/em><\/p>\n","protected":false},"excerpt":{"rendered":"<p>O s\u00e1bado 21 de decembro a partir das 20:00 h., o sal\u00f3n de actos da Casa da Cultura de Vilalba acoller\u00e1 unha nova edici\u00f3n do Recital Po\u00e9tico Solidario Internacional. Verso, [&hellip;]<\/p>\n","protected":false},"author":1,"featured_media":0,"comment_status":"open","ping_status":"open","sticky":false,"template":"","format":"standard","meta":{"_et_pb_use_builder":"","_et_pb_old_content":"","_et_gb_content_width":"","_jetpack_memberships_contains_paid_content":false,"footnotes":""},"categories":[23,7,129,6,1],"tags":[584,30,29,585,583],"class_list":["post-6615","post","type-post","status-publish","format-standard","hentry","category-autoresas","category-creacion","category-literaria","category-novas","category-xeral","tag-asociacion-de-vecinos-de-nete","tag-concello-de-vilalba","tag-culturalia-gz","tag-somos-unidos-contra-el-cancer","tag-vi-recital-poetico-solidario-internacional"],"jetpack_featured_media_url":"","jetpack_sharing_enabled":true,"_links":{"self":[{"href":"http:\/\/culturaliagz.com\/index.php?rest_route=\/wp\/v2\/posts\/6615","targetHints":{"allow":["GET"]}}],"collection":[{"href":"http:\/\/culturaliagz.com\/index.php?rest_route=\/wp\/v2\/posts"}],"about":[{"href":"http:\/\/culturaliagz.com\/index.php?rest_route=\/wp\/v2\/types\/post"}],"author":[{"embeddable":true,"href":"http:\/\/culturaliagz.com\/index.php?rest_route=\/wp\/v2\/users\/1"}],"replies":[{"embeddable":true,"href":"http:\/\/culturaliagz.com\/index.php?rest_route=%2Fwp%2Fv2%2Fcomments&post=6615"}],"version-history":[{"count":8,"href":"http:\/\/culturaliagz.com\/index.php?rest_route=\/wp\/v2\/posts\/6615\/revisions"}],"predecessor-version":[{"id":6674,"href":"http:\/\/culturaliagz.com\/index.php?rest_route=\/wp\/v2\/posts\/6615\/revisions\/6674"}],"wp:attachment":[{"href":"http:\/\/culturaliagz.com\/index.php?rest_route=%2Fwp%2Fv2%2Fmedia&parent=6615"}],"wp:term":[{"taxonomy":"category","embeddable":true,"href":"http:\/\/culturaliagz.com\/index.php?rest_route=%2Fwp%2Fv2%2Fcategories&post=6615"},{"taxonomy":"post_tag","embeddable":true,"href":"http:\/\/culturaliagz.com\/index.php?rest_route=%2Fwp%2Fv2%2Ftags&post=6615"}],"curies":[{"name":"wp","href":"https:\/\/api.w.org\/{rel}","templated":true}]}}