{"id":6590,"date":"2019-11-27T00:16:24","date_gmt":"2019-11-26T23:16:24","guid":{"rendered":"http:\/\/culturaliagz.com\/?p=6590"},"modified":"2019-11-27T00:16:26","modified_gmt":"2019-11-26T23:16:26","slug":"culturgal-2019","status":"publish","type":"post","link":"http:\/\/culturaliagz.com\/?p=6590","title":{"rendered":"CULTURGAL 2019"},"content":{"rendered":"\n<p><\/p>\n\n\n\n<div class=\"wp-block-image\"><figure class=\"aligncenter size-large\"><img loading=\"lazy\" decoding=\"async\" width=\"248\" height=\"149\" src=\"http:\/\/culturaliagz.com\/wp-content\/uploads\/2019\/11\/CULTURGAL-2019.png\" alt=\"\" class=\"wp-image-6591\"\/><\/figure><\/div>\n\n\n\n<p><\/p>\n\n\n\n<p><a href=\"https:\/\/v2.culturgal.com\/\" target=\"_blank\" rel=\"noreferrer noopener\" aria-label=\"Culturgal  (se abre en una nueva pesta\u00f1a)\">Culturgal <\/a>\u00e9 a Feira da actividade cultural en Galicia; unha cita de referencia que en 2019 se celebra do 29 de novembro ao 1 de decembro no Pazo da Cultura de Pontevedra co lema \u201cD\u00e1lle unha volta \u00e1 Feira!\u201d. Durante 3 d\u00edas a Feira presenta un programa de actividades que se espallan polos diferentes escenarios: Carpa, Libro, Foro, Familiar, Audiovisual, Arte Contempor\u00e1nea. En total, m\u00e1is de cen actos e actividades nunha programaci\u00f3n que se constr\u00fae coas propostas de empresas, artistas e instituci\u00f3ns. Milleiros de persoas gozan cada ano dunha Feira que, cunha entrada a prezo popular, permite descubrir que \u00e9 o se fai e que \u00e9 o que vai vir no \u00e1mbito cultural en Galicia. Culturgal conta co apoio da Xunta de Galicia, Concello de Pontevedra, Deputaci\u00f3n de Pontevedra e Ministerio de Cultura.<\/p>\n\n\n\n<p>Velaqu\u00ed o enlace ao programa do <a href=\"http:\/\/culturaliagz.com\/wp-content\/uploads\/2019\/11\/Programa_culturgal_2019.pdf\" target=\"_blank\" rel=\"noreferrer noopener\" aria-label=\"CULTURGAL 2019 (se abre en una nueva pesta\u00f1a)\">CULTURGAL 2019<\/a>.<\/p>\n\n\n\n<p><\/p>\n\n\n\n<p><em>*Informaci\u00f3n recollida desde CULTURGAL.<\/em><\/p>\n","protected":false},"excerpt":{"rendered":"<p>Culturgal \u00e9 a Feira da actividade cultural en Galicia; unha cita de referencia que en 2019 se celebra do 29 de novembro ao 1 de decembro no Pazo da Cultura [&hellip;]<\/p>\n","protected":false},"author":1,"featured_media":0,"comment_status":"open","ping_status":"open","sticky":false,"template":"","format":"standard","meta":{"_et_pb_use_builder":"","_et_pb_old_content":"","_et_gb_content_width":"","_jetpack_memberships_contains_paid_content":false,"footnotes":""},"categories":[23,7,129,6,1],"tags":[579],"class_list":["post-6590","post","type-post","status-publish","format-standard","hentry","category-autoresas","category-creacion","category-literaria","category-novas","category-xeral","tag-culturgal-2019"],"jetpack_featured_media_url":"","jetpack_sharing_enabled":true,"_links":{"self":[{"href":"http:\/\/culturaliagz.com\/index.php?rest_route=\/wp\/v2\/posts\/6590","targetHints":{"allow":["GET"]}}],"collection":[{"href":"http:\/\/culturaliagz.com\/index.php?rest_route=\/wp\/v2\/posts"}],"about":[{"href":"http:\/\/culturaliagz.com\/index.php?rest_route=\/wp\/v2\/types\/post"}],"author":[{"embeddable":true,"href":"http:\/\/culturaliagz.com\/index.php?rest_route=\/wp\/v2\/users\/1"}],"replies":[{"embeddable":true,"href":"http:\/\/culturaliagz.com\/index.php?rest_route=%2Fwp%2Fv2%2Fcomments&post=6590"}],"version-history":[{"count":2,"href":"http:\/\/culturaliagz.com\/index.php?rest_route=\/wp\/v2\/posts\/6590\/revisions"}],"predecessor-version":[{"id":6594,"href":"http:\/\/culturaliagz.com\/index.php?rest_route=\/wp\/v2\/posts\/6590\/revisions\/6594"}],"wp:attachment":[{"href":"http:\/\/culturaliagz.com\/index.php?rest_route=%2Fwp%2Fv2%2Fmedia&parent=6590"}],"wp:term":[{"taxonomy":"category","embeddable":true,"href":"http:\/\/culturaliagz.com\/index.php?rest_route=%2Fwp%2Fv2%2Fcategories&post=6590"},{"taxonomy":"post_tag","embeddable":true,"href":"http:\/\/culturaliagz.com\/index.php?rest_route=%2Fwp%2Fv2%2Ftags&post=6590"}],"curies":[{"name":"wp","href":"https:\/\/api.w.org\/{rel}","templated":true}]}}