{"id":6583,"date":"2019-11-26T23:13:39","date_gmt":"2019-11-26T22:13:39","guid":{"rendered":"http:\/\/culturaliagz.com\/?p=6583"},"modified":"2019-11-26T23:18:34","modified_gmt":"2019-11-26T22:18:34","slug":"aelg-actividades-da-semana-do-25-11-a-01-12","status":"publish","type":"post","link":"http:\/\/culturaliagz.com\/?p=6583","title":{"rendered":"AELG.- Actividades da semana do 25\/11 a 01\/12"},"content":{"rendered":"\n<p><\/p>\n\n\n\n<figure class=\"wp-block-gallery aligncenter columns-2 is-cropped wp-block-gallery-1 is-layout-flex wp-block-gallery-is-layout-flex\"><ul class=\"blocks-gallery-grid\"><li class=\"blocks-gallery-item\"><figure><a href=\"http:\/\/culturaliagz.com\/wp-content\/uploads\/2019\/11\/C\u00d3NTAMO-CUN-CONTO.jpg\"><img loading=\"lazy\" decoding=\"async\" width=\"720\" height=\"1024\" src=\"http:\/\/culturaliagz.com\/wp-content\/uploads\/2019\/11\/C\u00d3NTAMO-CUN-CONTO-720x1024.jpg\" alt=\"\" data-id=\"6584\" data-full-url=\"http:\/\/culturaliagz.com\/wp-content\/uploads\/2019\/11\/C\u00d3NTAMO-CUN-CONTO.jpg\" data-link=\"http:\/\/culturaliagz.com\/?attachment_id=6584\" class=\"wp-image-6584\" srcset=\"http:\/\/culturaliagz.com\/wp-content\/uploads\/2019\/11\/C\u00d3NTAMO-CUN-CONTO-720x1024.jpg 720w, http:\/\/culturaliagz.com\/wp-content\/uploads\/2019\/11\/C\u00d3NTAMO-CUN-CONTO-211x300.jpg 211w, http:\/\/culturaliagz.com\/wp-content\/uploads\/2019\/11\/C\u00d3NTAMO-CUN-CONTO-768x1092.jpg 768w, http:\/\/culturaliagz.com\/wp-content\/uploads\/2019\/11\/C\u00d3NTAMO-CUN-CONTO.jpg 1080w\" sizes=\"auto, (max-width: 720px) 100vw, 720px\" \/><\/a><\/figure><\/li><li class=\"blocks-gallery-item\"><figure><a href=\"http:\/\/culturaliagz.com\/wp-content\/uploads\/2019\/11\/PASEOS-POLA-CORU\u00d1A-LITERARIA2.jpg\"><img loading=\"lazy\" decoding=\"async\" width=\"724\" height=\"1024\" src=\"http:\/\/culturaliagz.com\/wp-content\/uploads\/2019\/11\/PASEOS-POLA-CORU\u00d1A-LITERARIA2-724x1024.jpg\" alt=\"\" data-id=\"6585\" data-full-url=\"http:\/\/culturaliagz.com\/wp-content\/uploads\/2019\/11\/PASEOS-POLA-CORU\u00d1A-LITERARIA2.jpg\" data-link=\"http:\/\/culturaliagz.com\/?attachment_id=6585\" class=\"wp-image-6585\" srcset=\"http:\/\/culturaliagz.com\/wp-content\/uploads\/2019\/11\/PASEOS-POLA-CORU\u00d1A-LITERARIA2-724x1024.jpg 724w, http:\/\/culturaliagz.com\/wp-content\/uploads\/2019\/11\/PASEOS-POLA-CORU\u00d1A-LITERARIA2-212x300.jpg 212w, http:\/\/culturaliagz.com\/wp-content\/uploads\/2019\/11\/PASEOS-POLA-CORU\u00d1A-LITERARIA2-768x1086.jpg 768w, http:\/\/culturaliagz.com\/wp-content\/uploads\/2019\/11\/PASEOS-POLA-CORU\u00d1A-LITERARIA2.jpg 1000w\" sizes=\"auto, (max-width: 724px) 100vw, 724px\" \/><\/a><\/figure><\/li><\/ul><\/figure>\n\n\n\n<ul class=\"wp-block-list\"><li>Hoxe, martes 26 de novembro, \u00e1s 12.30, conferencia&nbsp;<a rel=\"noreferrer noopener\" aria-label=\" (se abre en una nueva pesta\u00f1a)\" href=\"https:\/\/www.aelg.gal\/actividades\/outras-actividades\/2019\/11\/26\/contamo-cun-conto-os-mecanismos-da-narracion-oral\" target=\"_blank\">C\u00f3ntamo cun conto. Os mecanismos da narraci\u00f3n oral<\/a> a cargo de&nbsp;<em><a rel=\"noreferrer noopener\" aria-label=\" (se abre en una nueva pesta\u00f1a)\" href=\"https:\/\/www.aelg.gal\/centro-documentacion\/autores-as\/paula-carballeira\" target=\"_blank\">Paula Carballeira<\/a>.<\/em>&nbsp;Ser\u00e1 no&nbsp;sal\u00f3n de actos da&nbsp;<a rel=\"noreferrer noopener\" aria-label=\" (se abre en una nueva pesta\u00f1a)\" href=\"https:\/\/www.escuelamagisterioceuvigo.es\/\" target=\"_blank\">Escola Universitaria CEU de Maxisterio<\/a>&nbsp;&nbsp;<em>(Estrada Vella de Madrid, 8, Vigo &#8211;<a rel=\"noreferrer noopener\" aria-label=\" (se abre en una nueva pesta\u00f1a)\" href=\"https:\/\/www.google.com\/maps\/place\/Estrada+Vella+de+Madrid,+8,+36214+Vigo,+Pontevedra\/@42.2147959,-8.7020949,17z\/data=!3m1!4b1!4m5!3m4!1s0xd25882c15307b89:0x6a8cb1018b7a5f0f!8m2!3d42.2147959!4d-8.6999062\" target=\"_blank\">como chegar<\/a>).<\/em><\/li><li>O s\u00e1bado, 30 de novembro, \u00faltimo <a rel=\"noreferrer noopener\" aria-label=\" (se abre en una nueva pesta\u00f1a)\" href=\"https:\/\/www.aelg.gal\/actividades\/paseos-literarios\/2019\/10\/26\/paseos-pola-coruna-literaria-outono-2019\" target=\"_blank\">Paseo pola Coru\u00f1a Literaria Outono 2019<\/a>, que&nbsp;Antonio Sandoval guiar\u00e1 con t\u00edtulo&nbsp;<em>As naturezas da Torre<\/em>. Percorreremos os campos que rodean a Torre de H\u00e9rcules para co\u00f1ecer a s\u00faa rica biodiversidade, que motivou a s\u00faa declaraci\u00f3n como Espazo Natural de Interese Local. Tam\u00e9n charlaremos acerca dalgunhas das s\u00faas lendas e, en particular, sobre un poema moi    especial, as\u00ed como sobre a literatura de natureza, un x\u00e9nero en auxe e      cada vez m\u00e1is necesario. Ademais escoitaremos o vento, o mar e uns cantos paxaros!<br>A&nbsp;inscrici\u00f3n&nbsp;p\u00f3dese facer en Normalizaci\u00f3n Ling\u00fc\u00edstica, no Centro \u00c1gora, chamando ao&nbsp;981 184 200 ext. 34322&nbsp;(a partir das 9:00 h, en calquera dos casos) e no correo <a rel=\"noreferrer noopener\" aria-label=\" (se abre en una nueva pesta\u00f1a)\" href=\"mailto:lingua@coruna.es\" target=\"_blank\">lingua@coruna.es<\/a>.<\/li><li>Seguen en desenvolvemento tres obradoiros de creaci\u00f3n literaria da Escola de Escritoras-es da AELG, en <a rel=\"noreferrer noopener\" aria-label=\" (se abre en una nueva pesta\u00f1a)\" href=\"https:\/\/www.aelg.gal\/actividades\/escola-de-escritoras-e-escritores-da-aelg\/2019\/9\/28\/escola-de-escritors-obradoiro-de-creacion-literaria-a-vida-unha-narrativa-con-henrique-dacosta\" target=\"_blank\">San Sadurni\u00f1o<\/a>, <a rel=\"noreferrer noopener\" aria-label=\" (se abre en una nueva pesta\u00f1a)\" href=\"https:\/\/www.aelg.gal\/actividades\/escola-de-escritoras-e-escritores-da-aelg\/2019\/10\/5\/escola-de-escritors-obradoiro-de-creacion-literaria-con-anton-riveiro-coello-as-linas-no-espello\" target=\"_blank\">Rianxo<\/a>&nbsp;e      <a rel=\"noreferrer noopener\" aria-label=\" (se abre en una nueva pesta\u00f1a)\" href=\"https:\/\/www.aelg.gal\/actividades\/escola-de-escritoras-e-escritores-da-aelg\/2019\/10\/25\/escola-de-escritors-obradoiro-poeticas-rebeldes-poesia-infantil-e-xuvenil-con-fran-alonso\" target=\"_blank\">Pontevedra<\/a>.<\/li><\/ul>\n\n\n\n<p><em>*Informaci\u00f3n facilitada desde a Secretar\u00eda T\u00e9cnica da AELG.<\/em><\/p>\n","protected":false},"excerpt":{"rendered":"<p>Hoxe, martes 26 de novembro, \u00e1s 12.30, conferencia&nbsp;C\u00f3ntamo cun conto. Os mecanismos da narraci\u00f3n oral a cargo de&nbsp;Paula Carballeira.&nbsp;Ser\u00e1 no&nbsp;sal\u00f3n de actos da&nbsp;Escola Universitaria CEU de Maxisterio&nbsp;&nbsp;(Estrada Vella de Madrid, [&hellip;]<\/p>\n","protected":false},"author":1,"featured_media":0,"comment_status":"open","ping_status":"open","sticky":false,"template":"","format":"standard","meta":{"_et_pb_use_builder":"","_et_pb_old_content":"","_et_gb_content_width":"","_jetpack_memberships_contains_paid_content":false,"footnotes":""},"categories":[23,7,129,6,1],"tags":[31,578,577],"class_list":["post-6583","post","type-post","status-publish","format-standard","hentry","category-autoresas","category-creacion","category-literaria","category-novas","category-xeral","tag-aelg","tag-paseos-pola-coruna-literaria","tag-paula-carballeira"],"jetpack_featured_media_url":"","jetpack_sharing_enabled":true,"_links":{"self":[{"href":"http:\/\/culturaliagz.com\/index.php?rest_route=\/wp\/v2\/posts\/6583","targetHints":{"allow":["GET"]}}],"collection":[{"href":"http:\/\/culturaliagz.com\/index.php?rest_route=\/wp\/v2\/posts"}],"about":[{"href":"http:\/\/culturaliagz.com\/index.php?rest_route=\/wp\/v2\/types\/post"}],"author":[{"embeddable":true,"href":"http:\/\/culturaliagz.com\/index.php?rest_route=\/wp\/v2\/users\/1"}],"replies":[{"embeddable":true,"href":"http:\/\/culturaliagz.com\/index.php?rest_route=%2Fwp%2Fv2%2Fcomments&post=6583"}],"version-history":[{"count":4,"href":"http:\/\/culturaliagz.com\/index.php?rest_route=\/wp\/v2\/posts\/6583\/revisions"}],"predecessor-version":[{"id":6589,"href":"http:\/\/culturaliagz.com\/index.php?rest_route=\/wp\/v2\/posts\/6583\/revisions\/6589"}],"wp:attachment":[{"href":"http:\/\/culturaliagz.com\/index.php?rest_route=%2Fwp%2Fv2%2Fmedia&parent=6583"}],"wp:term":[{"taxonomy":"category","embeddable":true,"href":"http:\/\/culturaliagz.com\/index.php?rest_route=%2Fwp%2Fv2%2Fcategories&post=6583"},{"taxonomy":"post_tag","embeddable":true,"href":"http:\/\/culturaliagz.com\/index.php?rest_route=%2Fwp%2Fv2%2Ftags&post=6583"}],"curies":[{"name":"wp","href":"https:\/\/api.w.org\/{rel}","templated":true}]}}