{"id":6580,"date":"2019-11-26T22:53:22","date_gmt":"2019-11-26T21:53:22","guid":{"rendered":"http:\/\/culturaliagz.com\/?p=6580"},"modified":"2019-11-26T22:53:24","modified_gmt":"2019-11-26T21:53:24","slug":"a-casa-museo-manuel-maria-organiza-a-andaina-polos-caminos-da-tribo","status":"publish","type":"post","link":"http:\/\/culturaliagz.com\/?p=6580","title":{"rendered":"A Casa-Museo Manuel Mar\u00eda organiza a andaina Polos Cami\u00f1os da Tribo"},"content":{"rendered":"\n<p><\/p>\n\n\n\n<div class=\"wp-block-image\"><figure class=\"aligncenter size-large\"><img loading=\"lazy\" decoding=\"async\" width=\"1024\" height=\"684\" src=\"http:\/\/culturaliagz.com\/wp-content\/uploads\/2019\/11\/ANDAINA-POLOS-CAMI\u00d1OS-DA-TRIBO-1024x684.jpg\" alt=\"\" class=\"wp-image-6581\" srcset=\"http:\/\/culturaliagz.com\/wp-content\/uploads\/2019\/11\/ANDAINA-POLOS-CAMI\u00d1OS-DA-TRIBO-1024x684.jpg 1024w, http:\/\/culturaliagz.com\/wp-content\/uploads\/2019\/11\/ANDAINA-POLOS-CAMI\u00d1OS-DA-TRIBO-300x200.jpg 300w, http:\/\/culturaliagz.com\/wp-content\/uploads\/2019\/11\/ANDAINA-POLOS-CAMI\u00d1OS-DA-TRIBO-768x513.jpg 768w, http:\/\/culturaliagz.com\/wp-content\/uploads\/2019\/11\/ANDAINA-POLOS-CAMI\u00d1OS-DA-TRIBO-1080x721.jpg 1080w, http:\/\/culturaliagz.com\/wp-content\/uploads\/2019\/11\/ANDAINA-POLOS-CAMI\u00d1OS-DA-TRIBO.jpg 1150w\" sizes=\"auto, (max-width: 1024px) 100vw, 1024px\" \/><\/figure><\/div>\n\n\n\n<p><\/p>\n\n\n\n<p><strong>A <a href=\"http:\/\/www.casamuseomanuelmaria.gal\/portada.htm\" target=\"_blank\" rel=\"noreferrer noopener\" aria-label=\"CASA-MUSEO MANUEL MAR\u00cdA (se abre en una nueva pesta\u00f1a)\">CASA-MUSEO MANUEL MAR\u00cdA<\/a> ORGANIZA PARA ESTE DOMINGO UNHA CAMI\u00d1ADA POR ALG\u00daNS DOS LUGARES DE OUTEIRO DE REI M\u00c1IS \u00cdNTIMOS DE MANUEL MAR\u00cdA<\/strong><\/p>\n\n\n\n<p>A actividade, que leva por t\u00edtulo<a href=\"http:\/\/www.casamuseomanuelmaria.gal\/actividades\/caminada-por-alguns-dos-lugares-de-outeiro-de-rei-mais-intimos-de-manuel-maria.htm?tipo=ACTIVIDADE\" target=\"_blank\" rel=\"noreferrer noopener\" aria-label=\" \u201cPolos cami\u00f1os da tribo\u201d (se abre en una nueva pesta\u00f1a)\"> \u201cPolos cami\u00f1os da tribo\u201d<\/a>, ser\u00e1 guiada e dinamizada por Orlando Viveiro, estudoso e divulgador cultural. O percurso, de seis quil\u00f3metros, e cunha dificultade baixa, ter\u00e1 a s\u00faa sa\u00edda \u00e1s 10 hrs, desde a Casa-Museo, e a s\u00faa chegada ao mesmo lugar entre as 12.30-13.00 hrs<br><\/p>\n\n\n\n<p>O regato do Cepelo, A Barciela, as beiras do Mi\u00f1o, o Campo de Santa Isabel&#8230;ser\u00e1n alg\u00fans dos lugares polos que pasar\u00e1n as persoas que participen no roteiro, en que se intercalar\u00e1n explicaci\u00f3ns do patrimonio natural e cultural do lugar coa lectura dalg\u00fans poemas e textos de Manuel Mar\u00eda. Outeiro de Rei, cos seus distintos espazos e persoeiros, significou para Manuel Mar\u00eda non s\u00f3 o inicio vital, sen\u00f3n tam\u00e9n as primeiras descubertas e enso\u00f1ares para a s\u00faa creaci\u00f3n literaria.<\/p>\n\n\n\n<p>A actividade \u00e9 gratu\u00edta e c\u00f3mpre inscribirse en\u00a0<a rel=\"noreferrer noopener\" href=\"mailto:contacto@casamuseomanuelmaria.gal\" target=\"_blank\">contacto@casamuseomanuelmaria.gal<\/a><\/p>\n\n\n\n<p><\/p>\n\n\n\n<p><em>*Informaci\u00f3n desde a Casa-Museo Manuel Mar\u00eda<\/em>.<\/p>\n","protected":false},"excerpt":{"rendered":"<p>A CASA-MUSEO MANUEL MAR\u00cdA ORGANIZA PARA ESTE DOMINGO UNHA CAMI\u00d1ADA POR ALG\u00daNS DOS LUGARES DE OUTEIRO DE REI M\u00c1IS \u00cdNTIMOS DE MANUEL MAR\u00cdA A actividade, que leva por t\u00edtulo \u201cPolos [&hellip;]<\/p>\n","protected":false},"author":1,"featured_media":0,"comment_status":"open","ping_status":"open","sticky":false,"template":"","format":"standard","meta":{"_et_pb_use_builder":"","_et_pb_old_content":"","_et_gb_content_width":"","_jetpack_memberships_contains_paid_content":false,"footnotes":""},"categories":[23,7,6,1],"tags":[190,576],"class_list":["post-6580","post","type-post","status-publish","format-standard","hentry","category-autoresas","category-creacion","category-novas","category-xeral","tag-casa-museo-manuel-maria","tag-polos-caminos-da-tribo"],"jetpack_featured_media_url":"","jetpack_sharing_enabled":true,"_links":{"self":[{"href":"http:\/\/culturaliagz.com\/index.php?rest_route=\/wp\/v2\/posts\/6580","targetHints":{"allow":["GET"]}}],"collection":[{"href":"http:\/\/culturaliagz.com\/index.php?rest_route=\/wp\/v2\/posts"}],"about":[{"href":"http:\/\/culturaliagz.com\/index.php?rest_route=\/wp\/v2\/types\/post"}],"author":[{"embeddable":true,"href":"http:\/\/culturaliagz.com\/index.php?rest_route=\/wp\/v2\/users\/1"}],"replies":[{"embeddable":true,"href":"http:\/\/culturaliagz.com\/index.php?rest_route=%2Fwp%2Fv2%2Fcomments&post=6580"}],"version-history":[{"count":1,"href":"http:\/\/culturaliagz.com\/index.php?rest_route=\/wp\/v2\/posts\/6580\/revisions"}],"predecessor-version":[{"id":6582,"href":"http:\/\/culturaliagz.com\/index.php?rest_route=\/wp\/v2\/posts\/6580\/revisions\/6582"}],"wp:attachment":[{"href":"http:\/\/culturaliagz.com\/index.php?rest_route=%2Fwp%2Fv2%2Fmedia&parent=6580"}],"wp:term":[{"taxonomy":"category","embeddable":true,"href":"http:\/\/culturaliagz.com\/index.php?rest_route=%2Fwp%2Fv2%2Fcategories&post=6580"},{"taxonomy":"post_tag","embeddable":true,"href":"http:\/\/culturaliagz.com\/index.php?rest_route=%2Fwp%2Fv2%2Ftags&post=6580"}],"curies":[{"name":"wp","href":"https:\/\/api.w.org\/{rel}","templated":true}]}}