{"id":6557,"date":"2019-11-20T19:16:48","date_gmt":"2019-11-20T18:16:48","guid":{"rendered":"http:\/\/culturaliagz.com\/?p=6557"},"modified":"2019-11-20T19:16:50","modified_gmt":"2019-11-20T18:16:50","slug":"o-espectaculo-historias-con-susto-para-durmir-a-gusto-este-sabado-na-casa-museo-manuel-maria","status":"publish","type":"post","link":"http:\/\/culturaliagz.com\/?p=6557","title":{"rendered":"O espect\u00e1culo &#8220;Historias con susto para durmir a gusto&#8221; este s\u00e1bado na Casa-Museo Manuel Mar\u00eda"},"content":{"rendered":"\n<p><\/p>\n\n\n\n<div class=\"wp-block-image\"><figure class=\"aligncenter size-large\"><img loading=\"lazy\" decoding=\"async\" width=\"549\" height=\"768\" src=\"http:\/\/culturaliagz.com\/wp-content\/uploads\/2019\/11\/historias-con-susto2.jpg\" alt=\"\" class=\"wp-image-6558\" srcset=\"http:\/\/culturaliagz.com\/wp-content\/uploads\/2019\/11\/historias-con-susto2.jpg 549w, http:\/\/culturaliagz.com\/wp-content\/uploads\/2019\/11\/historias-con-susto2-214x300.jpg 214w\" sizes=\"auto, (max-width: 549px) 100vw, 549px\" \/><\/figure><\/div>\n\n\n\n<p><\/p>\n\n\n\n<p>HISTORIAS CON SUSTO PARA DURMIR A GUSTO, con Vero Rilo e Sonsoles Penadique <\/p>\n\n\n\n<p>O novo espect\u00e1culo da contadora Vero Rilo e da int\u00e9rprete musical Sonsoles Penadique <strong><em><a href=\"http:\/\/www.casamuseomanuelmaria.gal\/actividades\/historias-con-susto-para-durmir-a-gusto.htm?tipo=ACTIVIDADE\" target=\"_blank\" rel=\"noreferrer noopener\" aria-label=\"Historias con susto para durmir a gusto (se abre en una nueva pesta\u00f1a)\">Historias con susto para durmir a gusto<\/a><\/em><\/strong> chega este s\u00e1bado, \u00e1s 18 hrs, \u00e1 <a href=\"http:\/\/www.casamuseomanuelmaria.gal\/portada.htm\" target=\"_blank\" rel=\"noreferrer noopener\" aria-label=\"Casa-Museo Manuel Mar\u00eda (se abre en una nueva pesta\u00f1a)\">Casa-Museo Manuel Mar\u00eda<\/a>. A nova proposta, chea de humor e medo, vai dirixida para p\u00fablico familiar (a partir de 5 anos).<br><br>Tr\u00e1tase dun espect\u00e1culo que se desenvolve na escuridade e en que a compa\u00f1\u00eda prepara o ambiente para ofrecer a s\u00faa peculiar ollada sobre as historias de sempre, fuxindo do politicamente correcto que non deixa de ver fantasmas onde non os hai. <br> <br>Vero Rilo e Sonsoles Penedique, o amor pola literatura e a palabra dita co amor pola m\u00fasica e o universo da infancia, ve\u00f1en colaborando, nos \u00faltimos anos, en distintos proxectos onde combinan a narraci\u00f3n, o canto e a m\u00fasica de historias e contos dirixidos \u00e1s crianzas.<br> <br>As entradas p\u00f3dense reservar en <a rel=\"noreferrer noopener\" href=\"mailto:contacto@casamuseomanuelmaria.gal\" target=\"_blank\">contacto@casamuseomanuelmaria.gal<\/a> e o prezo de billete \u00e9 de 2 euros.<br><\/p>\n\n\n\n<p><\/p>\n\n\n\n<p><em>*Informaci\u00f3n facilitada pola Casa-Museo Manuel Mar\u00eda.<\/em><\/p>\n","protected":false},"excerpt":{"rendered":"<p>HISTORIAS CON SUSTO PARA DURMIR A GUSTO, con Vero Rilo e Sonsoles Penadique O novo espect\u00e1culo da contadora Vero Rilo e da int\u00e9rprete musical Sonsoles Penadique Historias con susto para [&hellip;]<\/p>\n","protected":false},"author":1,"featured_media":0,"comment_status":"open","ping_status":"open","sticky":false,"template":"","format":"standard","meta":{"_et_pb_use_builder":"","_et_pb_old_content":"","_et_gb_content_width":"","_jetpack_memberships_contains_paid_content":false,"footnotes":""},"categories":[23,7,6,1],"tags":[190,571,572,422],"class_list":["post-6557","post","type-post","status-publish","format-standard","hentry","category-autoresas","category-creacion","category-novas","category-xeral","tag-casa-museo-manuel-maria","tag-historias-con-susto-para-durmir-a-gusto","tag-sonsoles-penadique","tag-vero-rilo"],"jetpack_featured_media_url":"","jetpack_sharing_enabled":true,"_links":{"self":[{"href":"http:\/\/culturaliagz.com\/index.php?rest_route=\/wp\/v2\/posts\/6557","targetHints":{"allow":["GET"]}}],"collection":[{"href":"http:\/\/culturaliagz.com\/index.php?rest_route=\/wp\/v2\/posts"}],"about":[{"href":"http:\/\/culturaliagz.com\/index.php?rest_route=\/wp\/v2\/types\/post"}],"author":[{"embeddable":true,"href":"http:\/\/culturaliagz.com\/index.php?rest_route=\/wp\/v2\/users\/1"}],"replies":[{"embeddable":true,"href":"http:\/\/culturaliagz.com\/index.php?rest_route=%2Fwp%2Fv2%2Fcomments&post=6557"}],"version-history":[{"count":1,"href":"http:\/\/culturaliagz.com\/index.php?rest_route=\/wp\/v2\/posts\/6557\/revisions"}],"predecessor-version":[{"id":6559,"href":"http:\/\/culturaliagz.com\/index.php?rest_route=\/wp\/v2\/posts\/6557\/revisions\/6559"}],"wp:attachment":[{"href":"http:\/\/culturaliagz.com\/index.php?rest_route=%2Fwp%2Fv2%2Fmedia&parent=6557"}],"wp:term":[{"taxonomy":"category","embeddable":true,"href":"http:\/\/culturaliagz.com\/index.php?rest_route=%2Fwp%2Fv2%2Fcategories&post=6557"},{"taxonomy":"post_tag","embeddable":true,"href":"http:\/\/culturaliagz.com\/index.php?rest_route=%2Fwp%2Fv2%2Ftags&post=6557"}],"curies":[{"name":"wp","href":"https:\/\/api.w.org\/{rel}","templated":true}]}}