{"id":6540,"date":"2019-11-19T18:12:39","date_gmt":"2019-11-19T17:12:39","guid":{"rendered":"http:\/\/culturaliagz.com\/?p=6540"},"modified":"2019-11-19T18:12:41","modified_gmt":"2019-11-19T17:12:41","slug":"curtametraxes-galegas-recentes-protagonizan-o-galician-filmforum-de-londres","status":"publish","type":"post","link":"http:\/\/culturaliagz.com\/?p=6540","title":{"rendered":"Curtametraxes galegas recentes protagonizan o Galician FilmForum de Londres"},"content":{"rendered":"\n<p><\/p>\n\n\n\n<figure class=\"wp-block-gallery aligncenter columns-3 is-cropped wp-block-gallery-1 is-layout-flex wp-block-gallery-is-layout-flex\"><ul class=\"blocks-gallery-grid\"><li class=\"blocks-gallery-item\"><figure><a href=\"http:\/\/culturaliagz.com\/wp-content\/uploads\/2019\/11\/A-nena-azul-1024x429.jpg\"><img loading=\"lazy\" decoding=\"async\" width=\"1024\" height=\"429\" src=\"http:\/\/culturaliagz.com\/wp-content\/uploads\/2019\/11\/A-nena-azul-1024x429.jpg\" alt=\"\" data-id=\"6541\" data-link=\"http:\/\/culturaliagz.com\/?attachment_id=6541\" class=\"wp-image-6541\" srcset=\"http:\/\/culturaliagz.com\/wp-content\/uploads\/2019\/11\/A-nena-azul-1024x429.jpg 1024w, http:\/\/culturaliagz.com\/wp-content\/uploads\/2019\/11\/A-nena-azul-300x126.jpg 300w, http:\/\/culturaliagz.com\/wp-content\/uploads\/2019\/11\/A-nena-azul-768x322.jpg 768w, http:\/\/culturaliagz.com\/wp-content\/uploads\/2019\/11\/A-nena-azul-1536x644.jpg 1536w, http:\/\/culturaliagz.com\/wp-content\/uploads\/2019\/11\/A-nena-azul-1080x452.jpg 1080w, http:\/\/culturaliagz.com\/wp-content\/uploads\/2019\/11\/A-nena-azul.jpg 2048w\" sizes=\"auto, (max-width: 1024px) 100vw, 1024px\" \/><\/a><\/figure><\/li><li class=\"blocks-gallery-item\"><figure><a href=\"http:\/\/culturaliagz.com\/wp-content\/uploads\/2019\/11\/ANenaAzul_directora_SandraSanchez-1024x683.jpeg\"><img loading=\"lazy\" decoding=\"async\" width=\"1024\" height=\"683\" src=\"http:\/\/culturaliagz.com\/wp-content\/uploads\/2019\/11\/ANenaAzul_directora_SandraSanchez-1024x683.jpeg\" alt=\"\" data-id=\"6542\" data-link=\"http:\/\/culturaliagz.com\/?attachment_id=6542\" class=\"wp-image-6542\" srcset=\"http:\/\/culturaliagz.com\/wp-content\/uploads\/2019\/11\/ANenaAzul_directora_SandraSanchez-1024x683.jpeg 1024w, http:\/\/culturaliagz.com\/wp-content\/uploads\/2019\/11\/ANenaAzul_directora_SandraSanchez-300x200.jpeg 300w, http:\/\/culturaliagz.com\/wp-content\/uploads\/2019\/11\/ANenaAzul_directora_SandraSanchez-768x512.jpeg 768w, http:\/\/culturaliagz.com\/wp-content\/uploads\/2019\/11\/ANenaAzul_directora_SandraSanchez-1080x720.jpeg 1080w, http:\/\/culturaliagz.com\/wp-content\/uploads\/2019\/11\/ANenaAzul_directora_SandraSanchez.jpeg 1500w\" sizes=\"auto, (max-width: 1024px) 100vw, 1024px\" \/><\/a><\/figure><\/li><li class=\"blocks-gallery-item\"><figure><a href=\"http:\/\/culturaliagz.com\/wp-content\/uploads\/2019\/11\/Beautiful-Boy-1024x432.jpg\"><img loading=\"lazy\" decoding=\"async\" width=\"1024\" height=\"432\" src=\"http:\/\/culturaliagz.com\/wp-content\/uploads\/2019\/11\/Beautiful-Boy-1024x432.jpg\" alt=\"\" data-id=\"6543\" data-link=\"http:\/\/culturaliagz.com\/?attachment_id=6543\" class=\"wp-image-6543\" srcset=\"http:\/\/culturaliagz.com\/wp-content\/uploads\/2019\/11\/Beautiful-Boy-1024x432.jpg 1024w, http:\/\/culturaliagz.com\/wp-content\/uploads\/2019\/11\/Beautiful-Boy-300x127.jpg 300w, http:\/\/culturaliagz.com\/wp-content\/uploads\/2019\/11\/Beautiful-Boy-768x324.jpg 768w, http:\/\/culturaliagz.com\/wp-content\/uploads\/2019\/11\/Beautiful-Boy-1536x648.jpg 1536w, http:\/\/culturaliagz.com\/wp-content\/uploads\/2019\/11\/Beautiful-Boy-1080x456.jpg 1080w, http:\/\/culturaliagz.com\/wp-content\/uploads\/2019\/11\/Beautiful-Boy.jpg 1920w\" sizes=\"auto, (max-width: 1024px) 100vw, 1024px\" \/><\/a><\/figure><\/li><li class=\"blocks-gallery-item\"><figure><a href=\"http:\/\/culturaliagz.com\/wp-content\/uploads\/2019\/11\/Limbo-1024x576.jpg\"><img loading=\"lazy\" decoding=\"async\" width=\"1024\" height=\"576\" src=\"http:\/\/culturaliagz.com\/wp-content\/uploads\/2019\/11\/Limbo-1024x576.jpg\" alt=\"\" data-id=\"6544\" data-link=\"http:\/\/culturaliagz.com\/?attachment_id=6544\" class=\"wp-image-6544\" srcset=\"http:\/\/culturaliagz.com\/wp-content\/uploads\/2019\/11\/Limbo-1024x576.jpg 1024w, http:\/\/culturaliagz.com\/wp-content\/uploads\/2019\/11\/Limbo-300x169.jpg 300w, http:\/\/culturaliagz.com\/wp-content\/uploads\/2019\/11\/Limbo-768x432.jpg 768w, http:\/\/culturaliagz.com\/wp-content\/uploads\/2019\/11\/Limbo-1536x864.jpg 1536w, http:\/\/culturaliagz.com\/wp-content\/uploads\/2019\/11\/Limbo-1080x608.jpg 1080w, http:\/\/culturaliagz.com\/wp-content\/uploads\/2019\/11\/Limbo.jpg 1920w\" sizes=\"auto, (max-width: 1024px) 100vw, 1024px\" \/><\/a><\/figure><\/li><li class=\"blocks-gallery-item\"><figure><a href=\"http:\/\/culturaliagz.com\/wp-content\/uploads\/2019\/11\/Marus\u00eda-1024x437.jpg\"><img loading=\"lazy\" decoding=\"async\" width=\"1024\" height=\"437\" src=\"http:\/\/culturaliagz.com\/wp-content\/uploads\/2019\/11\/Marus\u00eda-1024x437.jpg\" alt=\"\" data-id=\"6545\" data-link=\"http:\/\/culturaliagz.com\/?attachment_id=6545\" class=\"wp-image-6545\" srcset=\"http:\/\/culturaliagz.com\/wp-content\/uploads\/2019\/11\/Marus\u00eda-1024x437.jpg 1024w, http:\/\/culturaliagz.com\/wp-content\/uploads\/2019\/11\/Marus\u00eda-300x128.jpg 300w, http:\/\/culturaliagz.com\/wp-content\/uploads\/2019\/11\/Marus\u00eda-768x328.jpg 768w, http:\/\/culturaliagz.com\/wp-content\/uploads\/2019\/11\/Marus\u00eda-1080x461.jpg 1080w, http:\/\/culturaliagz.com\/wp-content\/uploads\/2019\/11\/Marus\u00eda.jpg 1096w\" sizes=\"auto, (max-width: 1024px) 100vw, 1024px\" \/><\/a><\/figure><\/li><li class=\"blocks-gallery-item\"><figure><a href=\"http:\/\/culturaliagz.com\/wp-content\/uploads\/2019\/11\/Soy-una-tumba-1024x764.jpg\"><img loading=\"lazy\" decoding=\"async\" width=\"1024\" height=\"764\" src=\"http:\/\/culturaliagz.com\/wp-content\/uploads\/2019\/11\/Soy-una-tumba-1024x764.jpg\" alt=\"\" data-id=\"6546\" data-link=\"http:\/\/culturaliagz.com\/?attachment_id=6546\" class=\"wp-image-6546\" srcset=\"http:\/\/culturaliagz.com\/wp-content\/uploads\/2019\/11\/Soy-una-tumba-1024x764.jpg 1024w, http:\/\/culturaliagz.com\/wp-content\/uploads\/2019\/11\/Soy-una-tumba-300x224.jpg 300w, http:\/\/culturaliagz.com\/wp-content\/uploads\/2019\/11\/Soy-una-tumba-768x573.jpg 768w, http:\/\/culturaliagz.com\/wp-content\/uploads\/2019\/11\/Soy-una-tumba-510x382.jpg 510w, http:\/\/culturaliagz.com\/wp-content\/uploads\/2019\/11\/Soy-una-tumba-1080x806.jpg 1080w, http:\/\/culturaliagz.com\/wp-content\/uploads\/2019\/11\/Soy-una-tumba.jpg 1452w\" sizes=\"auto, (max-width: 1024px) 100vw, 1024px\" \/><\/a><\/figure><\/li><li class=\"blocks-gallery-item\"><figure><a href=\"http:\/\/culturaliagz.com\/wp-content\/uploads\/2019\/11\/GFF-Cartel-Shorts-Edition.jpg\"><img loading=\"lazy\" decoding=\"async\" width=\"724\" height=\"1024\" src=\"http:\/\/culturaliagz.com\/wp-content\/uploads\/2019\/11\/GFF-Cartel-Shorts-Edition-724x1024.jpg\" alt=\"\" data-id=\"6547\" data-full-url=\"http:\/\/culturaliagz.com\/wp-content\/uploads\/2019\/11\/GFF-Cartel-Shorts-Edition.jpg\" data-link=\"http:\/\/culturaliagz.com\/?attachment_id=6547\" class=\"wp-image-6547\" srcset=\"http:\/\/culturaliagz.com\/wp-content\/uploads\/2019\/11\/GFF-Cartel-Shorts-Edition-724x1024.jpg 724w, http:\/\/culturaliagz.com\/wp-content\/uploads\/2019\/11\/GFF-Cartel-Shorts-Edition-212x300.jpg 212w, http:\/\/culturaliagz.com\/wp-content\/uploads\/2019\/11\/GFF-Cartel-Shorts-Edition-768x1086.jpg 768w, http:\/\/culturaliagz.com\/wp-content\/uploads\/2019\/11\/GFF-Cartel-Shorts-Edition-1086x1536.jpg 1086w, http:\/\/culturaliagz.com\/wp-content\/uploads\/2019\/11\/GFF-Cartel-Shorts-Edition-1448x2048.jpg 1448w, http:\/\/culturaliagz.com\/wp-content\/uploads\/2019\/11\/GFF-Cartel-Shorts-Edition-1080x1528.jpg 1080w, http:\/\/culturaliagz.com\/wp-content\/uploads\/2019\/11\/GFF-Cartel-Shorts-Edition.jpg 1587w\" sizes=\"auto, (max-width: 724px) 100vw, 724px\" \/><\/a><\/figure><\/li><\/ul><\/figure>\n\n\n\n<p><\/p>\n\n\n\n<p><strong>Cinco curtametraxes galegas de recente creaci\u00f3n protagonizan a und\u00e9cima edici\u00f3n do <a href=\"http:\/\/culturaliagz.com\/wp-content\/uploads\/2019\/11\/NotaPrensa-GFF-ShortsEdition-GL.pdf\" target=\"_blank\" rel=\"noreferrer noopener\" aria-label=\"Galician Film Forum en Londres (se abre en una nueva pesta\u00f1a)\">Galician Film Forum en Londres<\/a><\/strong><\/p>\n\n\n\n<p>\u25cf&nbsp;&nbsp;&nbsp;&nbsp;&nbsp;\n<strong>Os\nt\u00edtulos \u2018A nena azul\u2019, \u2018Marus\u00eda\u2019, \u2018\u2018Son unha tumba\u2019\u2019, \u2018Limbo\u2019 e \u2018Beautiful Boy\u2019\nconfigurar\u00e1n o programa do evento<\/strong><\/p>\n\n\n\n<p>\u25cf&nbsp;&nbsp;&nbsp;&nbsp;&nbsp;\n<strong>A\ncita ser\u00e1 o venres 22 de novembro, a partir das 19 horas, no King\u00b4s College\nLondon con entrada gratu\u00edta<\/strong><\/p>\n\n\n\n<p>\u25cf&nbsp;&nbsp;&nbsp;&nbsp;&nbsp;\n<strong>Ao\nrematar a proxecci\u00f3n haber\u00e1 un coloquio con Sandra S\u00e1nchez, directora de \u2018A\nnena azul\u2019, que estar\u00e1 presente no evento<\/strong><\/p>\n\n\n\n<p>O <a href=\"http:\/\/galicianfilmforum.gal\/gl\/\" target=\"_blank\" rel=\"noreferrer noopener\"><strong>Galician Film Forum<\/strong> (GFF)<\/a> celebrar\u00e1 a s\u00faa und\u00e9cima edici\u00f3n, titulada \u2018Shorts\nEdition\u2019, cun programa centrado en curtametraxes do audiovisual galego que\nviron a luz recentemente. A actividade ter\u00e1 lugar o venres, 22 de novembro, na\nuniversidade King\u00b4s College London [19 h, Edmond J Safra Theatre, Strand\nCampus, WC2R 2 LS]. Os t\u00edtulos seleccionados para a ocasi\u00f3n son \u2018A nena azul\u2019 de\nSandra S\u00e1nchez, \u2018Marus\u00eda\u2019 de Pedro Sancho, \u2018Son unha tumba\u2019 de Khris Cembe,\n\u2018Limbo\u2019 de Daniel Viqueira e \u2018Beautiful Boy\u2019 de Fran X. Rodr\u00edguez. Ademais,\ntras as proxecci\u00f3ns o p\u00fablico ter\u00e1 a oportunidade de manter un coloquio coa\ndirectora e montadora Sandra S\u00e1nchez, que se desprazar\u00e1 a Londres para\nparticipar nesta edici\u00f3n.<\/p>\n\n\n\n<p>Como \u00e9 habitual, todos os\nfilmes proxectaranse en versi\u00f3n orixinal con subt\u00edtulos en ingl\u00e9s e o encontro\ncelebrarase en ingl\u00e9s e galego. A entrada do evento \u00e9 gratu\u00edta pero c\u00f3mpre\nreservala con antelaci\u00f3n nesta <a href=\"https:\/\/gffshortsedition.eventbrite.co.uk\" target=\"_blank\" rel=\"noreferrer noopener\">ligaz\u00f3n<\/a>. Esta und\u00e9cima edici\u00f3n do GFF conta co apoio do\nDepartament of Spanish, Portuguese and Latin American Studies do King\u00b4s College\nLondon, o patrocinio de ABANCA e a colaboraci\u00f3n da Oficina para Asuntos\nCulturais e Cient\u00edficos da Embaixada de Espa\u00f1a en Londres.<\/p>\n\n\n\n<p>O programa da Shorts\nEdition trae ata Londres unha escolma de recentes curtametraxes galegas que\ndestaca pola s\u00faa diversidade de x\u00e9neros. Coa ficci\u00f3n como f\u00edo condutor, o\np\u00fablico vai ter a oportunidade de gozar con obras cheas de humor como\n\u2018Beautiful Boy\u2019 ou \u2018Marus\u00eda\u2019. Tam\u00e9n haber\u00e1 espazo para a reflexi\u00f3n po\u00e9tica que\nplanea en \u2018A nena azul\u2019, e mesmo pezas de estilos pouco habituais na\ncurtametraxe galega como a animaci\u00f3n ou o terror e dos que son bos exemplos\n\u2018Son unha tumba\u2019 e \u2018Limbo\u2019, respectivamente.<\/p>\n\n\n\n<p><strong>Curtas multipremiadas<\/strong><\/p>\n\n\n\n<p>Amais do seu car\u00e1cter\nrecente, os t\u00edtulos que se van proxectar no Galician Film Forum comparten unha\nexitosa traxectoria en festivais cinematogr\u00e1ficos. Neste sentido, hai que\nsalientar a participaci\u00f3n de <strong>\u2018Limbo\u2019<\/strong> en m\u00e1is dun cento de encontros, que\npolo de agora se traduce nunha vintena de galard\u00f3ns. Entre eles destacan o de\nmellor curtametraxe no Grimmfest Manchester\u2019s Festival of Fantastic Films;\nmellor director no Cryptshow Festival; a Calaverita de Bronce no Morbido Film\nFest; o Premio Xurado Novo do Festival Ib\u00e9rico de Cinema, a Mellor Curtametraxe\nen Terrorificamente Curtos ou o de Scariest Film no Desmond District Demons,\nentre outros.<\/p>\n\n\n\n<p>O \u00e9xito de <strong>\u2018Son unha\ntumba\u2019<\/strong> tam\u00e9n merece unha menci\u00f3n especial, xa que, amais de poder presumir\nde ser nomeada na categor\u00eda de Mellor curtametraxe de animaci\u00f3n nos Premios\nGoya deste ano, atesoura un palmar\u00e9s que non para de medrar ao seu paso por\nfestivais. Nesa listaxe destaca o premio \u00e1 Mellor Curtametraxe de Animaci\u00f3n nos\nXVII Premios Mestre Mateo; Mellor Curtametraxe de Animaci\u00f3n no Festival de\nCurtametraxes La Fila de Valladolid; Mellor Curtametraxe Nacional en Cortoons\nGandia 2019; Mellor Curtametraxe Nacional e Mellor Curtametraxe de Animaci\u00f3n no\nFestival Nacional de Cidade de \u00c1vila \u00c1vilacine; Mellor Gui\u00f3n en Anima Deba\nAnimazio Zinemaldia; o primeiro premio no Ourense Film Festival; ou o de mellor\ncurtametraxe de animaci\u00f3n no XX Festival de Curtametraxes Asier Errasti, por\ncitar alg\u00fans.<\/p>\n\n\n\n<p>Pola s\u00faa banda, <strong>\u2018A\nnena azul\u2019<\/strong> aterra en Londres coa Menci\u00f3n Especial do Xurado Planeta GZ e o\nPremio CREA \u00e1 mellor direcci\u00f3n Galega XV do Curtocircu\u00edto International Film\nFestival (Santiago de Compostela); o Premio Mestre Mateo \u00e1 Mellor Curtametraxe\nna XVII edici\u00f3n destes galard\u00f3ns que concede a Academia Galega do Audiovisual;\ne os premios \u00e1 Mellor Fotograf\u00eda e o Mellor Son no VI Festival Nacional de\nCurtametraxes de Talavera de la Reina (Madrid).<\/p>\n\n\n\n<p>No tocante a <strong>\u2018Beautiful\nBoy\u2019<\/strong>, a curta foi reco\u00f1ecida en varias ocasi\u00f3ns co premio do p\u00fablico, como\npor exemplo no XVI Festival de Cans e no Primavera do Cine, e tam\u00e9n recibiu\ngalard\u00f3ns como o Premio ao Mellor Gui\u00f3n da Mostra de Curtas Vila de Noia. Para\nrematar, <strong>\u2018Marus\u00eda<\/strong>\u2019, a curtametraxe m\u00e1is recente das seleccionadas, tivo\na s\u00faa estrea internacional no 8\u00ba Resistencia Film Festival de Chile e conseguiu\neste outubro o Premio do P\u00fablico \u00e1 Mellor Curtametraxe Galega na XLI Semana do\nCinema de Lugo.<\/p>\n\n\n\n<p><strong>Mirada atl\u00e1ntica<\/strong><\/p>\n\n\n\n<p>A convidada especial\ndesta edici\u00f3n do Galician Film Forum \u00e9 a directora e montadora<strong> Sandra\nS\u00e1nchez<\/strong>. No ano 2011 presentou o seu proxecto m\u00e1is persoal, o documental\n\u2018Tralas luces\u2019, unha obra \u00e1 que lle dedicou catro anos e que foi estreada na\nsecci\u00f3n de novos directores do Festival de San Sebasti\u00e1n. Posteriormente\ncontinuou traballando como montadora en series, documentais e pel\u00edculas como\n\u2018Miolos de pan\u2019, \u2018Esquece Monelos\u2019, \u2018Querida Gina\u2019 ou \u2018Rafael\u2019. Tam\u00e9n dirixiu\nas curtametraxes \u2018Mat\u00edas\u2019, dentro do encontro de cineastas Chanfaina Lab, e \u2018A\nnena azul\u2019\u2019.<\/p>\n\n\n\n<p>Na actualidade, Sandra\nS\u00e1nchez traballa no Laboratorio de Produci\u00f3n Audiovisual dos Museos Cient\u00edficos\nCoru\u00f1eses e est\u00e1 a escribir o gui\u00f3n da que ser\u00e1 a s\u00faa primeira longametraxe de\nficci\u00f3n, \u2018A nadadora\u2019, un proxecto intimamente ligado a \u2018A nena azul\u2019, pois os\ndous filmes te\u00f1en a mesma protagonista.<\/p>\n\n\n\n<p><strong>Galician Film Forum<\/strong><\/p>\n\n\n\n<p>O GFF naceu no 2015 no\nseo dun grupo de galegos emigrados a Londres co obxectivo de crear un espazo\npara a difusi\u00f3n do cinema galego na capital brit\u00e1nica. A s\u00faa actividade\nartic\u00falase en tres eixes: como plataforma de exhibici\u00f3n, como observatorio da\nnova di\u00e1spora creativa audiovisual no Reino Unido e como espazo de reflexi\u00f3n\nsobre o cinema e a cultura galega en termos universais.<\/p>\n\n\n\n<p>\u00b7&nbsp;&nbsp;&nbsp;&nbsp;&nbsp;&nbsp;&nbsp;\n<strong>Entradas:<\/strong> <a href=\"https:\/\/gffshortsedition.eventbrite.co.uk\/\" target=\"_blank\" rel=\"noreferrer noopener\">https:\/\/gffshortsedition.eventbrite.co.uk<\/a><\/p>\n\n\n\n<p>\u00b7&nbsp;&nbsp;&nbsp;&nbsp;&nbsp;&nbsp;\n<strong>A nena azul: <\/strong><a href=\"http:\/\/anenaazul.com\/\" target=\"_blank\" rel=\"noreferrer noopener\">http:\/\/anenaazul.com\/<\/a><\/p>\n\n\n\n<p>\u00b7&nbsp;&nbsp;&nbsp;&nbsp;&nbsp;&nbsp;\n<strong>Limbo: <\/strong><a href=\"https:\/\/www.facebook.com\/curtametraxelimbo\" target=\"_blank\" rel=\"noreferrer noopener\">https:\/\/www.facebook.com\/curtametraxelimbo<\/a><\/p>\n\n\n\n<p>\u00b7&nbsp;&nbsp;&nbsp;&nbsp;&nbsp;&nbsp;\n<strong>Son unha tumba: <\/strong><a href=\"https:\/\/www.facebook.com\/soyunatumba\/\" target=\"_blank\" rel=\"noreferrer noopener\">https:\/\/www.facebook.com\/soyunatumba\/<\/a><\/p>\n\n\n\n<p>\u00b7&nbsp;&nbsp;&nbsp;&nbsp;&nbsp;&nbsp;\n<strong>Marus\u00eda: <\/strong><a href=\"https:\/\/www.facebook.com\/contarteproduce\/\" target=\"_blank\" rel=\"noreferrer noopener\">https:\/\/www.facebook.com\/contarteproduce\/<\/a><\/p>\n\n\n\n<p>\u00b7&nbsp;&nbsp;&nbsp;&nbsp;&nbsp;&nbsp;\n<strong>Beautiful Boy:<\/strong> <a href=\"https:\/\/www.nenobonito.info\/\" target=\"_blank\" rel=\"noreferrer noopener\">https:\/\/www.nenobonito.info\/<\/a><\/p>\n","protected":false},"excerpt":{"rendered":"<p>Cinco curtametraxes galegas de recente creaci\u00f3n protagonizan a und\u00e9cima edici\u00f3n do Galician Film Forum en Londres \u25cf&nbsp;&nbsp;&nbsp;&nbsp;&nbsp; Os t\u00edtulos \u2018A nena azul\u2019, \u2018Marus\u00eda\u2019, \u2018\u2018Son unha tumba\u2019\u2019, \u2018Limbo\u2019 e \u2018Beautiful Boy\u2019 [&hellip;]<\/p>\n","protected":false},"author":1,"featured_media":0,"comment_status":"open","ping_status":"open","sticky":false,"template":"","format":"standard","meta":{"_et_pb_use_builder":"","_et_pb_old_content":"","_et_gb_content_width":"","_jetpack_memberships_contains_paid_content":false,"footnotes":""},"categories":[23,7,6,1],"tags":[569],"class_list":["post-6540","post","type-post","status-publish","format-standard","hentry","category-autoresas","category-creacion","category-novas","category-xeral","tag-galician-film-forum"],"jetpack_featured_media_url":"","jetpack_sharing_enabled":true,"_links":{"self":[{"href":"http:\/\/culturaliagz.com\/index.php?rest_route=\/wp\/v2\/posts\/6540","targetHints":{"allow":["GET"]}}],"collection":[{"href":"http:\/\/culturaliagz.com\/index.php?rest_route=\/wp\/v2\/posts"}],"about":[{"href":"http:\/\/culturaliagz.com\/index.php?rest_route=\/wp\/v2\/types\/post"}],"author":[{"embeddable":true,"href":"http:\/\/culturaliagz.com\/index.php?rest_route=\/wp\/v2\/users\/1"}],"replies":[{"embeddable":true,"href":"http:\/\/culturaliagz.com\/index.php?rest_route=%2Fwp%2Fv2%2Fcomments&post=6540"}],"version-history":[{"count":2,"href":"http:\/\/culturaliagz.com\/index.php?rest_route=\/wp\/v2\/posts\/6540\/revisions"}],"predecessor-version":[{"id":6550,"href":"http:\/\/culturaliagz.com\/index.php?rest_route=\/wp\/v2\/posts\/6540\/revisions\/6550"}],"wp:attachment":[{"href":"http:\/\/culturaliagz.com\/index.php?rest_route=%2Fwp%2Fv2%2Fmedia&parent=6540"}],"wp:term":[{"taxonomy":"category","embeddable":true,"href":"http:\/\/culturaliagz.com\/index.php?rest_route=%2Fwp%2Fv2%2Fcategories&post=6540"},{"taxonomy":"post_tag","embeddable":true,"href":"http:\/\/culturaliagz.com\/index.php?rest_route=%2Fwp%2Fv2%2Ftags&post=6540"}],"curies":[{"name":"wp","href":"https:\/\/api.w.org\/{rel}","templated":true}]}}