{"id":6515,"date":"2019-11-05T20:25:22","date_gmt":"2019-11-05T19:25:22","guid":{"rendered":"http:\/\/culturaliagz.com\/?p=6515"},"modified":"2019-11-05T20:37:57","modified_gmt":"2019-11-05T19:37:57","slug":"o-ieu-participara-no-acto-de-nomeamento-como-filla-predilecta-do-concello-de-agolada-a-cientifica-marisol-soengas-gonzalez","status":"publish","type":"post","link":"http:\/\/culturaliagz.com\/?p=6515","title":{"rendered":"O IEU participar\u00e1 no Acto de Nomeamento como Filla Predilecta do Concello de Agolada \u00e1 cient\u00edfica Marisol Soengas Gonz\u00e1lez"},"content":{"rendered":"\n<p><\/p>\n\n\n\n<div class=\"wp-block-image\"><figure class=\"aligncenter\"><a href=\"http:\/\/culturaliagz.com\/wp-content\/uploads\/2019\/11\/Homenaxe-a-Marisol-Soengas.jpg\" target=\"_blank\" rel=\"noreferrer noopener\"><img loading=\"lazy\" decoding=\"async\" width=\"1024\" height=\"745\" src=\"http:\/\/culturaliagz.com\/wp-content\/uploads\/2019\/11\/Homenaxe-a-Marisol-Soengas-1024x745.jpg\" alt=\"\" class=\"wp-image-6516\" srcset=\"http:\/\/culturaliagz.com\/wp-content\/uploads\/2019\/11\/Homenaxe-a-Marisol-Soengas-1024x745.jpg 1024w, http:\/\/culturaliagz.com\/wp-content\/uploads\/2019\/11\/Homenaxe-a-Marisol-Soengas-300x218.jpg 300w, http:\/\/culturaliagz.com\/wp-content\/uploads\/2019\/11\/Homenaxe-a-Marisol-Soengas-768x559.jpg 768w, http:\/\/culturaliagz.com\/wp-content\/uploads\/2019\/11\/Homenaxe-a-Marisol-Soengas-1080x785.jpg 1080w, http:\/\/culturaliagz.com\/wp-content\/uploads\/2019\/11\/Homenaxe-a-Marisol-Soengas.jpg 1485w\" sizes=\"auto, (max-width: 1024px) 100vw, 1024px\" \/><\/a><\/figure><\/div>\n\n\n\n<p><\/p>\n\n\n\n<p>O <a rel=\"noreferrer noopener\" aria-label=\"IEU  (abre en una nueva pesta\u00f1a)\" href=\"http:\/\/ieu.gal\/\" target=\"_blank\">IEU <\/a>unirase \u00e1 homenaxe que se vai facer \u00e1 cient\u00edfica Marisol Soengas Gonz\u00e1lez o 7 de decembro en Agolada, no que ser\u00e1 nomeada\u00a0<em>Filla Predilecta<\/em> do Concello de Agolada. Na homenaxe, unha representaci\u00f3n do IEU participar\u00e1 \u00e1s 18 h. nas intervenci\u00f3ns protocolarias. <\/p>\n\n\n\n<p>Tam\u00e9n trasladamos informaci\u00f3n con enlaces da exposici\u00f3n de Kukas, <a rel=\"noreferrer noopener\" aria-label=\"&quot;S\u00f3 paisaxes, s\u00f3s&quot; (abre en una nueva pesta\u00f1a)\" href=\"http:\/\/ieu.gal\/inauguracion-da-exposicion-de-kukas-paisaxes-sos-no-castelo-de-pambre\/\" target=\"_blank\">&#8220;S\u00f3 paisaxes, s\u00f3s&#8221;<\/a>, que inauguramos o&nbsp; s\u00e1bado 2 de novembro no<a rel=\"noreferrer noopener\" aria-label=\" Castelo de Pambre (abre en una nueva pesta\u00f1a)\" href=\"http:\/\/castelodepambre.com\/\" target=\"_blank\"> Castelo de Pambre<\/a>, as\u00ed como o <a rel=\"noreferrer noopener\" aria-label=\"d\u00edptico  (abre en una nueva pesta\u00f1a)\" href=\"http:\/\/culturaliagz.com\/wp-content\/uploads\/2019\/11\/Diptico-exposici\u00f3n-Kukas-O-Teu-Xacobeo-Instituto-de-Estudos-Ullo\u00e1ns-castelo-de-Pambre-Palas-de-Rei.pdf\" target=\"_blank\">d\u00edptico <\/a>no arquivo adxunto.<\/p>\n\n\n\n<figure class=\"wp-block-embed-wordpress wp-block-embed is-type-wp-embed is-provider-instituto-de-estudos-ulloans\"><div class=\"wp-block-embed__wrapper\">\n<blockquote class=\"wp-embedded-content\" data-secret=\"uEvxiK3ueS\"><a href=\"http:\/\/ieu.gal\/inauguracion-da-exposicion-de-kukas-paisaxes-sos-no-castelo-de-pambre\/\">Inauguraci\u00f3n da exposici\u00f3n de Kukas &#8220;S\u00f3 paisaxes, s\u00f3s&#8221; no castelo de Pambre<\/a><\/blockquote><iframe loading=\"lazy\" title=\"&#8220;Inauguraci\u00f3n da exposici\u00f3n de Kukas &#8220;S\u00f3 paisaxes, s\u00f3s&#8221; no castelo de Pambre&#8221; &#8212; Instituto de Estudos Ullo\u00e1ns\" class=\"wp-embedded-content\" sandbox=\"allow-scripts\" security=\"restricted\" style=\"position: absolute; clip: rect(1px, 1px, 1px, 1px);\" src=\"http:\/\/ieu.gal\/inauguracion-da-exposicion-de-kukas-paisaxes-sos-no-castelo-de-pambre\/embed\/#?secret=uEvxiK3ueS\" data-secret=\"uEvxiK3ueS\" width=\"600\" height=\"338\" frameborder=\"0\" marginwidth=\"0\" marginheight=\"0\" scrolling=\"no\"><\/iframe>\n<\/div><\/figure>\n\n\n\n<p><\/p>\n\n\n\n<p><em>*Informaci\u00f3n facilitada polo IEU.<\/em><\/p>\n","protected":false},"excerpt":{"rendered":"<p>O IEU unirase \u00e1 homenaxe que se vai facer \u00e1 cient\u00edfica Marisol Soengas Gonz\u00e1lez o 7 de decembro en Agolada, no que ser\u00e1 nomeada\u00a0Filla Predilecta do Concello de Agolada. Na [&hellip;]<\/p>\n","protected":false},"author":1,"featured_media":0,"comment_status":"open","ping_status":"open","sticky":false,"template":"","format":"standard","meta":{"_et_pb_use_builder":"off","_et_pb_old_content":"","_et_gb_content_width":"","_jetpack_memberships_contains_paid_content":false,"footnotes":""},"categories":[23,7,6,1],"tags":[471,566,425,567],"class_list":["post-6515","post","type-post","status-publish","format-standard","hentry","category-autoresas","category-creacion","category-novas","category-xeral","tag-castelo-de-pambre","tag-exposicion-kukas","tag-instituto-de-estudos-ulloans","tag-marisol-soengas-gonzalez"],"jetpack_featured_media_url":"","jetpack_sharing_enabled":true,"_links":{"self":[{"href":"http:\/\/culturaliagz.com\/index.php?rest_route=\/wp\/v2\/posts\/6515","targetHints":{"allow":["GET"]}}],"collection":[{"href":"http:\/\/culturaliagz.com\/index.php?rest_route=\/wp\/v2\/posts"}],"about":[{"href":"http:\/\/culturaliagz.com\/index.php?rest_route=\/wp\/v2\/types\/post"}],"author":[{"embeddable":true,"href":"http:\/\/culturaliagz.com\/index.php?rest_route=\/wp\/v2\/users\/1"}],"replies":[{"embeddable":true,"href":"http:\/\/culturaliagz.com\/index.php?rest_route=%2Fwp%2Fv2%2Fcomments&post=6515"}],"version-history":[{"count":6,"href":"http:\/\/culturaliagz.com\/index.php?rest_route=\/wp\/v2\/posts\/6515\/revisions"}],"predecessor-version":[{"id":6524,"href":"http:\/\/culturaliagz.com\/index.php?rest_route=\/wp\/v2\/posts\/6515\/revisions\/6524"}],"wp:attachment":[{"href":"http:\/\/culturaliagz.com\/index.php?rest_route=%2Fwp%2Fv2%2Fmedia&parent=6515"}],"wp:term":[{"taxonomy":"category","embeddable":true,"href":"http:\/\/culturaliagz.com\/index.php?rest_route=%2Fwp%2Fv2%2Fcategories&post=6515"},{"taxonomy":"post_tag","embeddable":true,"href":"http:\/\/culturaliagz.com\/index.php?rest_route=%2Fwp%2Fv2%2Ftags&post=6515"}],"curies":[{"name":"wp","href":"https:\/\/api.w.org\/{rel}","templated":true}]}}