{"id":6502,"date":"2019-11-04T11:58:31","date_gmt":"2019-11-04T10:58:31","guid":{"rendered":"http:\/\/culturaliagz.com\/?p=6502"},"modified":"2019-11-04T12:01:51","modified_gmt":"2019-11-04T11:01:51","slug":"concerto-foliada-con-treboada-o-9-de-novembro-as-20-horas-na-casa-museo-manuel-maria","status":"publish","type":"post","link":"http:\/\/culturaliagz.com\/?p=6502","title":{"rendered":"Concerto-Foliada con TREBOADA, o 9 de novembro \u00e1s 20 horas, na Casa-Museo Manuel Mar\u00eda"},"content":{"rendered":"\n<p><\/p>\n\n\n\n<div class=\"wp-block-image\"><figure class=\"aligncenter\"><a href=\"http:\/\/culturaliagz.com\/wp-content\/uploads\/2019\/11\/1EB5EEEF-9439-44D6-A466-113E2B701527.jpeg\" target=\"_blank\" rel=\"noreferrer noopener\"><img loading=\"lazy\" decoding=\"async\" width=\"564\" height=\"768\" src=\"http:\/\/culturaliagz.com\/wp-content\/uploads\/2019\/11\/1EB5EEEF-9439-44D6-A466-113E2B701527.jpeg\" alt=\"\" class=\"wp-image-6503\" srcset=\"http:\/\/culturaliagz.com\/wp-content\/uploads\/2019\/11\/1EB5EEEF-9439-44D6-A466-113E2B701527.jpeg 564w, http:\/\/culturaliagz.com\/wp-content\/uploads\/2019\/11\/1EB5EEEF-9439-44D6-A466-113E2B701527-220x300.jpeg 220w\" sizes=\"auto, (max-width: 564px) 100vw, 564px\" \/><\/a><\/figure><\/div>\n\n\n\n<p><\/p>\n\n\n\n<p>O\u00a0<a href=\"x-apple-data-detectors:\/\/0\">pr\u00f3ximo s\u00e1bado, \u00e1s 20<\/a>\u00a0hrs, teremos a oportunidade de escoitar, bailar, cantar&#8230; co grupo de m\u00fasica tradicional de R\u00e1bade <a href=\"http:\/\/www.casamuseomanuelmaria.gal\/actividades\/treboada-de-rabade-levara-a-cabo-un-concerto-foliada-o-sabado-9-de-novembro.htm?tipo=ACTIVIDADE\" target=\"_blank\" rel=\"noreferrer noopener\" aria-label=\"TREBOADA (abre en una nueva pesta\u00f1a)\">TREBOADA<\/a>, que levar\u00e1 a cabo unha actuaci\u00f3n no auditorio da <a rel=\"noreferrer noopener\" aria-label=\"Casa-Museo Manuel Mar\u00eda (abre en una nueva pesta\u00f1a)\" href=\"http:\/\/www.casamuseomanuelmaria.gal\/portada.htm\" target=\"_blank\">Casa-Museo Manuel Mar\u00eda<\/a>. Se vos presta, xa sabedes, acheg\u00e1devos a Outeiro de Rei e sum\u00e1devos \u00e1 foliada. A entrada \u00e9 libre.<\/p>\n\n\n\n<p><\/p>\n\n\n\n<p><em>*Informaci\u00f3n facilitada desde a Casa-Museo Manuel Mar\u00eda <\/em><\/p>\n","protected":false},"excerpt":{"rendered":"<p>O\u00a0pr\u00f3ximo s\u00e1bado, \u00e1s 20\u00a0hrs, teremos a oportunidade de escoitar, bailar, cantar&#8230; co grupo de m\u00fasica tradicional de R\u00e1bade TREBOADA, que levar\u00e1 a cabo unha actuaci\u00f3n no auditorio da Casa-Museo Manuel [&hellip;]<\/p>\n","protected":false},"author":1,"featured_media":0,"comment_status":"open","ping_status":"open","sticky":false,"template":"","format":"standard","meta":{"_et_pb_use_builder":"off","_et_pb_old_content":"","_et_gb_content_width":"","_jetpack_memberships_contains_paid_content":false,"footnotes":""},"categories":[23,7,6,1],"tags":[190,563],"class_list":["post-6502","post","type-post","status-publish","format-standard","hentry","category-autoresas","category-creacion","category-novas","category-xeral","tag-casa-museo-manuel-maria","tag-treboada"],"jetpack_featured_media_url":"","jetpack_sharing_enabled":true,"_links":{"self":[{"href":"http:\/\/culturaliagz.com\/index.php?rest_route=\/wp\/v2\/posts\/6502","targetHints":{"allow":["GET"]}}],"collection":[{"href":"http:\/\/culturaliagz.com\/index.php?rest_route=\/wp\/v2\/posts"}],"about":[{"href":"http:\/\/culturaliagz.com\/index.php?rest_route=\/wp\/v2\/types\/post"}],"author":[{"embeddable":true,"href":"http:\/\/culturaliagz.com\/index.php?rest_route=\/wp\/v2\/users\/1"}],"replies":[{"embeddable":true,"href":"http:\/\/culturaliagz.com\/index.php?rest_route=%2Fwp%2Fv2%2Fcomments&post=6502"}],"version-history":[{"count":3,"href":"http:\/\/culturaliagz.com\/index.php?rest_route=\/wp\/v2\/posts\/6502\/revisions"}],"predecessor-version":[{"id":6506,"href":"http:\/\/culturaliagz.com\/index.php?rest_route=\/wp\/v2\/posts\/6502\/revisions\/6506"}],"wp:attachment":[{"href":"http:\/\/culturaliagz.com\/index.php?rest_route=%2Fwp%2Fv2%2Fmedia&parent=6502"}],"wp:term":[{"taxonomy":"category","embeddable":true,"href":"http:\/\/culturaliagz.com\/index.php?rest_route=%2Fwp%2Fv2%2Fcategories&post=6502"},{"taxonomy":"post_tag","embeddable":true,"href":"http:\/\/culturaliagz.com\/index.php?rest_route=%2Fwp%2Fv2%2Ftags&post=6502"}],"curies":[{"name":"wp","href":"https:\/\/api.w.org\/{rel}","templated":true}]}}