{"id":6496,"date":"2019-11-02T17:38:29","date_gmt":"2019-11-02T16:38:29","guid":{"rendered":"http:\/\/culturaliagz.com\/?p=6496"},"modified":"2019-11-02T17:38:32","modified_gmt":"2019-11-02T16:38:32","slug":"iescha-xornadas-da-muller-na-casa-da-cultura-de-vilalba","status":"publish","type":"post","link":"http:\/\/culturaliagz.com\/?p=6496","title":{"rendered":"IESCHA.- Xornadas da Muller na Casa da Cultura de Vilalba"},"content":{"rendered":"\n<p><\/p>\n\n\n\n<div class=\"wp-block-image\"><figure class=\"aligncenter\"><a href=\"blob:http:\/\/culturaliagz.com\/bfa7b509-9e1d-400d-9f3a-e9a2bcc37dad\" target=\"_blank\" rel=\"noreferrer noopener\"><img loading=\"lazy\" decoding=\"async\" width=\"683\" height=\"1024\" src=\"http:\/\/culturaliagz.com\/wp-content\/uploads\/2019\/11\/CARTAZ_XORNADAS_PEQ-683x1024.jpg\" alt=\"\" class=\"wp-image-6497\" srcset=\"http:\/\/culturaliagz.com\/wp-content\/uploads\/2019\/11\/CARTAZ_XORNADAS_PEQ-683x1024.jpg 683w, http:\/\/culturaliagz.com\/wp-content\/uploads\/2019\/11\/CARTAZ_XORNADAS_PEQ-200x300.jpg 200w, http:\/\/culturaliagz.com\/wp-content\/uploads\/2019\/11\/CARTAZ_XORNADAS_PEQ-768x1152.jpg 768w, http:\/\/culturaliagz.com\/wp-content\/uploads\/2019\/11\/CARTAZ_XORNADAS_PEQ.jpg 945w\" sizes=\"auto, (max-width: 683px) 100vw, 683px\" \/><\/a><\/figure><\/div>\n\n\n\n<p><\/p>\n\n\n\n<p><strong>XORNADAS DA MULLER<\/strong><\/p>\n\n\n\n<p>VENRES 22 E S\u00c1BADO 23 DE NOVEMBRO DE 2019 <\/p>\n\n\n\n<p>NA CASA DA CULTURA DE VILALBA<\/p>\n\n\n\n<p>ACTO DE INAUGURACI\u00d3N: VENRES 22 DE NOVEMBRO, \u00c1S 19:00 HORAS<\/p>\n\n\n\n<p>O <a rel=\"noreferrer noopener\" aria-label=\"Instituto de Estudos Chairegos (abre en una nueva pesta\u00f1a)\" href=\"https:\/\/estudoschairegos.wixsite.com\/iescha\" target=\"_blank\">Instituto de Estudos Chairegos<\/a> e o <a rel=\"noreferrer noopener\" aria-label=\"Consello da Cultura Galega (abre en una nueva pesta\u00f1a)\" href=\"http:\/\/consellodacultura.gal\/\" target=\"_blank\">Consello da Cultura Galega<\/a>, en colaboraci\u00f3n co <a href=\"http:\/\/vilalba.org\/\" target=\"_blank\" rel=\"noreferrer noopener\" aria-label=\"Concello de Vilalba (abre en una nueva pesta\u00f1a)\">Concello de Vilalba<\/a>, organizan as XORNADAS DA MULLER, que se levar\u00e1n a cabo na Casa da Cultura de Vilalba, os d\u00edas 22 e 23 de novembro de 2019 co seguinte <a rel=\"noreferrer noopener\" aria-label=\"programa (abre en una nueva pesta\u00f1a)\" href=\"http:\/\/culturaliagz.com\/wp-content\/uploads\/2019\/11\/NOTA_INFORMATIVA_XORNADAS_MULLER-copia.pdf\" target=\"_blank\">programa<\/a>:<\/p>\n\n\n\n<p>VENRES 22<\/p>\n\n\n\n<p>19:00&nbsp; ACTO DE\nAPERTURA DAS XORNADAS. INTERVE\u00d1EN:<\/p>\n\n\n\n<p>ELBA VELEIRO FERN\u00c1NDEZ, <\/p>\n\n\n\n<p>Alcaldesa do Concello de Vilalba&nbsp;&nbsp;&nbsp; <\/p>\n\n\n\n<p>MARISA BARREIRO MEJUTO, <\/p>\n\n\n\n<p>Presidenta do Instituto de Estudos Chairegos <\/p>\n\n\n\n<p>19:30 CONFERENCIA DE <\/p>\n\n\n\n<p>LUZ DARRIBA<\/p>\n\n\n\n<p><em>MULLERES CREADORAS<\/em><\/p>\n\n\n\n<p>20:00 DOCUMENTAL E CONFERENCIA DE <\/p>\n\n\n\n<p>ENCARNA OTERO <\/p>\n\n\n\n<p><em>MULLERES CO MUNDO NA CABEZA<\/em> <\/p>\n\n\n\n<p>A CONTINUACI\u00d3N: COLOQUIO CON <\/p>\n\n\n\n<p>LUZ DARRIBA E ENCARNA OTERO<\/p>\n\n\n\n<p>S\u00c1BADO 23&nbsp;&nbsp;&nbsp;&nbsp;&nbsp;&nbsp;&nbsp;&nbsp;&nbsp; <\/p>\n\n\n\n<p>10:30 CONFERENCIA DE <\/p>\n\n\n\n<p>PAULO NASEIRO<\/p>\n\n\n\n<p><em>OS CATRO EXILIOS DE SILVIA MISTRAL<\/em><\/p>\n\n\n\n<p>11:30 CONFERENCIA DE <\/p>\n\n\n\n<p>EMILIO \u00cdNSUA (con aporte visual)<\/p>\n\n\n\n<p><em>O V\u00cdNCULO DE MARUJA MALLO CON GALICIA<\/em><\/p>\n\n\n\n<p>12:30 ACTUACI\u00d3N DE <\/p>\n\n\n\n<p><em>CORREDORES DE SOMBRA<\/em> <\/p>\n\n\n\n<p>13:00 CONFERENCIA DE <\/p>\n\n\n\n<p>CRISTINA FELPETO<\/p>\n\n\n\n<p><em>MULLER E LITERATURA, CREADORA E CREACI\u00d3N<\/em><\/p>\n\n\n\n<p>14:00 ACTO DE CLAUSURA DAS XORNADAS. INTERV\u00c9N<\/p>\n\n\n\n<p>ROSARIO \u00c1LVAREZ BLANCO <\/p>\n\n\n\n<p>Presidenta do Consello da Cultura Galega<\/p>\n\n\n\n<p>14:15 OFRENDA FLORAL AOS MEMBROS DAS IRMANDADES DA FALA<\/p>\n\n\n\n<p>14:30 XANTAR PARTICIPANTES NO PARADOR DE VILALBA<\/p>\n\n\n\n<p><\/p>\n\n\n\n<p><em>*Informaci\u00f3n facilitada polo IESCHA.<\/em><\/p>\n","protected":false},"excerpt":{"rendered":"<p>XORNADAS DA MULLER VENRES 22 E S\u00c1BADO 23 DE NOVEMBRO DE 2019 NA CASA DA CULTURA DE VILALBA ACTO DE INAUGURACI\u00d3N: VENRES 22 DE NOVEMBRO, \u00c1S 19:00 HORAS O Instituto [&hellip;]<\/p>\n","protected":false},"author":1,"featured_media":0,"comment_status":"open","ping_status":"open","sticky":false,"template":"","format":"standard","meta":{"_et_pb_use_builder":"off","_et_pb_old_content":"","_et_gb_content_width":"","_jetpack_memberships_contains_paid_content":false,"footnotes":""},"categories":[23,7,6,1],"tags":[30,562,234],"class_list":["post-6496","post","type-post","status-publish","format-standard","hentry","category-autoresas","category-creacion","category-novas","category-xeral","tag-concello-de-vilalba","tag-consello-da-cultura-galega","tag-iescha"],"jetpack_featured_media_url":"","jetpack_sharing_enabled":true,"_links":{"self":[{"href":"http:\/\/culturaliagz.com\/index.php?rest_route=\/wp\/v2\/posts\/6496","targetHints":{"allow":["GET"]}}],"collection":[{"href":"http:\/\/culturaliagz.com\/index.php?rest_route=\/wp\/v2\/posts"}],"about":[{"href":"http:\/\/culturaliagz.com\/index.php?rest_route=\/wp\/v2\/types\/post"}],"author":[{"embeddable":true,"href":"http:\/\/culturaliagz.com\/index.php?rest_route=\/wp\/v2\/users\/1"}],"replies":[{"embeddable":true,"href":"http:\/\/culturaliagz.com\/index.php?rest_route=%2Fwp%2Fv2%2Fcomments&post=6496"}],"version-history":[{"count":2,"href":"http:\/\/culturaliagz.com\/index.php?rest_route=\/wp\/v2\/posts\/6496\/revisions"}],"predecessor-version":[{"id":6500,"href":"http:\/\/culturaliagz.com\/index.php?rest_route=\/wp\/v2\/posts\/6496\/revisions\/6500"}],"wp:attachment":[{"href":"http:\/\/culturaliagz.com\/index.php?rest_route=%2Fwp%2Fv2%2Fmedia&parent=6496"}],"wp:term":[{"taxonomy":"category","embeddable":true,"href":"http:\/\/culturaliagz.com\/index.php?rest_route=%2Fwp%2Fv2%2Fcategories&post=6496"},{"taxonomy":"post_tag","embeddable":true,"href":"http:\/\/culturaliagz.com\/index.php?rest_route=%2Fwp%2Fv2%2Ftags&post=6496"}],"curies":[{"name":"wp","href":"https:\/\/api.w.org\/{rel}","templated":true}]}}