{"id":6488,"date":"2019-10-31T17:41:16","date_gmt":"2019-10-31T16:41:16","guid":{"rendered":"http:\/\/culturaliagz.com\/?p=6488"},"modified":"2019-10-31T17:43:16","modified_gmt":"2019-10-31T16:43:16","slug":"iescha-proxeccion-do-filme-o-que-arde-no-auditorio-municipal-de-vilalba","status":"publish","type":"post","link":"http:\/\/culturaliagz.com\/?p=6488","title":{"rendered":"IESCHA.- Proxecci\u00f3n do filme O QUE ARDE  no Auditorio Municipal de Vilalba"},"content":{"rendered":"\n<p><\/p>\n\n\n\n<div class=\"wp-block-image\"><figure class=\"aligncenter\"><a href=\"http:\/\/culturaliagz.com\/wp-content\/uploads\/2019\/10\/CARTAZ_O-QUE-ARDE.jpg\" target=\"_blank\" rel=\"noreferrer noopener\"><img loading=\"lazy\" decoding=\"async\" width=\"683\" height=\"1024\" src=\"http:\/\/culturaliagz.com\/wp-content\/uploads\/2019\/10\/CARTAZ_O-QUE-ARDE-683x1024.jpg\" alt=\"\" class=\"wp-image-6489\" srcset=\"http:\/\/culturaliagz.com\/wp-content\/uploads\/2019\/10\/CARTAZ_O-QUE-ARDE-683x1024.jpg 683w, http:\/\/culturaliagz.com\/wp-content\/uploads\/2019\/10\/CARTAZ_O-QUE-ARDE-200x300.jpg 200w, http:\/\/culturaliagz.com\/wp-content\/uploads\/2019\/10\/CARTAZ_O-QUE-ARDE-768x1152.jpg 768w, http:\/\/culturaliagz.com\/wp-content\/uploads\/2019\/10\/CARTAZ_O-QUE-ARDE-1080x1620.jpg 1080w, http:\/\/culturaliagz.com\/wp-content\/uploads\/2019\/10\/CARTAZ_O-QUE-ARDE.jpg 1890w\" sizes=\"auto, (max-width: 683px) 100vw, 683px\" \/><\/a><\/figure><\/div>\n\n\n\n<p><\/p>\n\n\n\n<p>Tam\u00e9n o mes de novembro, concretamente o venres 15 de novembro \u00e1s 21:00 h., o <a rel=\"noreferrer noopener\" aria-label=\"IESCHA  (abre en una nueva pesta\u00f1a)\" href=\"https:\/\/estudoschairegos.wixsite.com\/iescha\" target=\"_blank\">IESCHA <\/a>organiza, en colaboraci\u00f3n co <a href=\"http:\/\/vilalba.org\/\" target=\"_blank\" rel=\"noreferrer noopener\" aria-label=\"Concello de Vilalba (abre en una nueva pesta\u00f1a)\">Concello de Vilalba<\/a>, a proxecci\u00f3n do galardoado filme de Oliver Laxe, O QUE ARDE. Ser\u00e1 no Auditorio Municipal de Vilalba e coa entrada de balde.<\/p>\n\n\n\n<p>Nos seguintes enlaces van o <a rel=\"noreferrer noopener\" aria-label=\"cartaz  (abre en una nueva pesta\u00f1a)\" href=\"http:\/\/culturaliagz.com\/wp-content\/uploads\/2019\/10\/CARTAZ_O-QUE-ARDE.jpg\" target=\"_blank\">cartaz <\/a>e a <a rel=\"noreferrer noopener\" aria-label=\"nota informativa (abre en una nueva pesta\u00f1a)\" href=\"http:\/\/culturaliagz.com\/wp-content\/uploads\/2019\/10\/NOTA_INFORMATIVA_O-QUE-ARDE-copia.pdf\" target=\"_blank\">nota informativa<\/a> de tal evento cultural.<\/p>\n\n\n\n<p><\/p>\n\n\n\n<p><em>*Informaci\u00f3n achegada desde o IESCHA.<\/em><\/p>\n","protected":false},"excerpt":{"rendered":"<p>Tam\u00e9n o mes de novembro, concretamente o venres 15 de novembro \u00e1s 21:00 h., o IESCHA organiza, en colaboraci\u00f3n co Concello de Vilalba, a proxecci\u00f3n do galardoado filme de Oliver [&hellip;]<\/p>\n","protected":false},"author":1,"featured_media":0,"comment_status":"open","ping_status":"open","sticky":false,"template":"","format":"standard","meta":{"_et_pb_use_builder":"off","_et_pb_old_content":"","_et_gb_content_width":"","_jetpack_memberships_contains_paid_content":false,"footnotes":""},"categories":[23,7,6,1],"tags":[313,234,560,561],"class_list":["post-6488","post","type-post","status-publish","format-standard","hentry","category-autoresas","category-creacion","category-novas","category-xeral","tag-auditorio-municipal-de-vilalba","tag-iescha","tag-o-que-arde","tag-oliver-laxe"],"jetpack_featured_media_url":"","jetpack_sharing_enabled":true,"_links":{"self":[{"href":"http:\/\/culturaliagz.com\/index.php?rest_route=\/wp\/v2\/posts\/6488","targetHints":{"allow":["GET"]}}],"collection":[{"href":"http:\/\/culturaliagz.com\/index.php?rest_route=\/wp\/v2\/posts"}],"about":[{"href":"http:\/\/culturaliagz.com\/index.php?rest_route=\/wp\/v2\/types\/post"}],"author":[{"embeddable":true,"href":"http:\/\/culturaliagz.com\/index.php?rest_route=\/wp\/v2\/users\/1"}],"replies":[{"embeddable":true,"href":"http:\/\/culturaliagz.com\/index.php?rest_route=%2Fwp%2Fv2%2Fcomments&post=6488"}],"version-history":[{"count":4,"href":"http:\/\/culturaliagz.com\/index.php?rest_route=\/wp\/v2\/posts\/6488\/revisions"}],"predecessor-version":[{"id":6494,"href":"http:\/\/culturaliagz.com\/index.php?rest_route=\/wp\/v2\/posts\/6488\/revisions\/6494"}],"wp:attachment":[{"href":"http:\/\/culturaliagz.com\/index.php?rest_route=%2Fwp%2Fv2%2Fmedia&parent=6488"}],"wp:term":[{"taxonomy":"category","embeddable":true,"href":"http:\/\/culturaliagz.com\/index.php?rest_route=%2Fwp%2Fv2%2Fcategories&post=6488"},{"taxonomy":"post_tag","embeddable":true,"href":"http:\/\/culturaliagz.com\/index.php?rest_route=%2Fwp%2Fv2%2Ftags&post=6488"}],"curies":[{"name":"wp","href":"https:\/\/api.w.org\/{rel}","templated":true}]}}