{"id":6475,"date":"2019-10-30T14:55:02","date_gmt":"2019-10-30T13:55:02","guid":{"rendered":"http:\/\/culturaliagz.com\/?p=6475"},"modified":"2019-10-30T14:58:23","modified_gmt":"2019-10-30T13:58:23","slug":"o-ieu-e-os-cantares-de-cego-na-feira-de-santos-de-monterroso-2019","status":"publish","type":"post","link":"http:\/\/culturaliagz.com\/?p=6475","title":{"rendered":"O IEU e os Cantares de Cego na Feira de Santos de Monterroso 2019"},"content":{"rendered":"\n<p><\/p>\n\n\n\n<div class=\"wp-block-image\"><figure class=\"aligncenter\"><a href=\"http:\/\/culturaliagz.com\/wp-content\/uploads\/2019\/10\/CANTARES-DE-CEGO-NA-FEIRA-DE-SANTOS.jpg\" target=\"_blank\" rel=\"noreferrer noopener\"><img loading=\"lazy\" decoding=\"async\" width=\"634\" height=\"896\" src=\"http:\/\/culturaliagz.com\/wp-content\/uploads\/2019\/10\/CANTARES-DE-CEGO-NA-FEIRA-DE-SANTOS.jpg\" alt=\"\" class=\"wp-image-6476\" srcset=\"http:\/\/culturaliagz.com\/wp-content\/uploads\/2019\/10\/CANTARES-DE-CEGO-NA-FEIRA-DE-SANTOS.jpg 634w, http:\/\/culturaliagz.com\/wp-content\/uploads\/2019\/10\/CANTARES-DE-CEGO-NA-FEIRA-DE-SANTOS-212x300.jpg 212w\" sizes=\"auto, (max-width: 634px) 100vw, 634px\" \/><\/a><\/figure><\/div>\n\n\n\n<p><\/p>\n\n\n\n<p>O <a rel=\"noreferrer noopener\" aria-label=\"IEU  (abre en una nueva pesta\u00f1a)\" href=\"http:\/\/ieu.gal\/\" target=\"_blank\">IEU <\/a>participa con diferentes actividades nas feiras comarcais m\u00e1is destacadas, como as Feiras do Libro, Feiras do Queixo da Ulloa, Feira dos Bicos. E non pod\u00eda faltar na feira das feiras que \u00e9 a de Santos de Monterroso (1 de novembro de 2019).\u00a0Este ano organizan, en colaboraci\u00f3n co\u00a0<a rel=\"noreferrer noopener\" aria-label=\"Concello de Monterroso (abre en una nueva pesta\u00f1a)\" href=\"http:\/\/www.monterroso.es\/gl\" target=\"_blank\">Concello de Monterroso<\/a>, os <strong><a href=\"http:\/\/culturaliagz.com\/wp-content\/uploads\/2019\/10\/Cantares-de-Cego-Feira-de-Santos-Monterroso-Instituto-de-Esudos-Ullo\u00e1ns-IEU.pdf\" target=\"_blank\" rel=\"noreferrer noopener\" aria-label=\"Cantares de Cego (abre en una nueva pesta\u00f1a)\">Cantares de Cego<\/a><\/strong>, recuperando unha vella tradici\u00f3n e a idiosincrasia da feira monterrosina.\u00a0Contar\u00e1n coa actuaci\u00f3n do socio, o escritor, poeta e cantor <a rel=\"noreferrer noopener\" aria-label=\"To\u00f1o N\u00fa\u00f1ez (abre en una nueva pesta\u00f1a)\" href=\"https:\/\/www.aelg.gal\/centro-documentacion\/autores-as\/tono-nunez\" target=\"_blank\">To\u00f1o N\u00fa\u00f1ez<\/a>; do animoso acordeonista Xos\u00e9 Manuel Migu\u00e9lez de Santo Xusto; e do p\u00edcaro m\u00e1is\u00a0ocorrente, Brais\u00a0Gayoso. Tres personaxes que dar\u00e1n moito que falar.\u00a0As actuaci\u00f3ns, como se fac\u00eda tradicionalmente, non\u00a0ter\u00e1n lugar nun espazo\u00a0\u00fanico nin a unha hora determinada, sen\u00f3n que os actores percorrer\u00e1n a feira, e al\u00ed\u00a0onde haxa un\u00a0lugar axeitado e concorrido\u00a0interpretar\u00e1n os seus\u00a0romances.\u00a0Unha cita imprescindible. <\/p>\n\n\n\n<p>M\u00e1is infomaci\u00f3n en&nbsp;<a rel=\"noreferrer noopener\" href=\"http:\/\/ieu.gal\/actuacions\/\" target=\"_blank\">http:\/\/ieu.gal\/actuacions\/<\/a><\/p>\n\n\n\n<p><\/p>\n","protected":false},"excerpt":{"rendered":"<p>O IEU participa con diferentes actividades nas feiras comarcais m\u00e1is destacadas, como as Feiras do Libro, Feiras do Queixo da Ulloa, Feira dos Bicos. E non pod\u00eda faltar na feira [&hellip;]<\/p>\n","protected":false},"author":1,"featured_media":0,"comment_status":"open","ping_status":"open","sticky":false,"template":"","format":"standard","meta":{"_et_pb_use_builder":"off","_et_pb_old_content":"","_et_gb_content_width":"","_jetpack_memberships_contains_paid_content":false,"footnotes":""},"categories":[23,7,129,6,1],"tags":[558,557,425,154],"class_list":["post-6475","post","type-post","status-publish","format-standard","hentry","category-autoresas","category-creacion","category-literaria","category-novas","category-xeral","tag-concello-de-monterroso","tag-feira-de-santos-de-monterroso","tag-instituto-de-estudos-ulloans","tag-tono-nunez"],"jetpack_featured_media_url":"","jetpack_sharing_enabled":true,"_links":{"self":[{"href":"http:\/\/culturaliagz.com\/index.php?rest_route=\/wp\/v2\/posts\/6475","targetHints":{"allow":["GET"]}}],"collection":[{"href":"http:\/\/culturaliagz.com\/index.php?rest_route=\/wp\/v2\/posts"}],"about":[{"href":"http:\/\/culturaliagz.com\/index.php?rest_route=\/wp\/v2\/types\/post"}],"author":[{"embeddable":true,"href":"http:\/\/culturaliagz.com\/index.php?rest_route=\/wp\/v2\/users\/1"}],"replies":[{"embeddable":true,"href":"http:\/\/culturaliagz.com\/index.php?rest_route=%2Fwp%2Fv2%2Fcomments&post=6475"}],"version-history":[{"count":2,"href":"http:\/\/culturaliagz.com\/index.php?rest_route=\/wp\/v2\/posts\/6475\/revisions"}],"predecessor-version":[{"id":6479,"href":"http:\/\/culturaliagz.com\/index.php?rest_route=\/wp\/v2\/posts\/6475\/revisions\/6479"}],"wp:attachment":[{"href":"http:\/\/culturaliagz.com\/index.php?rest_route=%2Fwp%2Fv2%2Fmedia&parent=6475"}],"wp:term":[{"taxonomy":"category","embeddable":true,"href":"http:\/\/culturaliagz.com\/index.php?rest_route=%2Fwp%2Fv2%2Fcategories&post=6475"},{"taxonomy":"post_tag","embeddable":true,"href":"http:\/\/culturaliagz.com\/index.php?rest_route=%2Fwp%2Fv2%2Ftags&post=6475"}],"curies":[{"name":"wp","href":"https:\/\/api.w.org\/{rel}","templated":true}]}}