{"id":6463,"date":"2019-10-29T00:55:48","date_gmt":"2019-10-28T23:55:48","guid":{"rendered":"http:\/\/culturaliagz.com\/?p=6463"},"modified":"2019-10-29T00:55:50","modified_gmt":"2019-10-28T23:55:50","slug":"castineiro-milenario-celebrando-o-samain-e-teatro-con-touporroutou","status":"publish","type":"post","link":"http:\/\/culturaliagz.com\/?p=6463","title":{"rendered":"CASTI\u00d1EIRO MILENARIO.- Celebrando o Sama\u00edn e Teatro con Touporroutou"},"content":{"rendered":"\n<p><\/p>\n\n\n\n<ul class=\"wp-block-gallery aligncenter columns-1 is-cropped wp-block-gallery-1 is-layout-flex wp-block-gallery-is-layout-flex\"><li class=\"blocks-gallery-item\"><figure><a href=\"http:\/\/culturaliagz.com\/wp-content\/uploads\/2019\/10\/samain_web.jpg\"><img loading=\"lazy\" decoding=\"async\" width=\"535\" height=\"321\" src=\"http:\/\/culturaliagz.com\/wp-content\/uploads\/2019\/10\/samain_web.jpg\" alt=\"\" data-id=\"6464\" data-link=\"http:\/\/culturaliagz.com\/?attachment_id=6464\" class=\"wp-image-6464\" srcset=\"http:\/\/culturaliagz.com\/wp-content\/uploads\/2019\/10\/samain_web.jpg 535w, http:\/\/culturaliagz.com\/wp-content\/uploads\/2019\/10\/samain_web-300x180.jpg 300w\" sizes=\"auto, (max-width: 535px) 100vw, 535px\" \/><\/a><\/figure><\/li><li class=\"blocks-gallery-item\"><figure><a href=\"http:\/\/culturaliagz.com\/wp-content\/uploads\/2019\/10\/Cartel_teatro_touporroutou-614x1024.jpg\"><img loading=\"lazy\" decoding=\"async\" width=\"614\" height=\"1024\" src=\"http:\/\/culturaliagz.com\/wp-content\/uploads\/2019\/10\/Cartel_teatro_touporroutou-614x1024.jpg\" alt=\"\" data-id=\"6465\" data-link=\"http:\/\/culturaliagz.com\/?attachment_id=6465\" class=\"wp-image-6465\" srcset=\"http:\/\/culturaliagz.com\/wp-content\/uploads\/2019\/10\/Cartel_teatro_touporroutou-614x1024.jpg 614w, http:\/\/culturaliagz.com\/wp-content\/uploads\/2019\/10\/Cartel_teatro_touporroutou-180x300.jpg 180w, http:\/\/culturaliagz.com\/wp-content\/uploads\/2019\/10\/Cartel_teatro_touporroutou-768x1280.jpg 768w, http:\/\/culturaliagz.com\/wp-content\/uploads\/2019\/10\/Cartel_teatro_touporroutou-1080x1800.jpg 1080w, http:\/\/culturaliagz.com\/wp-content\/uploads\/2019\/10\/Cartel_teatro_touporroutou.jpg 1119w\" sizes=\"auto, (max-width: 614px) 100vw, 614px\" \/><\/a><\/figure><\/li><\/ul>\n\n\n\n<p><\/p>\n\n\n\n<p><strong>Celebrando o Sama\u00edn<\/strong><\/p>\n\n\n\n<p>Tal e como fixemos o ano pasado, este 31 de outubro celebraremos o\nSama\u00edn polas parroquias de Pacios e&nbsp; Baamonde. Se te queres unir \u00e1 nosa\n&#8220;Santa Compa\u00f1a&#8221;, quedaremos en Pacios sobre \u00e1s oito e media, e ter\u00e1s\nque vir cunha roupa axeitada para o ocasi\u00f3n: as mulleres, de negro e pano na\ncabeza, como se fose de loito; os homes, igualmente de negro. Tam\u00e9n se pode ir\nde t\u00fanica negra ou similar. Iremos entonando unha &#8220;terror\u00edfica&#8221;\ncanci\u00f3n, adaptada para a ocasi\u00f3n pola nosa querida &#8220;meiga&#8221;, Branca\nVillares.<\/p>\n\n\n\n<p><strong>+info<\/strong> en <a href=\"https:\/\/castinheiromilenario.wordpress.com\/2019\/10\/25\/celebrando-o-samain-2019\/\" target=\"_blank\" rel=\"noreferrer noopener\" aria-label=\" (abre en una nueva pesta\u00f1a)\">https:\/\/castinheiromilenario.wordpress.com\/2019\/10\/25\/celebrando-o-samain-2019\/<\/a><\/p>\n\n\n\n<p><strong>Touporroutou na 2\u00aa xornada do 7\u00ba Ciclo de\nteatro.<\/strong><\/p>\n\n\n\n<p>Despois dalg\u00fans problemas, temos a data definitiva para esta\nsegunda representaci\u00f3n do cilo de teatro. A compa\u00f1\u00eda de Foz, Touporroutou, vai\nrepresentar a obra &#8220;Comedia B\u00edfida&#8221; na Casa da Cultura en Begonte a partir\ndas sete da tarde. Unha obra para p\u00fablico familiar sobre o emprego da nosa\nl\u00edngua.<\/p>\n\n\n\n<p><strong>+info<\/strong> en <a href=\"https:\/\/castinheiromilenario.wordpress.com\/2019\/10\/28\/7o-ciclo-de-teatro-touporroutou\/\" target=\"_blank\" rel=\"noreferrer noopener\" aria-label=\" (abre en una nueva pesta\u00f1a)\">https:\/\/castinheiromilenario.wordpress.com\/2019\/10\/28\/7o-ciclo-de-teatro-touporroutou\/<\/a><\/p>\n\n\n\n<p><\/p>\n\n\n\n<p><em>AC Casti\u00f1eiro Milenario<br> Pacios, 85 27373 Begonte<br> <\/em><a rel=\"noreferrer noopener\" href=\"http:\/\/castinheiromilenario.wordpress.com\" target=\"_blank\"><em>http:\/\/castinheiromilenario.wordpress.com<\/em><\/a><em><br> <\/em><a rel=\"noreferrer noopener\" href=\"https:\/\/gl-es.facebook.com\/castineiro.milenario\" target=\"_blank\"><em>https:\/\/gl-es.facebook.com\/castineiro.milenario<\/em><\/a><em><br> <\/em><a rel=\"noreferrer noopener\" href=\"https:\/\/twitter.com\/CastinheiroMile\" target=\"_blank\"><em>https:\/\/twitter.com\/CastinheiroMile<\/em><\/a><em><br> <\/em><a rel=\"noreferrer noopener\" href=\"https:\/\/www.flickr.com\/photos\/castinheiromilenario\" target=\"_blank\"><em>https:\/\/www.flickr.com\/photos\/castinheiromilenario\/<\/em><\/a><em><br> <\/em><a rel=\"noreferrer noopener\" href=\"http:\/\/festival27373.wordpress.com\/\" target=\"_blank\"><em>http:\/\/festival27373.wordpress.com\/<\/em><\/a><\/p>\n","protected":false},"excerpt":{"rendered":"<p>Celebrando o Sama\u00edn Tal e como fixemos o ano pasado, este 31 de outubro celebraremos o Sama\u00edn polas parroquias de Pacios e&nbsp; Baamonde. Se te queres unir \u00e1 nosa &#8220;Santa [&hellip;]<\/p>\n","protected":false},"author":1,"featured_media":0,"comment_status":"open","ping_status":"open","sticky":false,"template":"","format":"standard","meta":{"_et_pb_use_builder":"off","_et_pb_old_content":"","_et_gb_content_width":"","_jetpack_memberships_contains_paid_content":false,"footnotes":""},"categories":[23,7,129,6,1],"tags":[391,553,554],"class_list":["post-6463","post","type-post","status-publish","format-standard","hentry","category-autoresas","category-creacion","category-literaria","category-novas","category-xeral","tag-castineiro-milenario","tag-celebrando-o-samain","tag-touporroutou-na-2a-xornada-do-7o-ciclo-de-teatro"],"jetpack_featured_media_url":"","jetpack_sharing_enabled":true,"_links":{"self":[{"href":"http:\/\/culturaliagz.com\/index.php?rest_route=\/wp\/v2\/posts\/6463","targetHints":{"allow":["GET"]}}],"collection":[{"href":"http:\/\/culturaliagz.com\/index.php?rest_route=\/wp\/v2\/posts"}],"about":[{"href":"http:\/\/culturaliagz.com\/index.php?rest_route=\/wp\/v2\/types\/post"}],"author":[{"embeddable":true,"href":"http:\/\/culturaliagz.com\/index.php?rest_route=\/wp\/v2\/users\/1"}],"replies":[{"embeddable":true,"href":"http:\/\/culturaliagz.com\/index.php?rest_route=%2Fwp%2Fv2%2Fcomments&post=6463"}],"version-history":[{"count":1,"href":"http:\/\/culturaliagz.com\/index.php?rest_route=\/wp\/v2\/posts\/6463\/revisions"}],"predecessor-version":[{"id":6466,"href":"http:\/\/culturaliagz.com\/index.php?rest_route=\/wp\/v2\/posts\/6463\/revisions\/6466"}],"wp:attachment":[{"href":"http:\/\/culturaliagz.com\/index.php?rest_route=%2Fwp%2Fv2%2Fmedia&parent=6463"}],"wp:term":[{"taxonomy":"category","embeddable":true,"href":"http:\/\/culturaliagz.com\/index.php?rest_route=%2Fwp%2Fv2%2Fcategories&post=6463"},{"taxonomy":"post_tag","embeddable":true,"href":"http:\/\/culturaliagz.com\/index.php?rest_route=%2Fwp%2Fv2%2Ftags&post=6463"}],"curies":[{"name":"wp","href":"https:\/\/api.w.org\/{rel}","templated":true}]}}