{"id":6459,"date":"2019-10-29T00:44:27","date_gmt":"2019-10-28T23:44:27","guid":{"rendered":"http:\/\/culturaliagz.com\/?p=6459"},"modified":"2019-10-29T00:44:29","modified_gmt":"2019-10-28T23:44:29","slug":"acta-resolucion-iii-premio-agustin-fernandez-paz","status":"publish","type":"post","link":"http:\/\/culturaliagz.com\/?p=6459","title":{"rendered":"Acta resoluci\u00f3n III Premio Agust\u00edn Fern\u00e1ndez Paz"},"content":{"rendered":"\n<p><\/p>\n\n\n\n<div class=\"wp-block-image\"><figure class=\"aligncenter\"><a href=\"http:\/\/culturaliagz.com\/wp-content\/uploads\/2019\/04\/Image-1.jpg\" target=\"_blank\" rel=\"noreferrer noopener\"><img loading=\"lazy\" decoding=\"async\" width=\"680\" height=\"1024\" src=\"http:\/\/culturaliagz.com\/wp-content\/uploads\/2019\/04\/Image-1-680x1024.jpg\" alt=\"\" class=\"wp-image-5790\" srcset=\"http:\/\/culturaliagz.com\/wp-content\/uploads\/2019\/04\/Image-1-680x1024.jpg 680w, http:\/\/culturaliagz.com\/wp-content\/uploads\/2019\/04\/Image-1-199x300.jpg 199w, http:\/\/culturaliagz.com\/wp-content\/uploads\/2019\/04\/Image-1.jpg 736w\" sizes=\"auto, (max-width: 680px) 100vw, 680px\" \/><\/a><\/figure><\/div>\n\n\n\n<p style=\"text-align:center\"><strong>ACTA DA CONCESI\u00d3N DO  III PREMIO AGUST\u00cdN FERN\u00c1NDEZ PAZ DE NARRATIVA INFANTIL E XUVENIL  POLA IGUALDADE<\/strong><\/p>\n\n\n\n<p><br> Reunido na Sala de Xuntas do Instituto de Estudos Chairegos, sita na Casa da Cultura de Vilalba, o s\u00e1bado, d\u00eda 26 de outubro de 2019, o Xurado do III Premio Agust\u00edn Fern\u00e1ndez Paz de narrativa infantil e xuvenil pola Igualdade, convocado polo <a rel=\"noreferrer noopener\" aria-label=\"Instituto de Estudos Chairegos, (abre en una nueva pesta\u00f1a)\" href=\"https:\/\/estudoschairegos.wixsite.com\/iescha?fbclid=IwAR2TBYnS8rylP7AleygKuHqInays8Yq7Fbbw6LeP4HlcgKr1XcSKrN9K9P0\" target=\"_blank\">Instituto de Estudos Chairegos,<\/a> o <a rel=\"noreferrer noopener\" aria-label=\"Concello de Vilalba (abre en una nueva pesta\u00f1a)\" href=\"http:\/\/vilalba.org\/\" target=\"_blank\">Concello de Vilalba<\/a> e <a href=\"https:\/\/www.xerais.gal\/\" target=\"_blank\" rel=\"noreferrer noopener\" aria-label=\"Edici\u00f3ns Xerais de Galicia (abre en una nueva pesta\u00f1a)\">Edici\u00f3ns Xerais de Galicia<\/a>, e formado por <em>D\u00aa Rosa Aneiros D\u00edaz, D. Manuel Bragado Rodr\u00edguez e D. Xavier Sen\u00edn Fern\u00e1ndez<\/em>,<\/p>\n\n\n\n<p><br> Acordou por unanimidade outorgar dito Premio \u00e1 obra titulada <strong>PLAN DE RESCATE<\/strong>  presentada baixo o lema ou seud\u00f3nimo de <em>PLAN DE RESCATE<\/em><br> Unha vez aberta a plica, resultou ser a autora ANT\u00cdA Y\u00c1\u00d1EZ RODR\u00cdGUEZ<br><\/p>\n\n\n\n<p> ADENDA:<br> Noela unha rapaza de dez anos en cadeira de rodas conta a historia<br> protagonizada polos seus compa\u00f1eiros de clase de apoio. Todos os catro<br> resolver\u00e1n unha dif\u00edcil situaci\u00f3n que sofren o resto dos seus colegas e o<br> profesorado do centro. Unha aventura chea de humor e iron\u00eda onde cada un dos espazos da escola se transforma en escenario dunha inesperada operaci\u00f3n de rescate.<br>E para que as\u00ed conste, asinan a presente acta no lugar e data anteriormente citados,<br> Asdo.: Rosa Aneiros Asdo.: Manuel Bragado Asdo.: Xavier Sen\u00edn<\/p>\n\n\n\n<p>Velaqu\u00ed a <a href=\"http:\/\/culturaliagz.com\/wp-content\/uploads\/2019\/10\/ACTA-DA-CONCESIO\u0301N-DO-III-PREMIO-AFP.pdf\" target=\"_blank\" rel=\"noreferrer noopener\" aria-label=\"acta  (abre en una nueva pesta\u00f1a)\">acta <\/a>da resoluci\u00f3n de dito premio.<\/p>\n","protected":false},"excerpt":{"rendered":"<p>ACTA DA CONCESI\u00d3N DO III PREMIO AGUST\u00cdN FERN\u00c1NDEZ PAZ DE NARRATIVA INFANTIL E XUVENIL POLA IGUALDADE Reunido na Sala de Xuntas do Instituto de Estudos Chairegos, sita na Casa da [&hellip;]<\/p>\n","protected":false},"author":1,"featured_media":0,"comment_status":"open","ping_status":"open","sticky":false,"template":"","format":"standard","meta":{"_et_pb_use_builder":"off","_et_pb_old_content":"","_et_gb_content_width":"","_jetpack_memberships_contains_paid_content":false,"footnotes":""},"categories":[23,7,129,6,1],"tags":[552,30,335,234,397,551],"class_list":["post-6459","post","type-post","status-publish","format-standard","hentry","category-autoresas","category-creacion","category-literaria","category-novas","category-xeral","tag-antia-yanez-rodriguez","tag-concello-de-vilalba","tag-edicions-xerais","tag-iescha","tag-iii-premio-agustin-fernandez-paz","tag-plan-de-rescate"],"jetpack_featured_media_url":"","jetpack_sharing_enabled":true,"_links":{"self":[{"href":"http:\/\/culturaliagz.com\/index.php?rest_route=\/wp\/v2\/posts\/6459","targetHints":{"allow":["GET"]}}],"collection":[{"href":"http:\/\/culturaliagz.com\/index.php?rest_route=\/wp\/v2\/posts"}],"about":[{"href":"http:\/\/culturaliagz.com\/index.php?rest_route=\/wp\/v2\/types\/post"}],"author":[{"embeddable":true,"href":"http:\/\/culturaliagz.com\/index.php?rest_route=\/wp\/v2\/users\/1"}],"replies":[{"embeddable":true,"href":"http:\/\/culturaliagz.com\/index.php?rest_route=%2Fwp%2Fv2%2Fcomments&post=6459"}],"version-history":[{"count":2,"href":"http:\/\/culturaliagz.com\/index.php?rest_route=\/wp\/v2\/posts\/6459\/revisions"}],"predecessor-version":[{"id":6462,"href":"http:\/\/culturaliagz.com\/index.php?rest_route=\/wp\/v2\/posts\/6459\/revisions\/6462"}],"wp:attachment":[{"href":"http:\/\/culturaliagz.com\/index.php?rest_route=%2Fwp%2Fv2%2Fmedia&parent=6459"}],"wp:term":[{"taxonomy":"category","embeddable":true,"href":"http:\/\/culturaliagz.com\/index.php?rest_route=%2Fwp%2Fv2%2Fcategories&post=6459"},{"taxonomy":"post_tag","embeddable":true,"href":"http:\/\/culturaliagz.com\/index.php?rest_route=%2Fwp%2Fv2%2Ftags&post=6459"}],"curies":[{"name":"wp","href":"https:\/\/api.w.org\/{rel}","templated":true}]}}