{"id":6450,"date":"2019-10-22T23:46:40","date_gmt":"2019-10-22T22:46:40","guid":{"rendered":"http:\/\/culturaliagz.com\/?p=6450"},"modified":"2019-10-22T23:48:36","modified_gmt":"2019-10-22T22:48:36","slug":"presentacion-do-libro-poetas-do-reencontro-da-irmandade-poetica-e-artistica-galaico-lusa-en-chantada","status":"publish","type":"post","link":"http:\/\/culturaliagz.com\/?p=6450","title":{"rendered":"Presentaci\u00f3n do libro POETAS DO REENCONTRO, da Irmandade po\u00e9tica e art\u00edstica Galaico-Lusa, en Chantada"},"content":{"rendered":"\n<p><\/p>\n\n\n\n<div class=\"wp-block-image\"><figure class=\"aligncenter\"><a href=\"http:\/\/culturaliagz.com\/wp-content\/uploads\/2019\/10\/LIBRO-IRMANDADE-PO\u00c9TICA.jpg\" target=\"_blank\" rel=\"noreferrer noopener\"><img loading=\"lazy\" decoding=\"async\" width=\"1024\" height=\"724\" src=\"http:\/\/culturaliagz.com\/wp-content\/uploads\/2019\/10\/LIBRO-IRMANDADE-PO\u00c9TICA-1024x724.jpg\" alt=\"\" class=\"wp-image-6451\" srcset=\"http:\/\/culturaliagz.com\/wp-content\/uploads\/2019\/10\/LIBRO-IRMANDADE-PO\u00c9TICA-1024x724.jpg 1024w, http:\/\/culturaliagz.com\/wp-content\/uploads\/2019\/10\/LIBRO-IRMANDADE-PO\u00c9TICA-300x212.jpg 300w, http:\/\/culturaliagz.com\/wp-content\/uploads\/2019\/10\/LIBRO-IRMANDADE-PO\u00c9TICA-768x543.jpg 768w, http:\/\/culturaliagz.com\/wp-content\/uploads\/2019\/10\/LIBRO-IRMANDADE-PO\u00c9TICA-400x284.jpg 400w, http:\/\/culturaliagz.com\/wp-content\/uploads\/2019\/10\/LIBRO-IRMANDADE-PO\u00c9TICA-1080x764.jpg 1080w, http:\/\/culturaliagz.com\/wp-content\/uploads\/2019\/10\/LIBRO-IRMANDADE-PO\u00c9TICA.jpg 1440w\" sizes=\"auto, (max-width: 1024px) 100vw, 1024px\" \/><\/a><\/figure><\/div>\n\n\n\n<p><\/p>\n\n\n\n<p>O vindeiro s\u00e1bado 26 de outubro de 2019, a partir das 17:00 h., no <a rel=\"noreferrer noopener\" aria-label=\"C\u00edrculo Recreativo Cultural de Chantada (abre en una nueva pesta\u00f1a)\" href=\"https:\/\/es-es.facebook.com\/pages\/category\/Society---Culture-Website\/C\u00edrculo-Recreativo-e-Cultural-de-Chantada-1059475974215889\/\" target=\"_blank\">C\u00edrculo Recreativo Cultural de Chantada<\/a> celebrarase a presentaci\u00f3n do libro POETAS DO REENCONTRO, cuxa autor\u00eda pertence \u00e1 <a rel=\"noreferrer noopener\" aria-label=\"Irmandade Po\u00e9tica e Art\u00edstica Galaico-Lusa (abre en una nueva pesta\u00f1a)\" href=\"https:\/\/www.facebook.com\/groups\/326049168056153\/photos\/\" target=\"_blank\">Irmandade Po\u00e9tica e Art\u00edstica Galaico-Lusa<\/a>.<\/p>\n\n\n\n<p>Esta presentaci\u00f3n enc\u00e1drase dentro do II Encontro Po\u00e9tico Galaico-Luso en Terras de Chantada.<\/p>\n\n\n\n<p>Contar\u00e1 coa intervenci\u00f3n dos poetas que participan nesta colleita po\u00e9tica. E amenizar\u00e1n o acto as actuaci\u00f3ns musicais de Natalia Bilenko e Iria (Clave de Fado). Ademais ter\u00e1 lugar unha exposici\u00f3n pict\u00f3rica. E de remate deste evento cultural, os que o desexen gozar\u00e1n dunha cea de fraternidade.<\/p>\n\n\n\n<p><\/p>\n\n\n\n<p><em>*Informaci\u00f3n facilitada pola IRMANDADE PO\u00c9TICA GALAICO-LUSA.<\/em><\/p>\n","protected":false},"excerpt":{"rendered":"<p>O vindeiro s\u00e1bado 26 de outubro de 2019, a partir das 17:00 h., no C\u00edrculo Recreativo Cultural de Chantada celebrarase a presentaci\u00f3n do libro POETAS DO REENCONTRO, cuxa autor\u00eda pertence [&hellip;]<\/p>\n","protected":false},"author":1,"featured_media":0,"comment_status":"open","ping_status":"open","sticky":false,"template":"","format":"standard","meta":{"_et_pb_use_builder":"off","_et_pb_old_content":"","_et_gb_content_width":"","_jetpack_memberships_contains_paid_content":false,"footnotes":""},"categories":[23,7,129,6,1],"tags":[547,546,545],"class_list":["post-6450","post","type-post","status-publish","format-standard","hentry","category-autoresas","category-creacion","category-literaria","category-novas","category-xeral","tag-circulo-recreativo-cultural-de-chantada","tag-irmandade-poetica-e-artistica-galaico-lusa","tag-poetas-do-reencontro"],"jetpack_featured_media_url":"","jetpack_sharing_enabled":true,"_links":{"self":[{"href":"http:\/\/culturaliagz.com\/index.php?rest_route=\/wp\/v2\/posts\/6450","targetHints":{"allow":["GET"]}}],"collection":[{"href":"http:\/\/culturaliagz.com\/index.php?rest_route=\/wp\/v2\/posts"}],"about":[{"href":"http:\/\/culturaliagz.com\/index.php?rest_route=\/wp\/v2\/types\/post"}],"author":[{"embeddable":true,"href":"http:\/\/culturaliagz.com\/index.php?rest_route=\/wp\/v2\/users\/1"}],"replies":[{"embeddable":true,"href":"http:\/\/culturaliagz.com\/index.php?rest_route=%2Fwp%2Fv2%2Fcomments&post=6450"}],"version-history":[{"count":2,"href":"http:\/\/culturaliagz.com\/index.php?rest_route=\/wp\/v2\/posts\/6450\/revisions"}],"predecessor-version":[{"id":6453,"href":"http:\/\/culturaliagz.com\/index.php?rest_route=\/wp\/v2\/posts\/6450\/revisions\/6453"}],"wp:attachment":[{"href":"http:\/\/culturaliagz.com\/index.php?rest_route=%2Fwp%2Fv2%2Fmedia&parent=6450"}],"wp:term":[{"taxonomy":"category","embeddable":true,"href":"http:\/\/culturaliagz.com\/index.php?rest_route=%2Fwp%2Fv2%2Fcategories&post=6450"},{"taxonomy":"post_tag","embeddable":true,"href":"http:\/\/culturaliagz.com\/index.php?rest_route=%2Fwp%2Fv2%2Ftags&post=6450"}],"curies":[{"name":"wp","href":"https:\/\/api.w.org\/{rel}","templated":true}]}}