{"id":6447,"date":"2019-10-22T12:01:48","date_gmt":"2019-10-22T11:01:48","guid":{"rendered":"http:\/\/culturaliagz.com\/?p=6447"},"modified":"2019-10-22T12:01:50","modified_gmt":"2019-10-22T11:01:50","slug":"concerto-de-estrea-da-cantata-as-ruas-do-vento-ceibe-de-rogelio-groba-no-teatro-colon-da-coruna","status":"publish","type":"post","link":"http:\/\/culturaliagz.com\/?p=6447","title":{"rendered":"Concerto de estrea da Cantata AS R\u00daAS DO VENTO CEIBE, de Rogelio Groba, no Teatro Col\u00f3n da Coru\u00f1a"},"content":{"rendered":"\n<div class=\"wp-block-image\"><figure class=\"aligncenter\"><a href=\"http:\/\/culturaliagz.com\/wp-content\/uploads\/2019\/10\/8A51C274-B719-450E-A94F-C76E885C2186.jpeg\" target=\"_blank\" rel=\"noreferrer noopener\"><img loading=\"lazy\" decoding=\"async\" width=\"828\" height=\"599\" src=\"http:\/\/culturaliagz.com\/wp-content\/uploads\/2019\/10\/8A51C274-B719-450E-A94F-C76E885C2186.jpeg\" alt=\"\" class=\"wp-image-6448\" srcset=\"http:\/\/culturaliagz.com\/wp-content\/uploads\/2019\/10\/8A51C274-B719-450E-A94F-C76E885C2186.jpeg 828w, http:\/\/culturaliagz.com\/wp-content\/uploads\/2019\/10\/8A51C274-B719-450E-A94F-C76E885C2186-300x217.jpeg 300w, http:\/\/culturaliagz.com\/wp-content\/uploads\/2019\/10\/8A51C274-B719-450E-A94F-C76E885C2186-768x556.jpeg 768w\" sizes=\"auto, (max-width: 828px) 100vw, 828px\" \/><\/a><\/figure><\/div>\n\n\n\n<p>O pr\u00f3ximo&nbsp;<a href=\"x-apple-data-detectors:\/\/0\">2 de novembro<\/a>, \u00e1s 20.30, no Teatro Col\u00f3n da Coru\u00f1a teremos a oportunidade \u00fanica de ver a estrea da&nbsp;<strong>Cantata para coro e m\u00fasica \u201cAs r\u00faas do vento ceibe\u201d<\/strong>, obra do mestre&nbsp;<strong>Rogelio Groba<\/strong>, o compositor galego vivo m\u00e1is relevante.<\/p>\n\n\n\n<p>A cantata est\u00e1 fundamentada no libro hom\u00f3nimo de&nbsp;<strong>Manuel Mar\u00eda<\/strong>&nbsp;e, concretamente, nos poemas iniciais agrupados baixo o t\u00edtulo \u201cA Patria\u201d (Mapa de Galiza, A fala, A bandeira, O escudo, A emigraci\u00f3n e A colonia).<\/p>\n\n\n\n<p>A prestixiosa e excelente&nbsp;<strong>Orquestra d<\/strong><strong>e C\u00e1mara Galega<\/strong>, dirixida por Rogelio Groba Otero, ser\u00e1 a encarregada de interpretar esta obra, e far\u00e1o na compa\u00f1a do<strong>&nbsp;Coro de C\u00e1mara de Pamplona\/Iru\u00f1eko Ganbara Abesbatza<\/strong>, dirixida por David G\u00e1lvez Pintado e con m\u00e1is de cen discos publicados.<\/p>\n\n\n\n<p>A entrada \u00e9 libre at\u00e9 completar o aforo.<\/p>\n\n\n\n<p><\/p>\n\n\n\n<p><em>*Informaci\u00f3n desde a Casa-Museo Manuel Mar\u00eda.<\/em><\/p>\n","protected":false},"excerpt":{"rendered":"<p>O pr\u00f3ximo&nbsp;2 de novembro, \u00e1s 20.30, no Teatro Col\u00f3n da Coru\u00f1a teremos a oportunidade \u00fanica de ver a estrea da&nbsp;Cantata para coro e m\u00fasica \u201cAs r\u00faas do vento ceibe\u201d, obra [&hellip;]<\/p>\n","protected":false},"author":1,"featured_media":0,"comment_status":"open","ping_status":"open","sticky":false,"template":"","format":"standard","meta":{"_et_pb_use_builder":"off","_et_pb_old_content":"","_et_gb_content_width":"","_jetpack_memberships_contains_paid_content":false,"footnotes":""},"categories":[23,7,129,6,1],"tags":[543,190,544],"class_list":["post-6447","post","type-post","status-publish","format-standard","hentry","category-autoresas","category-creacion","category-literaria","category-novas","category-xeral","tag-as-ruas-do-vento-ceibe","tag-casa-museo-manuel-maria","tag-rogelio-groba"],"jetpack_featured_media_url":"","jetpack_sharing_enabled":true,"_links":{"self":[{"href":"http:\/\/culturaliagz.com\/index.php?rest_route=\/wp\/v2\/posts\/6447","targetHints":{"allow":["GET"]}}],"collection":[{"href":"http:\/\/culturaliagz.com\/index.php?rest_route=\/wp\/v2\/posts"}],"about":[{"href":"http:\/\/culturaliagz.com\/index.php?rest_route=\/wp\/v2\/types\/post"}],"author":[{"embeddable":true,"href":"http:\/\/culturaliagz.com\/index.php?rest_route=\/wp\/v2\/users\/1"}],"replies":[{"embeddable":true,"href":"http:\/\/culturaliagz.com\/index.php?rest_route=%2Fwp%2Fv2%2Fcomments&post=6447"}],"version-history":[{"count":1,"href":"http:\/\/culturaliagz.com\/index.php?rest_route=\/wp\/v2\/posts\/6447\/revisions"}],"predecessor-version":[{"id":6449,"href":"http:\/\/culturaliagz.com\/index.php?rest_route=\/wp\/v2\/posts\/6447\/revisions\/6449"}],"wp:attachment":[{"href":"http:\/\/culturaliagz.com\/index.php?rest_route=%2Fwp%2Fv2%2Fmedia&parent=6447"}],"wp:term":[{"taxonomy":"category","embeddable":true,"href":"http:\/\/culturaliagz.com\/index.php?rest_route=%2Fwp%2Fv2%2Fcategories&post=6447"},{"taxonomy":"post_tag","embeddable":true,"href":"http:\/\/culturaliagz.com\/index.php?rest_route=%2Fwp%2Fv2%2Ftags&post=6447"}],"curies":[{"name":"wp","href":"https:\/\/api.w.org\/{rel}","templated":true}]}}