{"id":6442,"date":"2019-10-22T00:10:29","date_gmt":"2019-10-21T23:10:29","guid":{"rendered":"http:\/\/culturaliagz.com\/?p=6442"},"modified":"2019-10-22T00:10:31","modified_gmt":"2019-10-21T23:10:31","slug":"os-libros-contratacan-de-lucecus-teatro-este-sabado-26-de-outubro-na-casa-museo-manuel-maria","status":"publish","type":"post","link":"http:\/\/culturaliagz.com\/?p=6442","title":{"rendered":"OS LIBROS CONTRATACAN, de Lucec\u00fas Teatro, este s\u00e1bado 26 de outubro na Casa-Museo Manuel Mar\u00eda"},"content":{"rendered":"\n<p><\/p>\n\n\n\n<div class=\"wp-block-image\"><figure class=\"aligncenter\"><a href=\"http:\/\/culturaliagz.com\/wp-content\/uploads\/2019\/10\/OS-LIBROS-CONTRATACAN.jpg\" target=\"_blank\" rel=\"noreferrer noopener\"><img loading=\"lazy\" decoding=\"async\" width=\"558\" height=\"768\" src=\"http:\/\/culturaliagz.com\/wp-content\/uploads\/2019\/10\/OS-LIBROS-CONTRATACAN.jpg\" alt=\"\" class=\"wp-image-6443\" srcset=\"http:\/\/culturaliagz.com\/wp-content\/uploads\/2019\/10\/OS-LIBROS-CONTRATACAN.jpg 558w, http:\/\/culturaliagz.com\/wp-content\/uploads\/2019\/10\/OS-LIBROS-CONTRATACAN-218x300.jpg 218w\" sizes=\"auto, (max-width: 558px) 100vw, 558px\" \/><\/a><\/figure><\/div>\n\n\n\n<p>Este s\u00e1bado, 26 de outubro, a <a rel=\"noreferrer noopener\" aria-label=\"Casa-Museo Manuel Mar\u00eda (abre en una nueva pesta\u00f1a)\" href=\"http:\/\/www.casamuseomanuelmaria.gal\/portada.htm\" target=\"_blank\">Casa-Museo Manuel Mar\u00eda<\/a> programa, \u00e1s 18 hrs,<a href=\"http:\/\/www.casamuseomanuelmaria.gal\/actividades\/lucecus-teatro-representa-o-sabado-26-os-libros-contraatacan.htm?tipo=ACTIVIDADE\" target=\"_blank\" rel=\"noreferrer noopener\" aria-label=\" \u201cOs libros contraatacan\u201d (abre en una nueva pesta\u00f1a)\"> \u201cOs libros contraatacan\u201d<\/a>, unha comedia dirixida para p\u00fablico infantil a partir de 5 anos e levada \u00e1 escena por Lucec\u00fas Teatro.<\/p>\n\n\n\n<p>A peza de&nbsp;autor\u00eda de Anxo Manoel Lamelo e dirixida por Isabel Herrero&nbsp;ten a seguinte sipnose:<\/p>\n\n\n\n<p><em>Unha loita entre o ben e o mal. Os libros e os que habitan neles deb\u00e1tense entre facer o ben ou pasarse ao lado escuro. Na biblioteca da Academia Jedi, un estudante queda pechado e esquecido pola noite. O que al\u00ed faga, rodeado de libros, marcar\u00e1 o seu destino para sempre. Xogos, falcatruadas, canci\u00f3ns e moito conto ser\u00e1n os seus compa\u00f1eiros de viaxe. O protagonista Anakin, grazas ao seu encerro e coa axuda dos libros e das lecci\u00f3ns dos seus mestres Jedis, sempre baseadas en contos e lendas, tratar\u00e1 de atopar unha soluci\u00f3n \u00e1 s\u00faa situaci\u00f3n. Esta peza, fala do dereito a ser diferente e da dificultade de facelo, dos l\u00edmites entre o ben e o mal, de como hai cousas que escapan ao noso control e sobre como poden marcar o noso percurso vital. Que est\u00e1 ben? Que est\u00e1 mal? Onde est\u00e1 a diferenza? O que \u00e9 malo para n\u00f3s pode ser bo para outros e viceversa? Como infl\u00fae en n\u00f3s o xeito en que nos tratan os demais?<\/em><\/p>\n\n\n\n<p>A representaci\u00f3n, de cincuenta minutos de duraci\u00f3n, enc\u00e1drase dentro do programa de teatro profesional PROSCENIO que impulsa a \u00e1rea de Cultura da Deputaci\u00f3n de Lugo para contribu\u00edr \u00e1 difusi\u00f3n do teatro na s\u00faa vertente profesional en entidades municipais e culturais da provincia, as\u00ed como potenciar a actividade cultural.<\/p>\n\n\n\n<p>A entrada \u00e9 libre at\u00e9 encher o aforo mais as\u00a0persoas interesadas en asistiren\u00a0deben facer a reserva previamente en <a rel=\"noreferrer noopener\" href=\"mailto:contacto@casamuseomanuelmaria.gal\" target=\"_blank\">contacto@casamuseomanuelmaria.gal<\/a><br><\/p>\n\n\n\n<p><\/p>\n\n\n\n<p><em>*Informaci\u00f3n facilitada pola Casa-Museo Manuel Mar\u00eda.<\/em><\/p>\n","protected":false},"excerpt":{"rendered":"<p>Este s\u00e1bado, 26 de outubro, a Casa-Museo Manuel Mar\u00eda programa, \u00e1s 18 hrs, \u201cOs libros contraatacan\u201d, unha comedia dirixida para p\u00fablico infantil a partir de 5 anos e levada \u00e1 [&hellip;]<\/p>\n","protected":false},"author":1,"featured_media":0,"comment_status":"open","ping_status":"open","sticky":false,"template":"","format":"standard","meta":{"_et_pb_use_builder":"off","_et_pb_old_content":"","_et_gb_content_width":"","_jetpack_memberships_contains_paid_content":false,"footnotes":""},"categories":[23,7,6,1],"tags":[190,542,541],"class_list":["post-6442","post","type-post","status-publish","format-standard","hentry","category-autoresas","category-creacion","category-novas","category-xeral","tag-casa-museo-manuel-maria","tag-lucecus-teatro","tag-os-libros-contraatacan"],"jetpack_featured_media_url":"","jetpack_sharing_enabled":true,"_links":{"self":[{"href":"http:\/\/culturaliagz.com\/index.php?rest_route=\/wp\/v2\/posts\/6442","targetHints":{"allow":["GET"]}}],"collection":[{"href":"http:\/\/culturaliagz.com\/index.php?rest_route=\/wp\/v2\/posts"}],"about":[{"href":"http:\/\/culturaliagz.com\/index.php?rest_route=\/wp\/v2\/types\/post"}],"author":[{"embeddable":true,"href":"http:\/\/culturaliagz.com\/index.php?rest_route=\/wp\/v2\/users\/1"}],"replies":[{"embeddable":true,"href":"http:\/\/culturaliagz.com\/index.php?rest_route=%2Fwp%2Fv2%2Fcomments&post=6442"}],"version-history":[{"count":1,"href":"http:\/\/culturaliagz.com\/index.php?rest_route=\/wp\/v2\/posts\/6442\/revisions"}],"predecessor-version":[{"id":6444,"href":"http:\/\/culturaliagz.com\/index.php?rest_route=\/wp\/v2\/posts\/6442\/revisions\/6444"}],"wp:attachment":[{"href":"http:\/\/culturaliagz.com\/index.php?rest_route=%2Fwp%2Fv2%2Fmedia&parent=6442"}],"wp:term":[{"taxonomy":"category","embeddable":true,"href":"http:\/\/culturaliagz.com\/index.php?rest_route=%2Fwp%2Fv2%2Fcategories&post=6442"},{"taxonomy":"post_tag","embeddable":true,"href":"http:\/\/culturaliagz.com\/index.php?rest_route=%2Fwp%2Fv2%2Ftags&post=6442"}],"curies":[{"name":"wp","href":"https:\/\/api.w.org\/{rel}","templated":true}]}}