{"id":6430,"date":"2019-10-19T23:37:25","date_gmt":"2019-10-19T22:37:25","guid":{"rendered":"http:\/\/culturaliagz.com\/?p=6430"},"modified":"2019-10-19T23:40:06","modified_gmt":"2019-10-19T22:40:06","slug":"ieu-exposicion-caminos-de-natureza-cultura-e-peregrinaxe-de-xose-manuel-perez-paredes-no-castelo-de-pambre","status":"publish","type":"post","link":"http:\/\/culturaliagz.com\/?p=6430","title":{"rendered":"IEU.- Exposici\u00f3n CAMI\u00d1OS DE NATUREZA, CULTURA E PEREGRINAXE, de Xos\u00e9 Manuel P\u00e9rez Paredes, no Castelo de Pambre"},"content":{"rendered":"\n<p><\/p>\n\n\n\n<div class=\"wp-block-image\"><figure class=\"aligncenter\"><a href=\"http:\/\/culturaliagz.com\/wp-content\/uploads\/2019\/10\/Fotos-1-Expo-INKA.cdr_.png\" target=\"_blank\" rel=\"noreferrer noopener\"><img loading=\"lazy\" decoding=\"async\" width=\"1024\" height=\"724\" src=\"http:\/\/culturaliagz.com\/wp-content\/uploads\/2019\/10\/Fotos-1-Expo-INKA.cdr_-1024x724.png\" alt=\"\" class=\"wp-image-6431\" srcset=\"http:\/\/culturaliagz.com\/wp-content\/uploads\/2019\/10\/Fotos-1-Expo-INKA.cdr_-1024x724.png 1024w, http:\/\/culturaliagz.com\/wp-content\/uploads\/2019\/10\/Fotos-1-Expo-INKA.cdr_-300x212.png 300w, http:\/\/culturaliagz.com\/wp-content\/uploads\/2019\/10\/Fotos-1-Expo-INKA.cdr_-768x543.png 768w, http:\/\/culturaliagz.com\/wp-content\/uploads\/2019\/10\/Fotos-1-Expo-INKA.cdr_-400x284.png 400w, http:\/\/culturaliagz.com\/wp-content\/uploads\/2019\/10\/Fotos-1-Expo-INKA.cdr_-1080x764.png 1080w, http:\/\/culturaliagz.com\/wp-content\/uploads\/2019\/10\/Fotos-1-Expo-INKA.cdr_.png 1191w\" sizes=\"auto, (max-width: 1024px) 100vw, 1024px\" \/><\/a><\/figure><\/div>\n\n\n\n<p><\/p>\n\n\n\n<p>O <a rel=\"noreferrer noopener\" aria-label=\"IEU  (abre en una nueva pesta\u00f1a)\" href=\"http:\/\/ieu.gal\/\" target=\"_blank\">IEU <\/a>organiza este domingo 20 outubro \u00e1s 13 h. no <a href=\"http:\/\/castelodepambre.com\/\" target=\"_blank\" rel=\"noreferrer noopener\" aria-label=\"Castelo de Pambre (abre en una nueva pesta\u00f1a)\">Castelo de Pambre<\/a> a inauguraci\u00f3n da exposici\u00f3n de fotograf\u00eda do noso socio Xos\u00e9 Manuel P\u00e9rez Paredes <strong><a rel=\"noreferrer noopener\" aria-label=\"CAMI\u00d1OS DE NATUREZA, CULTURA E PEREGRINAXE. Per\u00fa: Camino Inka (abre en una nueva pesta\u00f1a)\" href=\"http:\/\/ieu.gal\/exposicions\/\" target=\"_blank\">CAMI\u00d1OS DE NATUREZA, CULTURA E PEREGRINAXE. Per\u00fa: Camino Inka<\/a><\/strong><br>As fotograf\u00edas desta exposici\u00f3n corresponden ao percorrido realizado do 1 ao 4 de abril de 2012 por 6 integrantes da Orde das Donas e Cabaleiros do Priorato de Vilar das Donas \u201cOs Lobos\u201d: Zeltia Laya Sanchez, Ana Isabel Ramos Lavandeira, Afonso Garc\u00eda Penas, Xesus Vila Nu\u00f1ez, Oscar Varela Casal e Xos\u00e9 Manuel P\u00e9rezParedes, polo &#8220;Val Sagrado dos Incas&#8221;, desde o km 82 (Piscakucho) ata chegar ao ca\u00f1\u00f3n do r\u00edo Urubamba, concretamente a Machu Picchu e Wayna Picchu. <\/p>\n\n\n\n<p><\/p>\n\n\n\n<p><em>*Informaci\u00f3n achegada desde o IEU.<\/em><\/p>\n","protected":false},"excerpt":{"rendered":"<p>O IEU organiza este domingo 20 outubro \u00e1s 13 h. no Castelo de Pambre a inauguraci\u00f3n da exposici\u00f3n de fotograf\u00eda do noso socio Xos\u00e9 Manuel P\u00e9rez Paredes CAMI\u00d1OS DE NATUREZA, [&hellip;]<\/p>\n","protected":false},"author":1,"featured_media":0,"comment_status":"open","ping_status":"open","sticky":false,"template":"","format":"standard","meta":{"_et_pb_use_builder":"off","_et_pb_old_content":"","_et_gb_content_width":"","_jetpack_memberships_contains_paid_content":false,"footnotes":""},"categories":[23,6,1],"tags":[471,540,425],"class_list":["post-6430","post","type-post","status-publish","format-standard","hentry","category-autoresas","category-novas","category-xeral","tag-castelo-de-pambre","tag-exposicion-caminos-de-natureza-cultura-e-peregrinaxe","tag-instituto-de-estudos-ulloans"],"jetpack_featured_media_url":"","jetpack_sharing_enabled":true,"_links":{"self":[{"href":"http:\/\/culturaliagz.com\/index.php?rest_route=\/wp\/v2\/posts\/6430","targetHints":{"allow":["GET"]}}],"collection":[{"href":"http:\/\/culturaliagz.com\/index.php?rest_route=\/wp\/v2\/posts"}],"about":[{"href":"http:\/\/culturaliagz.com\/index.php?rest_route=\/wp\/v2\/types\/post"}],"author":[{"embeddable":true,"href":"http:\/\/culturaliagz.com\/index.php?rest_route=\/wp\/v2\/users\/1"}],"replies":[{"embeddable":true,"href":"http:\/\/culturaliagz.com\/index.php?rest_route=%2Fwp%2Fv2%2Fcomments&post=6430"}],"version-history":[{"count":2,"href":"http:\/\/culturaliagz.com\/index.php?rest_route=\/wp\/v2\/posts\/6430\/revisions"}],"predecessor-version":[{"id":6433,"href":"http:\/\/culturaliagz.com\/index.php?rest_route=\/wp\/v2\/posts\/6430\/revisions\/6433"}],"wp:attachment":[{"href":"http:\/\/culturaliagz.com\/index.php?rest_route=%2Fwp%2Fv2%2Fmedia&parent=6430"}],"wp:term":[{"taxonomy":"category","embeddable":true,"href":"http:\/\/culturaliagz.com\/index.php?rest_route=%2Fwp%2Fv2%2Fcategories&post=6430"},{"taxonomy":"post_tag","embeddable":true,"href":"http:\/\/culturaliagz.com\/index.php?rest_route=%2Fwp%2Fv2%2Ftags&post=6430"}],"curies":[{"name":"wp","href":"https:\/\/api.w.org\/{rel}","templated":true}]}}