{"id":6420,"date":"2019-10-14T00:45:55","date_gmt":"2019-10-13T23:45:55","guid":{"rendered":"http:\/\/culturaliagz.com\/?p=6420"},"modified":"2019-10-14T00:47:54","modified_gmt":"2019-10-13T23:47:54","slug":"caldo-en-concerto-na-casa-museo-manuel-maria","status":"publish","type":"post","link":"http:\/\/culturaliagz.com\/?p=6420","title":{"rendered":"CALDO en concerto na Casa-Museo Manuel Mar\u00eda"},"content":{"rendered":"\n<p><\/p>\n\n\n\n<div class=\"wp-block-image\"><figure class=\"aligncenter\"><a href=\"http:\/\/culturaliagz.com\/wp-content\/uploads\/2019\/10\/caldoc.jpg\" target=\"_blank\" rel=\"noreferrer noopener\"><img loading=\"lazy\" decoding=\"async\" width=\"543\" height=\"768\" src=\"http:\/\/culturaliagz.com\/wp-content\/uploads\/2019\/10\/caldoc.jpg\" alt=\"\" class=\"wp-image-6421\" srcset=\"http:\/\/culturaliagz.com\/wp-content\/uploads\/2019\/10\/caldoc.jpg 543w, http:\/\/culturaliagz.com\/wp-content\/uploads\/2019\/10\/caldoc-212x300.jpg 212w\" sizes=\"auto, (max-width: 543px) 100vw, 543px\" \/><\/a><\/figure><\/div>\n\n\n\n<p><\/p>\n\n\n\n<p> O pr\u00f3ximo s\u00e1bado, d\u00eda 19 de outubro, \u00e1s sete da tarde vai comezar a  actividade cultural trimestral que se desenvolve no auditorio da <a rel=\"noreferrer noopener\" aria-label=\"Casa-Museo Manuel Mar\u00eda (abre en una nueva pesta\u00f1a)\" href=\"http:\/\/www.casamuseomanuelmaria.gal\/portada.htm\" target=\"_blank\">Casa-Museo Manuel Mar\u00eda<\/a> en Outeiro de Rei<\/p>\n\n\n\n<p>Ese d\u00eda darase a posibilidade de presenciar a actuaci\u00f3n de <a rel=\"noreferrer noopener\" aria-label=\"CALDO (abre en una nueva pesta\u00f1a)\" href=\"http:\/\/www.casamuseomanuelmaria.gal\/actividades\/coa-musica-de-caldo-o-19-de-outubro-dara-comezo-a-programacion-cultural-do-ultimo-trimestre-da-casa-museo-manuel-maria.htm?tipo=ACTIVIDADE\" target=\"_blank\">CALDO<\/a>, un proxecto musical de recente creaci\u00f3n que presentar\u00e1 o seu primeiro traballo hom\u00f3nimo apoiado no repertorio tradicional galego e en pezas de creaci\u00f3n propia. Os seus membros (Pedro Fari\u00f1a (guitarra), Mar\u00eda Jorge (viol\u00edn) e Ana\u00efr Barbier (pandeireta e voz)) son m\u00fasicos experimentados na m\u00fasica tradicional, folk e outras m\u00fasicas e participan noutros proxectos  como SonDeSeu, Fiandola, Transilvanians&#8230;<\/p>\n\n\n\n<figure class=\"wp-block-embed-youtube wp-block-embed is-type-video is-provider-youtube wp-embed-aspect-16-9 wp-has-aspect-ratio\"><div class=\"wp-block-embed__wrapper\">\n<iframe loading=\"lazy\" title=\"Moscoso Noit\u00e9brego - Caldo feat Ana\u00efs Barbier\" width=\"1080\" height=\"608\" src=\"https:\/\/www.youtube.com\/embed\/videoseries?list=RDmStRJxHXmKM\" frameborder=\"0\" allow=\"accelerometer; autoplay; encrypted-media; gyroscope; picture-in-picture\" allowfullscreen><\/iframe>\n<\/div><\/figure>\n\n\n\n<figure class=\"wp-block-embed-youtube wp-block-embed is-type-video is-provider-youtube wp-embed-aspect-16-9 wp-has-aspect-ratio\"><div class=\"wp-block-embed__wrapper\">\n<iframe loading=\"lazy\" title=\"Caldo - Rexas 26 (Folk Sessions)\" width=\"1080\" height=\"608\" src=\"https:\/\/www.youtube.com\/embed\/K5dAVJwK7vA?feature=oembed\" frameborder=\"0\" allow=\"accelerometer; autoplay; encrypted-media; gyroscope; picture-in-picture\" allowfullscreen><\/iframe>\n<\/div><\/figure>\n\n\n\n<p>A entrada \u00e9 libre at\u00e9 completar o aforo. Reservas en<br>contacto@casamuseomanuelmaria.gal<\/p>\n\n\n\n<p><\/p>\n\n\n\n<p><em>*Informaci\u00f3n facilitada desde a Casa-Museo Manuel Mar\u00eda.<\/em><br><\/p>\n","protected":false},"excerpt":{"rendered":"<p>O pr\u00f3ximo s\u00e1bado, d\u00eda 19 de outubro, \u00e1s sete da tarde vai comezar a actividade cultural trimestral que se desenvolve no auditorio da Casa-Museo Manuel Mar\u00eda en Outeiro de Rei [&hellip;]<\/p>\n","protected":false},"author":1,"featured_media":0,"comment_status":"open","ping_status":"open","sticky":false,"template":"","format":"standard","meta":{"_et_pb_use_builder":"off","_et_pb_old_content":"","_et_gb_content_width":"","_jetpack_memberships_contains_paid_content":false,"footnotes":""},"categories":[23,6,1],"tags":[536,190],"class_list":["post-6420","post","type-post","status-publish","format-standard","hentry","category-autoresas","category-novas","category-xeral","tag-caldo","tag-casa-museo-manuel-maria"],"jetpack_featured_media_url":"","jetpack_sharing_enabled":true,"_links":{"self":[{"href":"http:\/\/culturaliagz.com\/index.php?rest_route=\/wp\/v2\/posts\/6420","targetHints":{"allow":["GET"]}}],"collection":[{"href":"http:\/\/culturaliagz.com\/index.php?rest_route=\/wp\/v2\/posts"}],"about":[{"href":"http:\/\/culturaliagz.com\/index.php?rest_route=\/wp\/v2\/types\/post"}],"author":[{"embeddable":true,"href":"http:\/\/culturaliagz.com\/index.php?rest_route=\/wp\/v2\/users\/1"}],"replies":[{"embeddable":true,"href":"http:\/\/culturaliagz.com\/index.php?rest_route=%2Fwp%2Fv2%2Fcomments&post=6420"}],"version-history":[{"count":2,"href":"http:\/\/culturaliagz.com\/index.php?rest_route=\/wp\/v2\/posts\/6420\/revisions"}],"predecessor-version":[{"id":6423,"href":"http:\/\/culturaliagz.com\/index.php?rest_route=\/wp\/v2\/posts\/6420\/revisions\/6423"}],"wp:attachment":[{"href":"http:\/\/culturaliagz.com\/index.php?rest_route=%2Fwp%2Fv2%2Fmedia&parent=6420"}],"wp:term":[{"taxonomy":"category","embeddable":true,"href":"http:\/\/culturaliagz.com\/index.php?rest_route=%2Fwp%2Fv2%2Fcategories&post=6420"},{"taxonomy":"post_tag","embeddable":true,"href":"http:\/\/culturaliagz.com\/index.php?rest_route=%2Fwp%2Fv2%2Ftags&post=6420"}],"curies":[{"name":"wp","href":"https:\/\/api.w.org\/{rel}","templated":true}]}}