{"id":6414,"date":"2019-10-11T17:04:18","date_gmt":"2019-10-11T16:04:18","guid":{"rendered":"http:\/\/culturaliagz.com\/?p=6414"},"modified":"2019-10-11T17:04:21","modified_gmt":"2019-10-11T16:04:21","slug":"iescha-concerto-de-berta-franklin-no-auditorio-municipal-de-vilalba","status":"publish","type":"post","link":"http:\/\/culturaliagz.com\/?p=6414","title":{"rendered":"IESCHA.- Concerto de BERTA FRANKLIN no Auditorio Municipal de Vilalba"},"content":{"rendered":"\n<p><\/p>\n\n\n\n<div class=\"wp-block-image\"><figure class=\"aligncenter\"><a href=\"http:\/\/culturaliagz.com\/wp-content\/uploads\/2019\/10\/bf_Vilalba_web.jpg\" target=\"_blank\" rel=\"noreferrer noopener\"><img loading=\"lazy\" decoding=\"async\" width=\"613\" height=\"860\" src=\"http:\/\/culturaliagz.com\/wp-content\/uploads\/2019\/10\/bf_Vilalba_web.jpg\" alt=\"\" class=\"wp-image-6415\" srcset=\"http:\/\/culturaliagz.com\/wp-content\/uploads\/2019\/10\/bf_Vilalba_web.jpg 613w, http:\/\/culturaliagz.com\/wp-content\/uploads\/2019\/10\/bf_Vilalba_web-214x300.jpg 214w\" sizes=\"auto, (max-width: 613px) 100vw, 613px\" \/><\/a><\/figure><\/div>\n\n\n\n<p><\/p>\n\n\n\n<p>O grupo musical lucense <em><a href=\"https:\/\/es-es.facebook.com\/BertaFranklinGrupo\/\" target=\"_blank\" rel=\"noreferrer noopener\" aria-label=\"BERTA FRANKLIN (abre en una nueva pesta\u00f1a)\">BERTA FRANKLIN<\/a><\/em> ofrecer\u00e1 un concerto, organizado polo <a rel=\"noreferrer noopener\" aria-label=\"IESCHA  (abre en una nueva pesta\u00f1a)\" href=\"https:\/\/estudoschairegos.wixsite.com\/iescha\" target=\"_blank\">IESCHA <\/a>coa colaboraci\u00f3n do <a rel=\"noreferrer noopener\" aria-label=\"CONCELLO DE VILALBA (abre en una nueva pesta\u00f1a)\" href=\"http:\/\/vilalba.org\/\" target=\"_blank\">CONCELLO DE VILALBA<\/a>, e que ter\u00e1 lugar o venres, 25 de outubro de 2019, \u00e1s 21:00 horas, no Auditorio Municipal de Vilalba.<\/p>\n\n\n\n<p>Nos seguintes enlaces van o <a rel=\"noreferrer noopener\" aria-label=\"cartaz  (abre en una nueva pesta\u00f1a)\" href=\"http:\/\/culturaliagz.com\/wp-content\/uploads\/2019\/10\/bf_Vilalba_web.jpg\" target=\"_blank\">cartaz <\/a>e a <a href=\"http:\/\/culturaliagz.com\/wp-content\/uploads\/2019\/10\/NOTA_INFORMATIVA_BERTA-FRANKLIN.pdf\" target=\"_blank\" rel=\"noreferrer noopener\" aria-label=\"nota informativa (abre en una nueva pesta\u00f1a)\">nota informativa<\/a> de dito concerto.<\/p>\n\n\n\n<p><\/p>\n\n\n\n<p><em>*Informaci\u00f3n facilitada polo IESCHA.<\/em><\/p>\n","protected":false},"excerpt":{"rendered":"<p>O grupo musical lucense BERTA FRANKLIN ofrecer\u00e1 un concerto, organizado polo IESCHA coa colaboraci\u00f3n do CONCELLO DE VILALBA, e que ter\u00e1 lugar o venres, 25 de outubro de 2019, \u00e1s [&hellip;]<\/p>\n","protected":false},"author":1,"featured_media":0,"comment_status":"open","ping_status":"open","sticky":false,"template":"","format":"standard","meta":{"_et_pb_use_builder":"off","_et_pb_old_content":"","_et_gb_content_width":"","_jetpack_memberships_contains_paid_content":false,"footnotes":""},"categories":[23,7,6,1],"tags":[535,30,234],"class_list":["post-6414","post","type-post","status-publish","format-standard","hentry","category-autoresas","category-creacion","category-novas","category-xeral","tag-berta-franklin","tag-concello-de-vilalba","tag-iescha"],"jetpack_featured_media_url":"","jetpack_sharing_enabled":true,"_links":{"self":[{"href":"http:\/\/culturaliagz.com\/index.php?rest_route=\/wp\/v2\/posts\/6414","targetHints":{"allow":["GET"]}}],"collection":[{"href":"http:\/\/culturaliagz.com\/index.php?rest_route=\/wp\/v2\/posts"}],"about":[{"href":"http:\/\/culturaliagz.com\/index.php?rest_route=\/wp\/v2\/types\/post"}],"author":[{"embeddable":true,"href":"http:\/\/culturaliagz.com\/index.php?rest_route=\/wp\/v2\/users\/1"}],"replies":[{"embeddable":true,"href":"http:\/\/culturaliagz.com\/index.php?rest_route=%2Fwp%2Fv2%2Fcomments&post=6414"}],"version-history":[{"count":3,"href":"http:\/\/culturaliagz.com\/index.php?rest_route=\/wp\/v2\/posts\/6414\/revisions"}],"predecessor-version":[{"id":6419,"href":"http:\/\/culturaliagz.com\/index.php?rest_route=\/wp\/v2\/posts\/6414\/revisions\/6419"}],"wp:attachment":[{"href":"http:\/\/culturaliagz.com\/index.php?rest_route=%2Fwp%2Fv2%2Fmedia&parent=6414"}],"wp:term":[{"taxonomy":"category","embeddable":true,"href":"http:\/\/culturaliagz.com\/index.php?rest_route=%2Fwp%2Fv2%2Fcategories&post=6414"},{"taxonomy":"post_tag","embeddable":true,"href":"http:\/\/culturaliagz.com\/index.php?rest_route=%2Fwp%2Fv2%2Ftags&post=6414"}],"curies":[{"name":"wp","href":"https:\/\/api.w.org\/{rel}","templated":true}]}}