{"id":6410,"date":"2019-10-10T21:47:47","date_gmt":"2019-10-10T20:47:47","guid":{"rendered":"http:\/\/culturaliagz.com\/?p=6410"},"modified":"2019-10-10T21:48:28","modified_gmt":"2019-10-10T20:48:28","slug":"ieu-flora-da-ulloa-excursion-botanica-as-somozas-farelo","status":"publish","type":"post","link":"http:\/\/culturaliagz.com\/?p=6410","title":{"rendered":"IEU.- Flora da Ulloa: Excursi\u00f3n bot\u00e1nica As Somozas-Farelo"},"content":{"rendered":"\n<p><\/p>\n\n\n\n<div class=\"wp-block-image\"><figure class=\"aligncenter\"><a href=\"http:\/\/culturaliagz.com\/wp-content\/uploads\/2019\/10\/17\u00aa-excursi\u00f3n-Farelo-Instituto-de-Estudos-Ullo\u00e1ns-IEU-Proxecto-Flora-da-Ulloa.jpg\" target=\"_blank\" rel=\"noreferrer noopener\"><img loading=\"lazy\" decoding=\"async\" width=\"768\" height=\"1024\" src=\"http:\/\/culturaliagz.com\/wp-content\/uploads\/2019\/10\/17\u00aa-excursi\u00f3n-Farelo-Instituto-de-Estudos-Ullo\u00e1ns-IEU-Proxecto-Flora-da-Ulloa-768x1024.jpg\" alt=\"\" class=\"wp-image-6411\" srcset=\"http:\/\/culturaliagz.com\/wp-content\/uploads\/2019\/10\/17\u00aa-excursi\u00f3n-Farelo-Instituto-de-Estudos-Ullo\u00e1ns-IEU-Proxecto-Flora-da-Ulloa-768x1024.jpg 768w, http:\/\/culturaliagz.com\/wp-content\/uploads\/2019\/10\/17\u00aa-excursi\u00f3n-Farelo-Instituto-de-Estudos-Ullo\u00e1ns-IEU-Proxecto-Flora-da-Ulloa-225x300.jpg 225w, http:\/\/culturaliagz.com\/wp-content\/uploads\/2019\/10\/17\u00aa-excursi\u00f3n-Farelo-Instituto-de-Estudos-Ullo\u00e1ns-IEU-Proxecto-Flora-da-Ulloa.jpg 1008w\" sizes=\"auto, (max-width: 768px) 100vw, 768px\" \/><\/a><\/figure><\/div>\n\n\n\n<p><\/p>\n\n\n\n<p>Como a pasada fin de semana resultou imposible organizar a excursi\u00f3n inicialmente prevista polo r\u00edo Seco, nas serpentinas que lindan Palas con Santiso e onde son frecuentes as principais rarezas bot\u00e1nicas da Ulloa, e como a\u00ednda apenas choveu, desde o <a href=\"http:\/\/ieu.gal\/\" target=\"_blank\" rel=\"noreferrer noopener\" aria-label=\"IEU  (abre en una nueva pesta\u00f1a)\">IEU <\/a>(dentro do proxecto <a rel=\"noreferrer noopener\" aria-label=\"Flora da Ulloa (abre en una nueva pesta\u00f1a)\" href=\"http:\/\/ieu.gal\/flora-da-ulloa\/\" target=\"_blank\">Flora da Ulloa<\/a>) adiaron esa excursi\u00f3n para o s\u00e1bado 19 , de maneira que este pr\u00f3ximo s\u00e1bado 12, as persoas que asistan patear\u00e1n as ladeiras do Farelo, por onde hai m\u00e1is dun s\u00e9culo o cura Baltasar Merino rexistrou algunhas das primeiras plantas das que a ciencia bot\u00e1nica ten co\u00f1ecemento na Ulloa.<\/p>\n\n\n\n<p>As poucas excursi\u00f3ns que far\u00e1n no inverno ser\u00e1n os s\u00e1bados, xa que desde o domingo 20 o monte conv\u00e9rtese nun perigoso campo de combate que acostuma provocar accidentes mortais, a\u00ednda que non estar\u00e1n libres de topar con batidas ao porco bravo, que tratar\u00e1n de evitar.<\/p>\n\n\n\n<p>Seguir\u00e1n a procurar bra\u00f1as e g\u00e1ndaras, onde varias especies raras a\u00ednda poden estar en flor, como as orballi\u00f1as do x\u00e9nero&nbsp;<em>Drosera<\/em>, unhas curiosas plantas insect\u00edvoras que non se viron este ano.<\/p>\n\n\n\n<p>Neste comezo do outono, seguramente tam\u00e9n se encontrar\u00e1 e se aprender\u00e1 a distinguir as d\u00faas tollemerendas que aparecen no cartel anexo:&nbsp;<em>Crocus serotinus<\/em>, unha especie de zafr\u00e1n bravo, que xa se observou en flor desde o pasado d\u00eda 27; e&nbsp;<em>Merendera montana<\/em>, dunha familia distinta, cando menos aberta desde o d\u00eda 20.<\/p>\n\n\n\n<p><\/p>\n\n\n\n<p><em>*Informaci\u00f3n achegada desde o IEU.<\/em><\/p>\n","protected":false},"excerpt":{"rendered":"<p>Como a pasada fin de semana resultou imposible organizar a excursi\u00f3n inicialmente prevista polo r\u00edo Seco, nas serpentinas que lindan Palas con Santiso e onde son frecuentes as principais rarezas [&hellip;]<\/p>\n","protected":false},"author":1,"featured_media":0,"comment_status":"open","ping_status":"open","sticky":false,"template":"","format":"standard","meta":{"_et_pb_use_builder":"off","_et_pb_old_content":"","_et_gb_content_width":"","_jetpack_memberships_contains_paid_content":false,"footnotes":""},"categories":[23,6,1],"tags":[534,475,425],"class_list":["post-6410","post","type-post","status-publish","format-standard","hentry","category-autoresas","category-novas","category-xeral","tag-excursion-botanica-as-somozas-farelo","tag-flora-da-ulloa","tag-instituto-de-estudos-ulloans"],"jetpack_featured_media_url":"","jetpack_sharing_enabled":true,"_links":{"self":[{"href":"http:\/\/culturaliagz.com\/index.php?rest_route=\/wp\/v2\/posts\/6410","targetHints":{"allow":["GET"]}}],"collection":[{"href":"http:\/\/culturaliagz.com\/index.php?rest_route=\/wp\/v2\/posts"}],"about":[{"href":"http:\/\/culturaliagz.com\/index.php?rest_route=\/wp\/v2\/types\/post"}],"author":[{"embeddable":true,"href":"http:\/\/culturaliagz.com\/index.php?rest_route=\/wp\/v2\/users\/1"}],"replies":[{"embeddable":true,"href":"http:\/\/culturaliagz.com\/index.php?rest_route=%2Fwp%2Fv2%2Fcomments&post=6410"}],"version-history":[{"count":2,"href":"http:\/\/culturaliagz.com\/index.php?rest_route=\/wp\/v2\/posts\/6410\/revisions"}],"predecessor-version":[{"id":6413,"href":"http:\/\/culturaliagz.com\/index.php?rest_route=\/wp\/v2\/posts\/6410\/revisions\/6413"}],"wp:attachment":[{"href":"http:\/\/culturaliagz.com\/index.php?rest_route=%2Fwp%2Fv2%2Fmedia&parent=6410"}],"wp:term":[{"taxonomy":"category","embeddable":true,"href":"http:\/\/culturaliagz.com\/index.php?rest_route=%2Fwp%2Fv2%2Fcategories&post=6410"},{"taxonomy":"post_tag","embeddable":true,"href":"http:\/\/culturaliagz.com\/index.php?rest_route=%2Fwp%2Fv2%2Ftags&post=6410"}],"curies":[{"name":"wp","href":"https:\/\/api.w.org\/{rel}","templated":true}]}}