{"id":6397,"date":"2019-10-04T22:14:15","date_gmt":"2019-10-04T21:14:15","guid":{"rendered":"http:\/\/culturaliagz.com\/?p=6397"},"modified":"2019-10-04T22:14:17","modified_gmt":"2019-10-04T21:14:17","slug":"aelg-apertura-de-prazo-de-novas-actividades","status":"publish","type":"post","link":"http:\/\/culturaliagz.com\/?p=6397","title":{"rendered":"AELG.- Apertura de prazo de novas actividades"},"content":{"rendered":"\n<p><\/p>\n\n\n\n<ul class=\"wp-block-gallery aligncenter columns-1 is-cropped wp-block-gallery-1 is-layout-flex wp-block-gallery-is-layout-flex\"><li class=\"blocks-gallery-item\"><figure><a href=\"http:\/\/culturaliagz.com\/wp-content\/uploads\/2019\/10\/POLAF\u00cdA-TABOADA-724x1024.jpg\"><img loading=\"lazy\" decoding=\"async\" width=\"724\" height=\"1024\" src=\"http:\/\/culturaliagz.com\/wp-content\/uploads\/2019\/10\/POLAF\u00cdA-TABOADA-724x1024.jpg\" alt=\"\" data-id=\"6398\" data-link=\"http:\/\/culturaliagz.com\/?attachment_id=6398\" class=\"wp-image-6398\" srcset=\"http:\/\/culturaliagz.com\/wp-content\/uploads\/2019\/10\/POLAF\u00cdA-TABOADA-724x1024.jpg 724w, http:\/\/culturaliagz.com\/wp-content\/uploads\/2019\/10\/POLAF\u00cdA-TABOADA-212x300.jpg 212w, http:\/\/culturaliagz.com\/wp-content\/uploads\/2019\/10\/POLAF\u00cdA-TABOADA-768x1086.jpg 768w, http:\/\/culturaliagz.com\/wp-content\/uploads\/2019\/10\/POLAF\u00cdA-TABOADA-1080x1528.jpg 1080w, http:\/\/culturaliagz.com\/wp-content\/uploads\/2019\/10\/POLAF\u00cdA-TABOADA.jpg 1754w\" sizes=\"auto, (max-width: 724px) 100vw, 724px\" \/><\/a><\/figure><\/li><li class=\"blocks-gallery-item\"><figure><a href=\"http:\/\/culturaliagz.com\/wp-content\/uploads\/2019\/10\/RIMAS-E-LETRAS-DA-M\u00daSICA-POPULAR2-525x1024.jpg\"><img loading=\"lazy\" decoding=\"async\" width=\"525\" height=\"1024\" src=\"http:\/\/culturaliagz.com\/wp-content\/uploads\/2019\/10\/RIMAS-E-LETRAS-DA-M\u00daSICA-POPULAR2-525x1024.jpg\" alt=\"\" data-id=\"6400\" data-link=\"http:\/\/culturaliagz.com\/?attachment_id=6400\" class=\"wp-image-6400\" srcset=\"http:\/\/culturaliagz.com\/wp-content\/uploads\/2019\/10\/RIMAS-E-LETRAS-DA-M\u00daSICA-POPULAR2-525x1024.jpg 525w, http:\/\/culturaliagz.com\/wp-content\/uploads\/2019\/10\/RIMAS-E-LETRAS-DA-M\u00daSICA-POPULAR2-154x300.jpg 154w, http:\/\/culturaliagz.com\/wp-content\/uploads\/2019\/10\/RIMAS-E-LETRAS-DA-M\u00daSICA-POPULAR2.jpg 621w\" sizes=\"auto, (max-width: 525px) 100vw, 525px\" \/><\/a><\/figure><\/li><li class=\"blocks-gallery-item\"><figure><a href=\"http:\/\/culturaliagz.com\/wp-content\/uploads\/2019\/10\/RIMAS-E-LETRAS-DA-M\u00daSICA-POPULAR1-1-525x1024.jpg\"><img loading=\"lazy\" decoding=\"async\" width=\"525\" height=\"1024\" src=\"http:\/\/culturaliagz.com\/wp-content\/uploads\/2019\/10\/RIMAS-E-LETRAS-DA-M\u00daSICA-POPULAR1-1-525x1024.jpg\" alt=\"\" data-id=\"6401\" data-link=\"http:\/\/culturaliagz.com\/?attachment_id=6401\" class=\"wp-image-6401\" srcset=\"http:\/\/culturaliagz.com\/wp-content\/uploads\/2019\/10\/RIMAS-E-LETRAS-DA-M\u00daSICA-POPULAR1-1-525x1024.jpg 525w, http:\/\/culturaliagz.com\/wp-content\/uploads\/2019\/10\/RIMAS-E-LETRAS-DA-M\u00daSICA-POPULAR1-1-154x300.jpg 154w, http:\/\/culturaliagz.com\/wp-content\/uploads\/2019\/10\/RIMAS-E-LETRAS-DA-M\u00daSICA-POPULAR1-1.jpg 621w\" sizes=\"auto, (max-width: 525px) 100vw, 525px\" \/><\/a><\/figure><\/li><\/ul>\n\n\n\n<p><\/p>\n\n\n\n<p>Desde a AELG inf\u00f3rmase de que est\u00e1n abertos os prazos para se inscribir en:<\/p>\n\n\n\n<p><strong>S\u00e1bado, 12 de outubro<\/strong><\/p>\n\n\n\n<p>\u00c1s 17:00, en Taboada, na <a rel=\"noreferrer noopener\" aria-label=\" (abre en una nueva pesta\u00f1a)\" href=\"http:\/\/www.casaromualdo.com\/\" target=\"_blank\">Casa do Romualdo<\/a>, (Vilar, 6 &#8211; Vilela &#8211;<a href=\"https:\/\/www.google.com\/maps\/dir\/casa+do+romualdo\/@42.9758413,-8.5749276,9z\/data=!4m8!4m7!1m0!1m5!1m1!1s0xd3020b53e749c77:0xe91e189a8c43585e!2m2!1d-7.767054!2d42.67798\">como <\/a><a rel=\"noreferrer noopener\" aria-label=\"chegar (abre en una nueva pesta\u00f1a)\" href=\"https:\/\/www.google.com\/maps\/dir\/casa+do+romualdo\/@42.9758413,-8.5749276,9z\/data=!4m8!4m7!1m0!1m5!1m1!1s0xd3020b53e749c77:0xe91e189a8c43585e!2m2!1d-7.767054!2d42.67798\" target=\"_blank\">chegar<\/a>), con entrada libre, <a href=\"https:\/\/www.aelg.gal\/actividades\/polafias\/2019\/10\/12\/polafia-en-taboada-historias-de-cabezons-e-loitadoras\" target=\"_blank\" rel=\"noreferrer noopener\" aria-label=\"Polaf\u00eda (abre en una nueva pesta\u00f1a)\">Polaf\u00eda<\/a><a href=\"https:\/\/www.aelg.gal\/actividades\/polafias\/2019\/10\/12\/polafia-en-taboada-historias-de-cabezons-e-loitadoras\"> en Taboada. Historias de cabez\u00f3ns e loitadoras<\/a>.<\/p>\n\n\n\n<p>Nesta ocasi\u00f3n haber\u00e1\na posibilidade de gozar dun programa previo que podedes consultar na web da\nPolaf\u00eda e para o que se hai que anotar.<\/p>\n\n\n\n<p><strong>S\u00e1bado, 26 de outubro<\/strong><\/p>\n\n\n\n<p>Desde as 10.15 no Sal\u00f3n de actos da Deputaci\u00f3n de Lugo (R\u00faa San Marcos, 8 &#8211;<a href=\"https:\/\/www.google.com\/maps\/dir\/R%C3%BAa+San+Marcos,+8,+27001+Lugo\/@43.013064,-7.5589229,17z\/data=!4m9!4m8!1m0!1m5!1m1!1s0xd31ce9003194b9f:0xd4eb6c9fbcfb5c4d!2m2!1d-7.5567289!2d43.0130601!3e0\">como chegar<\/a>),\u00a0<a href=\"https:\/\/www.aelg.gal\/actividades\/xornadas-de-literatura-oral-0\/2019\/10\/26\/xii-xornada-de-literatura-de-tradicion-oral-rimas-e-letras-da-musica-popular-do-romanceiro-tradicional-ao-bravu\" target=\"_blank\" rel=\"noreferrer noopener\" aria-label=\" (abre en una nueva pesta\u00f1a)\">XII Xornada de Literatura de Tradici\u00f3n Oral. Rimas e letras da m\u00fasica popular. Do Romanceiro tradicional ao brav\u00fa<\/a>. Entrada libre.<\/p>\n\n\n\n<p>Neste caso hai d\u00faas\nmodalidades de inscrici\u00f3n:<\/p>\n\n\n\n<p>1. Para o\u00a0profesorado do ensino non universitario e futuros\/as ensinantes do ensino non universitario, a\u00a0matr\u00edcula, gratu\u00edta, farase desde o 3 de outubro at\u00e9 o 24 de outubro\u00a0a trav\u00e9s da\u00a0<a href=\"http:\/\/as-pg.gal\/Xestion\/Curso\/EncontrarCursos.do?identifierType=CURSO_ID&amp;identifier=478\" target=\"_blank\" rel=\"noreferrer noopener\" aria-label=\" (abre en una nueva pesta\u00f1a)\">web da Asociaci\u00f3n S\u00f3cio-Pedag\u00f3xica Galega<\/a>.<\/p>\n\n\n\n<p>2. Para as persoas que non estean nesas circunstancias ou que non lles interese o certificado homologado, deber\u00e1n incribirse dirix\u00edndose \u00e1 secretar\u00eda t\u00e9cnica da AELG\u00a0desde o 3 de outubro at\u00e9 o 24 de outubro a trav\u00e9s do correo\u00a0<a rel=\"noreferrer noopener\" aria-label=\" (abre en una nueva pesta\u00f1a)\" href=\"mailto:oficina@aelg.org\" target=\"_blank\">oficina@aelg.org<\/a>\u00a0ou o tel\u00e9fono 981 133 233 (de luns a venres, en horario de 9.00 a 14.30), e a Asociaci\u00f3n de Escritoras e Escritores emitiralles un diploma acreditativo de asistencia.<\/p>\n\n\n\n<p><\/p>\n\n\n\n<p><em>*Informaci\u00f3n achegada desde a Secretar\u00eda T\u00e9cnica da AELG.<\/em><\/p>\n","protected":false},"excerpt":{"rendered":"<p>Desde a AELG inf\u00f3rmase de que est\u00e1n abertos os prazos para se inscribir en: S\u00e1bado, 12 de outubro \u00c1s 17:00, en Taboada, na Casa do Romualdo, (Vilar, 6 &#8211; Vilela [&hellip;]<\/p>\n","protected":false},"author":1,"featured_media":0,"comment_status":"open","ping_status":"open","sticky":false,"template":"","format":"standard","meta":{"_et_pb_use_builder":"off","_et_pb_old_content":"","_et_gb_content_width":"","_jetpack_memberships_contains_paid_content":false,"footnotes":""},"categories":[23,7,129,6,1],"tags":[31,529,530,531],"class_list":["post-6397","post","type-post","status-publish","format-standard","hentry","category-autoresas","category-creacion","category-literaria","category-novas","category-xeral","tag-aelg","tag-polafia-taboada","tag-rimas-e-letras-da-musica-popular","tag-xii-xornada-de-literatura-de-tradicion-oral"],"jetpack_featured_media_url":"","jetpack_sharing_enabled":true,"_links":{"self":[{"href":"http:\/\/culturaliagz.com\/index.php?rest_route=\/wp\/v2\/posts\/6397","targetHints":{"allow":["GET"]}}],"collection":[{"href":"http:\/\/culturaliagz.com\/index.php?rest_route=\/wp\/v2\/posts"}],"about":[{"href":"http:\/\/culturaliagz.com\/index.php?rest_route=\/wp\/v2\/types\/post"}],"author":[{"embeddable":true,"href":"http:\/\/culturaliagz.com\/index.php?rest_route=\/wp\/v2\/users\/1"}],"replies":[{"embeddable":true,"href":"http:\/\/culturaliagz.com\/index.php?rest_route=%2Fwp%2Fv2%2Fcomments&post=6397"}],"version-history":[{"count":1,"href":"http:\/\/culturaliagz.com\/index.php?rest_route=\/wp\/v2\/posts\/6397\/revisions"}],"predecessor-version":[{"id":6402,"href":"http:\/\/culturaliagz.com\/index.php?rest_route=\/wp\/v2\/posts\/6397\/revisions\/6402"}],"wp:attachment":[{"href":"http:\/\/culturaliagz.com\/index.php?rest_route=%2Fwp%2Fv2%2Fmedia&parent=6397"}],"wp:term":[{"taxonomy":"category","embeddable":true,"href":"http:\/\/culturaliagz.com\/index.php?rest_route=%2Fwp%2Fv2%2Fcategories&post=6397"},{"taxonomy":"post_tag","embeddable":true,"href":"http:\/\/culturaliagz.com\/index.php?rest_route=%2Fwp%2Fv2%2Ftags&post=6397"}],"curies":[{"name":"wp","href":"https:\/\/api.w.org\/{rel}","templated":true}]}}