{"id":6393,"date":"2019-10-04T22:02:15","date_gmt":"2019-10-04T21:02:15","guid":{"rendered":"http:\/\/culturaliagz.com\/?p=6393"},"modified":"2019-10-04T22:02:18","modified_gmt":"2019-10-04T21:02:18","slug":"rega-uk-a-youtuber-e-escritora-isabel-villanueva-presenta-o-libropalabras-da-mina-vida-en-londres","status":"publish","type":"post","link":"http:\/\/culturaliagz.com\/?p=6393","title":{"rendered":"REGA-UK.- A YouTuber e escritora Isabel Villanueva presenta o libro&#8217;Palabras da mi\u00f1a vida&#8217; en Londres"},"content":{"rendered":"\n<p><\/p>\n\n\n\n<ul class=\"wp-block-gallery aligncenter columns-2 is-cropped wp-block-gallery-1 is-layout-flex wp-block-gallery-is-layout-flex\"><li class=\"blocks-gallery-item\"><figure><a href=\"http:\/\/culturaliagz.com\/wp-content\/uploads\/2019\/10\/Isabel-Villanueva-1-1024x986.jpeg\"><img loading=\"lazy\" decoding=\"async\" width=\"1024\" height=\"986\" src=\"http:\/\/culturaliagz.com\/wp-content\/uploads\/2019\/10\/Isabel-Villanueva-1-1024x986.jpeg\" alt=\"\" data-id=\"6394\" data-link=\"http:\/\/culturaliagz.com\/?attachment_id=6394\" class=\"wp-image-6394\" srcset=\"http:\/\/culturaliagz.com\/wp-content\/uploads\/2019\/10\/Isabel-Villanueva-1-1024x986.jpeg 1024w, http:\/\/culturaliagz.com\/wp-content\/uploads\/2019\/10\/Isabel-Villanueva-1-300x289.jpeg 300w, http:\/\/culturaliagz.com\/wp-content\/uploads\/2019\/10\/Isabel-Villanueva-1-768x740.jpeg 768w, http:\/\/culturaliagz.com\/wp-content\/uploads\/2019\/10\/Isabel-Villanueva-1.jpeg 1037w\" sizes=\"auto, (max-width: 1024px) 100vw, 1024px\" \/><\/a><\/figure><\/li><li class=\"blocks-gallery-item\"><figure><a href=\"http:\/\/culturaliagz.com\/wp-content\/uploads\/2019\/10\/Isabel-Villanueva-2-768x1024.jpeg\"><img loading=\"lazy\" decoding=\"async\" width=\"768\" height=\"1024\" src=\"http:\/\/culturaliagz.com\/wp-content\/uploads\/2019\/10\/Isabel-Villanueva-2-768x1024.jpeg\" alt=\"\" data-id=\"6395\" data-link=\"http:\/\/culturaliagz.com\/?attachment_id=6395\" class=\"wp-image-6395\" srcset=\"http:\/\/culturaliagz.com\/wp-content\/uploads\/2019\/10\/Isabel-Villanueva-2-768x1024.jpeg 768w, http:\/\/culturaliagz.com\/wp-content\/uploads\/2019\/10\/Isabel-Villanueva-2-225x300.jpeg 225w, http:\/\/culturaliagz.com\/wp-content\/uploads\/2019\/10\/Isabel-Villanueva-2.jpeg 1028w\" sizes=\"auto, (max-width: 768px) 100vw, 768px\" \/><\/a><\/figure><\/li><\/ul>\n\n\n\n<p><\/p>\n\n\n\n<p><strong>A YouTuber e escritora coru\u00f1esa Isabel Villanueva presenta o seu libro \u201cPalabras da mi\u00f1a vida\u201d en Londres<\/strong><\/p>\n\n\n\n<p><strong>O evento, organizado pola asociaci\u00f3n Rede Galega en UK (REGA-UK), ser\u00e1 este domingo no St John\u00b4s Hill Centre da capital brit\u00e1nica<\/strong><\/p>\n\n\n\n<p>O\nvindeiro domingo, d\u00eda 6 de outubro, entre as 11,30 e as 13 horas, ter\u00e1 lugar a\npresentaci\u00f3n do primeiro libro da <em>YouTuber<\/em> Isabel Villanueva, mais\nco\u00f1ecida coma \u201cIsashopaholic\u201d, no St John\u00b4s Hill Centre de Londres [Clapham\nEstate, St John\u2019s Hill, London, SW11 1TY]. Tr\u00e1tase dun evento organizado pola asociaci\u00f3n\nRede Galega en UK (REGA-UK) en colaboraci\u00f3n coa Axencia de Representaci\u00f3n da\nescritora.<\/p>\n\n\n\n<p>Trala\npresentaci\u00f3n o 2 de maio na Fnac da Coru\u00f1a e despois de levar o seu \u201cO galego\nmola. Palabras da mi\u00f1a vida\u201d \u00e1s feiras mais importantes de Galicia, \u201cIsashopaholic\u201d\nda o salto a Londres, cidade pola que ten un agarimo especial.<\/p>\n\n\n\n<p>A\npresentaci\u00f3n ten entrada libre ata completar aforo. Ademais, servirase caf\u00e9, t\u00e9\ne biscoito caseiro. As persoas que asistan \u00e1 ter\u00e1n a oportunidade de falar coa\nautora, mercar o libro e levalo firmado. Tam\u00e9n poder\u00e1n descubrir en primicia\nunha pequena mostra da li\u00f1a de complementos que, baixo a s\u00faa marca de\n\u201cIsashopaholic\u201d e \u201cO galego mola\u201d, a autora ten previsto lanzar a finais deste\nano.<\/p>\n\n\n\n<p><strong>Isabel\nVillanueva Mari\u00f1o<\/strong>, nacida en Carballo, l\u00e1nzase ao mundo 2.0 no 2010 cun v\u00eddeo en\nYouTube. A modo de hobbie \u00eda subindo v\u00eddeos variados, de cousas coti\u00e1s que lle\ngustaba compartir. Pouco a pouco vai medrando en todas as redes sociais, pero\nhai dous anos foi cando deu o salto definitivo para dedicarse profesionalmente\n\u00e1 xesti\u00f3n da s\u00faa marca persoal \u201cIsashopaholic\u201d e, posteriormente, crea \u201cO\ngalego mola\u201d, un lugar onde comparte cos seguidores o idioma, lembranzas,\nimpresi\u00f3ns, reflexi\u00f3ns, receitas en galego e lugares de Galicia. \u201cO Galego\nMola. Palabras da mi\u00f1a vida\u201d \u00e9 o seu primeiro libro e foi editado este mesmo\nano por H\u00e9rcules de Ediciones.<\/p>\n\n\n\n<p><strong>A autora, Isabel\nVillanueva, est\u00e1 dispo\u00f1ible para facer entrevistas.<\/strong><\/p>\n\n\n\n<p><strong>Contacto: Laura Costoya\nSantos 620 12 42 57<\/strong><\/p>\n","protected":false},"excerpt":{"rendered":"<p>A YouTuber e escritora coru\u00f1esa Isabel Villanueva presenta o seu libro \u201cPalabras da mi\u00f1a vida\u201d en Londres O evento, organizado pola asociaci\u00f3n Rede Galega en UK (REGA-UK), ser\u00e1 este domingo [&hellip;]<\/p>\n","protected":false},"author":1,"featured_media":0,"comment_status":"open","ping_status":"open","sticky":false,"template":"","format":"standard","meta":{"_et_pb_use_builder":"off","_et_pb_old_content":"","_et_gb_content_width":"","_jetpack_memberships_contains_paid_content":false,"footnotes":""},"categories":[23,7,129,6,1],"tags":[528,527,526],"class_list":["post-6393","post","type-post","status-publish","format-standard","hentry","category-autoresas","category-creacion","category-literaria","category-novas","category-xeral","tag-isabel-villanueva","tag-palabras-da-mina-vida","tag-rega-uk"],"jetpack_featured_media_url":"","jetpack_sharing_enabled":true,"_links":{"self":[{"href":"http:\/\/culturaliagz.com\/index.php?rest_route=\/wp\/v2\/posts\/6393","targetHints":{"allow":["GET"]}}],"collection":[{"href":"http:\/\/culturaliagz.com\/index.php?rest_route=\/wp\/v2\/posts"}],"about":[{"href":"http:\/\/culturaliagz.com\/index.php?rest_route=\/wp\/v2\/types\/post"}],"author":[{"embeddable":true,"href":"http:\/\/culturaliagz.com\/index.php?rest_route=\/wp\/v2\/users\/1"}],"replies":[{"embeddable":true,"href":"http:\/\/culturaliagz.com\/index.php?rest_route=%2Fwp%2Fv2%2Fcomments&post=6393"}],"version-history":[{"count":1,"href":"http:\/\/culturaliagz.com\/index.php?rest_route=\/wp\/v2\/posts\/6393\/revisions"}],"predecessor-version":[{"id":6396,"href":"http:\/\/culturaliagz.com\/index.php?rest_route=\/wp\/v2\/posts\/6393\/revisions\/6396"}],"wp:attachment":[{"href":"http:\/\/culturaliagz.com\/index.php?rest_route=%2Fwp%2Fv2%2Fmedia&parent=6393"}],"wp:term":[{"taxonomy":"category","embeddable":true,"href":"http:\/\/culturaliagz.com\/index.php?rest_route=%2Fwp%2Fv2%2Fcategories&post=6393"},{"taxonomy":"post_tag","embeddable":true,"href":"http:\/\/culturaliagz.com\/index.php?rest_route=%2Fwp%2Fv2%2Ftags&post=6393"}],"curies":[{"name":"wp","href":"https:\/\/api.w.org\/{rel}","templated":true}]}}