{"id":6387,"date":"2019-09-30T16:16:52","date_gmt":"2019-09-30T15:16:52","guid":{"rendered":"http:\/\/culturaliagz.com\/?p=6387"},"modified":"2019-09-30T16:16:55","modified_gmt":"2019-09-30T15:16:55","slug":"actividades-da-aelg","status":"publish","type":"post","link":"http:\/\/culturaliagz.com\/?p=6387","title":{"rendered":"Actividades da AELG"},"content":{"rendered":"\n<p><\/p>\n\n\n\n<ul class=\"wp-block-gallery aligncenter columns-1 is-cropped wp-block-gallery-1 is-layout-flex wp-block-gallery-is-layout-flex\"><li class=\"blocks-gallery-item\"><figure><a href=\"http:\/\/culturaliagz.com\/wp-content\/uploads\/2019\/09\/AELG1-1024x701.jpg\"><img loading=\"lazy\" decoding=\"async\" width=\"1024\" height=\"701\" src=\"http:\/\/culturaliagz.com\/wp-content\/uploads\/2019\/09\/AELG1-1024x701.jpg\" alt=\"\" data-id=\"6388\" data-link=\"http:\/\/culturaliagz.com\/?attachment_id=6388\" class=\"wp-image-6388\" srcset=\"http:\/\/culturaliagz.com\/wp-content\/uploads\/2019\/09\/AELG1-1024x701.jpg 1024w, http:\/\/culturaliagz.com\/wp-content\/uploads\/2019\/09\/AELG1-300x205.jpg 300w, http:\/\/culturaliagz.com\/wp-content\/uploads\/2019\/09\/AELG1-768x525.jpg 768w, http:\/\/culturaliagz.com\/wp-content\/uploads\/2019\/09\/AELG1-1080x739.jpg 1080w, http:\/\/culturaliagz.com\/wp-content\/uploads\/2019\/09\/AELG1.jpg 1425w\" sizes=\"auto, (max-width: 1024px) 100vw, 1024px\" \/><\/a><\/figure><\/li><li class=\"blocks-gallery-item\"><figure><a href=\"http:\/\/culturaliagz.com\/wp-content\/uploads\/2019\/09\/AELG2-723x1024.jpg\"><img loading=\"lazy\" decoding=\"async\" width=\"723\" height=\"1024\" src=\"http:\/\/culturaliagz.com\/wp-content\/uploads\/2019\/09\/AELG2-723x1024.jpg\" alt=\"\" data-id=\"6389\" data-link=\"http:\/\/culturaliagz.com\/?attachment_id=6389\" class=\"wp-image-6389\" srcset=\"http:\/\/culturaliagz.com\/wp-content\/uploads\/2019\/09\/AELG2-723x1024.jpg 723w, http:\/\/culturaliagz.com\/wp-content\/uploads\/2019\/09\/AELG2-212x300.jpg 212w, http:\/\/culturaliagz.com\/wp-content\/uploads\/2019\/09\/AELG2-768x1087.jpg 768w, http:\/\/culturaliagz.com\/wp-content\/uploads\/2019\/09\/AELG2.jpg 875w\" sizes=\"auto, (max-width: 723px) 100vw, 723px\" \/><\/a><\/figure><\/li><li class=\"blocks-gallery-item\"><figure><a href=\"http:\/\/culturaliagz.com\/wp-content\/uploads\/2019\/09\/AELG3-724x1024.jpg\"><img loading=\"lazy\" decoding=\"async\" width=\"724\" height=\"1024\" src=\"http:\/\/culturaliagz.com\/wp-content\/uploads\/2019\/09\/AELG3-724x1024.jpg\" alt=\"\" data-id=\"6390\" data-link=\"http:\/\/culturaliagz.com\/?attachment_id=6390\" class=\"wp-image-6390\" srcset=\"http:\/\/culturaliagz.com\/wp-content\/uploads\/2019\/09\/AELG3-724x1024.jpg 724w, http:\/\/culturaliagz.com\/wp-content\/uploads\/2019\/09\/AELG3-212x300.jpg 212w, http:\/\/culturaliagz.com\/wp-content\/uploads\/2019\/09\/AELG3-768x1086.jpg 768w, http:\/\/culturaliagz.com\/wp-content\/uploads\/2019\/09\/AELG3-1080x1528.jpg 1080w, http:\/\/culturaliagz.com\/wp-content\/uploads\/2019\/09\/AELG3.jpg 2000w\" sizes=\"auto, (max-width: 724px) 100vw, 724px\" \/><\/a><\/figure><\/li><li class=\"blocks-gallery-item\"><figure><a href=\"http:\/\/culturaliagz.com\/wp-content\/uploads\/2019\/09\/AELG4-724x1024.jpg\"><img loading=\"lazy\" decoding=\"async\" width=\"724\" height=\"1024\" src=\"http:\/\/culturaliagz.com\/wp-content\/uploads\/2019\/09\/AELG4-724x1024.jpg\" alt=\"\" data-id=\"6391\" data-link=\"http:\/\/culturaliagz.com\/?attachment_id=6391\" class=\"wp-image-6391\" srcset=\"http:\/\/culturaliagz.com\/wp-content\/uploads\/2019\/09\/AELG4-724x1024.jpg 724w, http:\/\/culturaliagz.com\/wp-content\/uploads\/2019\/09\/AELG4-212x300.jpg 212w, http:\/\/culturaliagz.com\/wp-content\/uploads\/2019\/09\/AELG4-768x1086.jpg 768w, http:\/\/culturaliagz.com\/wp-content\/uploads\/2019\/09\/AELG4-1080x1527.jpg 1080w, http:\/\/culturaliagz.com\/wp-content\/uploads\/2019\/09\/AELG4.jpg 1181w\" sizes=\"auto, (max-width: 724px) 100vw, 724px\" \/><\/a><\/figure><\/li><\/ul>\n\n\n\n<p>Hoxe, luns 30 de setembro, comeza\u00a0<a href=\"https:\/\/www.aelg.gal\/actividades\/outras-actividades\/2019\/9\/30\/con-barqueira-e-remador-viii-obradoiro-internacional-de-traducion-poetica\" target=\"_blank\" rel=\"noreferrer noopener\" aria-label=\" (abre en una nueva pesta\u00f1a)\">Con barqueira e remador. VIII Obradoiro Internacional de Traduci\u00f3n Po\u00e9tica<\/a>, que conta coa colaboraci\u00f3n da AELG no acto que se celebra o vindeiro m\u00e9rcores d\u00eda 2 \u00e1s 20.00\u00a0na\u00a0<a rel=\"noreferrer noopener\" aria-label=\" (abre en una nueva pesta\u00f1a)\" href=\"https:\/\/www.visit-pontevedra.com\/gl\/que-ver\/imprescindibles\/casa-das-campas\" target=\"_blank\">Casa das Camp\u00e1s<\/a>: tr\u00e1tase dun recital multiling\u00fce mostra tanto do traballo po\u00e9tico das\/os autoras\/es participantes como do labor de traduci\u00f3n (ao galego) desenvolto durante o proxecto.<\/p>\n\n\n\n<p>Ma\u00f1\u00e1 martes, 1 de outubro, comeza o\u00a0<a href=\"https:\/\/www.aelg.gal\/actividades\/ciclo-de-literatura-infantil-e-xuvenil\/2019\/10\/1\/ciclo-de-literatura-infantil-e-xuvenil-entretextualidades-imaxes-textos-e-outras-expresions-artisticas\" target=\"_blank\" rel=\"noreferrer noopener\" aria-label=\" (abre en una nueva pesta\u00f1a)\">Ciclo de Literatura Infantil e Xuvenil. (Entre)textualidades. Imaxes, textos e outras expresi\u00f3ns art\u00edsticas<\/a>, coa conferencia de\u00a0<a rel=\"noreferrer noopener\" aria-label=\" (abre en una nueva pesta\u00f1a)\" href=\"https:\/\/www.aelg.gal\/centro-documentacion\/autores-as\/maria-solar\" target=\"_blank\">Mar\u00eda Solar<\/a>\u00a0<em>Do que eu escribo ao que ti les. Imaxes, interacci\u00f3ns e recursos no proceso narrativo infantil.<\/em><\/p>\n\n\n\n<p>Do 1 ao 6 de outubro\nter\u00e1 lugar a Feira Internacional del Libro del Eje Cafetero na cidade de\nPereira (Colombia), unha iniciativa&nbsp;de varias&nbsp;instituci\u00f3ns culturais\ne empresariais&nbsp;do Departamento de Caldas,&nbsp;\u00e1 que foi convidado Ces\u00e1reo\nS\u00e1nchez Iglesias en calidade de presidente da AELG, quen desenvolver\u00e1 un\nprograma de actividades destinado a difundir a literatura galega.<\/p>\n\n\n\n<p>O s\u00e1bado 5 comeza un <a href=\"https:\/\/www.aelg.gal\/actividades\/escola-de-escritoras-e-escritores-da-aelg\/2019\/10\/5\/escola-de-escritors-obradoiro-de-creacion-literaria-con-anton-riveiro-coello-as-linas-no-espello\" target=\"_blank\" rel=\"noreferrer noopener\" aria-label=\" (abre en una nueva pesta\u00f1a)\">novo obradoiro da\u00a0da Escola de Escritoras-es da AELG<\/a>, neste caso da man do Concello de Rianxo.\u00a0Ser\u00e1 impartido por\u00a0<a href=\"http:\/\/www.aelg.gal\/centro-documentacion\/autores-as\/anton-riveiro-coello\">Ant\u00f3n Riveiro Coello<\/a>, e contar\u00e1 cunha sesi\u00f3n maxistral a cargo de\u00a0<a href=\"https:\/\/www.aelg.gal\/centro-documentacion\/autores-as\/inma-lopez-silva\">Inma L\u00f3pez Silva<\/a>.<\/p>\n\n\n\n<p>Tam\u00e9n o s\u00e1bado ter\u00e1 lugar o primeiro dos\u00a0<a rel=\"noreferrer noopener\" aria-label=\" (abre en una nueva pesta\u00f1a)\" href=\"https:\/\/www.aelg.gal\/actividades\/paseos-literarios\/2019\/10\/5\/paseos-pola-pontevedra-literaria-outono-2019\" target=\"_blank\">Paseos pola Pontevedra literaria. Outono 2019<\/a>,\u00a0con t\u00edtulo\u00a0<em>Poden o escritor e a literatura modular sentimentalmente a cidade?<\/em>\u00a0guiado por\u00a0<a rel=\"noreferrer noopener\" aria-label=\" (abre en una nueva pesta\u00f1a)\" href=\"https:\/\/www.aelg.gal\/centro-documentacion\/autores-as\/adolfo-caamano\" target=\"_blank\">Adolfo Caama\u00f1o<\/a>, a partir das 11.30.\u00a0Para se inscribir \u00e9 necesario enviar nome completo a <a href=\"mailto:pontevedraliteraria@gmail.com\" target=\"_blank\" rel=\"noreferrer noopener\" aria-label=\" (abre en una nueva pesta\u00f1a)\">pontevedraliteraria@gmail.com<\/a>\u00a0e indicar a que paseos apuntarse.<\/p>\n\n\n\n<p><\/p>\n\n\n\n<p><em>*Informaci\u00f3n facilitada desde a Secretar\u00eda T\u00e9cnica da AELG.<\/em><\/p>\n","protected":false},"excerpt":{"rendered":"<p>Hoxe, luns 30 de setembro, comeza\u00a0Con barqueira e remador. VIII Obradoiro Internacional de Traduci\u00f3n Po\u00e9tica, que conta coa colaboraci\u00f3n da AELG no acto que se celebra o vindeiro m\u00e9rcores d\u00eda [&hellip;]<\/p>\n","protected":false},"author":1,"featured_media":0,"comment_status":"open","ping_status":"open","sticky":false,"template":"","format":"standard","meta":{"_et_pb_use_builder":"off","_et_pb_old_content":"","_et_gb_content_width":"","_jetpack_memberships_contains_paid_content":false,"footnotes":""},"categories":[23,7,129,6,1],"tags":[31],"class_list":["post-6387","post","type-post","status-publish","format-standard","hentry","category-autoresas","category-creacion","category-literaria","category-novas","category-xeral","tag-aelg"],"jetpack_featured_media_url":"","jetpack_sharing_enabled":true,"_links":{"self":[{"href":"http:\/\/culturaliagz.com\/index.php?rest_route=\/wp\/v2\/posts\/6387","targetHints":{"allow":["GET"]}}],"collection":[{"href":"http:\/\/culturaliagz.com\/index.php?rest_route=\/wp\/v2\/posts"}],"about":[{"href":"http:\/\/culturaliagz.com\/index.php?rest_route=\/wp\/v2\/types\/post"}],"author":[{"embeddable":true,"href":"http:\/\/culturaliagz.com\/index.php?rest_route=\/wp\/v2\/users\/1"}],"replies":[{"embeddable":true,"href":"http:\/\/culturaliagz.com\/index.php?rest_route=%2Fwp%2Fv2%2Fcomments&post=6387"}],"version-history":[{"count":1,"href":"http:\/\/culturaliagz.com\/index.php?rest_route=\/wp\/v2\/posts\/6387\/revisions"}],"predecessor-version":[{"id":6392,"href":"http:\/\/culturaliagz.com\/index.php?rest_route=\/wp\/v2\/posts\/6387\/revisions\/6392"}],"wp:attachment":[{"href":"http:\/\/culturaliagz.com\/index.php?rest_route=%2Fwp%2Fv2%2Fmedia&parent=6387"}],"wp:term":[{"taxonomy":"category","embeddable":true,"href":"http:\/\/culturaliagz.com\/index.php?rest_route=%2Fwp%2Fv2%2Fcategories&post=6387"},{"taxonomy":"post_tag","embeddable":true,"href":"http:\/\/culturaliagz.com\/index.php?rest_route=%2Fwp%2Fv2%2Ftags&post=6387"}],"curies":[{"name":"wp","href":"https:\/\/api.w.org\/{rel}","templated":true}]}}