{"id":6382,"date":"2019-09-24T21:47:26","date_gmt":"2019-09-24T20:47:26","guid":{"rendered":"http:\/\/culturaliagz.com\/?p=6382"},"modified":"2019-09-24T21:47:28","modified_gmt":"2019-09-24T20:47:28","slug":"castineiro-milenario-obradoiro-de-oleria-e-paseo-micoloxico","status":"publish","type":"post","link":"http:\/\/culturaliagz.com\/?p=6382","title":{"rendered":"CASTI\u00d1EIRO MILENARIO.- Obradoiro de oler\u00eda e Paseo micol\u00f3xico"},"content":{"rendered":"\n<p><\/p>\n\n\n\n<ul class=\"wp-block-gallery columns-1 is-cropped wp-block-gallery-1 is-layout-flex wp-block-gallery-is-layout-flex\"><li class=\"blocks-gallery-item\"><figure><a href=\"http:\/\/culturaliagz.com\/wp-content\/uploads\/2019\/09\/Oleria_2019_web-707x1024.jpg\"><img loading=\"lazy\" decoding=\"async\" width=\"707\" height=\"1024\" src=\"http:\/\/culturaliagz.com\/wp-content\/uploads\/2019\/09\/Oleria_2019_web-707x1024.jpg\" alt=\"\" data-id=\"6383\" data-link=\"http:\/\/culturaliagz.com\/?attachment_id=6383\" class=\"wp-image-6383\" srcset=\"http:\/\/culturaliagz.com\/wp-content\/uploads\/2019\/09\/Oleria_2019_web-707x1024.jpg 707w, http:\/\/culturaliagz.com\/wp-content\/uploads\/2019\/09\/Oleria_2019_web-207x300.jpg 207w, http:\/\/culturaliagz.com\/wp-content\/uploads\/2019\/09\/Oleria_2019_web-768x1113.jpg 768w, http:\/\/culturaliagz.com\/wp-content\/uploads\/2019\/09\/Oleria_2019_web.jpg 828w\" sizes=\"auto, (max-width: 707px) 100vw, 707px\" \/><\/a><\/figure><\/li><li class=\"blocks-gallery-item\"><figure><a href=\"http:\/\/culturaliagz.com\/wp-content\/uploads\/2019\/09\/Paseo_micoloxic_2019_web-1024x768.jpg\"><img loading=\"lazy\" decoding=\"async\" width=\"1024\" height=\"768\" src=\"http:\/\/culturaliagz.com\/wp-content\/uploads\/2019\/09\/Paseo_micoloxic_2019_web-1024x768.jpg\" alt=\"\" data-id=\"6384\" data-link=\"http:\/\/culturaliagz.com\/?attachment_id=6384\" class=\"wp-image-6384\" srcset=\"http:\/\/culturaliagz.com\/wp-content\/uploads\/2019\/09\/Paseo_micoloxic_2019_web-1024x768.jpg 1024w, http:\/\/culturaliagz.com\/wp-content\/uploads\/2019\/09\/Paseo_micoloxic_2019_web-300x225.jpg 300w, http:\/\/culturaliagz.com\/wp-content\/uploads\/2019\/09\/Paseo_micoloxic_2019_web-768x576.jpg 768w, http:\/\/culturaliagz.com\/wp-content\/uploads\/2019\/09\/Paseo_micoloxic_2019_web-510x382.jpg 510w, http:\/\/culturaliagz.com\/wp-content\/uploads\/2019\/09\/Paseo_micoloxic_2019_web-1080x810.jpg 1080w, http:\/\/culturaliagz.com\/wp-content\/uploads\/2019\/09\/Paseo_micoloxic_2019_web.jpg 1200w\" sizes=\"auto, (max-width: 1024px) 100vw, 1024px\" \/><\/a><\/figure><\/li><\/ul>\n\n\n\n<p><\/p>\n\n\n\n<p><a href=\"https:\/\/castinheiromilenario.wordpress.com\" target=\"_blank\" rel=\"noreferrer noopener\" aria-label=\"CASTI\u00d1EIRO MILENARIO (abre en una nueva pesta\u00f1a)\">CASTI\u00d1EIRO MILENARIO<\/a> organiza novas actividades de cara ao inicio do outono.<\/p>\n\n\n\n<p>Este s\u00e1bado comeza un obradoiro de oler\u00eda coa oleira Pepa de Bonxe. Ser\u00e1 os d\u00edas 28 de setembro e 5, 12 e 26 de outubro, en horario de 10 a 13 horas. Dada a complexidade do curso, farase no propio obradoiro da artes\u00e1. O prezo para non asociados\/as \u00e9 de 40\u20ac e 30\u20ac para socios\/as. As prazas son moi, moi limitadas.<\/p>\n\n\n\n<p>Tedes m\u00e1is informaci\u00f3n na seguinte ligaz\u00f3n <a href=\"https:\/\/castinheiromilenario.wordpress.com\/2019\/09\/23\/obradoiro-de-oleria\/\" target=\"_blank\" rel=\"noreferrer noopener\">https:\/\/castinheiromilenario.wordpress.com\/2019\/09\/23\/obradoiro-de-oleria\/<\/a><\/p>\n\n\n\n<p>Ademais, o domingo celebrarase unha nova edici\u00f3n do Paseo Micol\u00f3xico en colaboraci\u00f3n coa Sociedade Micol\u00f3xica Lucus. Este Paseo, e posterior xantar, \u00e9 unha actividade exclusiva para socios\/as de \u00e1mbalas d\u00faas asociaci\u00f3ns. Como novidade, despois do xantar haber\u00e1 un pequeno obradoiro de identificaci\u00f3n de cogomelos e poderase empregar unha lupa binocular para ver en detalle as caracter\u00edsticas de identificaci\u00f3n, esta actividade \u00e9 aberta e de balde para o p\u00fablico en xeral.<\/p>\n\n\n\n<p>M\u00e1is informaci\u00f3n en <a href=\"https:\/\/castinheiromilenario.wordpress.com\/2019\/09\/20\/paseo-micoloxico-2019-so-para-asociads\/\" target=\"_blank\" rel=\"noreferrer noopener\">https:\/\/castinheiromilenario.wordpress.com\/2019\/09\/20\/paseo-micoloxico-2019-so-para-asociads\/<\/a><\/p>\n\n\n\n<p>AC\nCasti\u00f1eiro Milenario<br>\nPacios, 85 27373 Begonte<br>\n<a href=\"http:\/\/castinheiromilenario.wordpress.com\" target=\"_blank\" rel=\"noreferrer noopener\">http:\/\/castinheiromilenario.wordpress.com<\/a><br>\n<a href=\"https:\/\/gl-es.facebook.com\/castineiro.milenario\" target=\"_blank\" rel=\"noreferrer noopener\">https:\/\/gl-es.facebook.com\/castineiro.milenario<\/a><br>\n<a href=\"https:\/\/twitter.com\/CastinheiroMile\" target=\"_blank\" rel=\"noreferrer noopener\">https:\/\/twitter.com\/CastinheiroMile<\/a><br>\n<a href=\"https:\/\/www.flickr.com\/photos\/castinheiromilenario\" target=\"_blank\" rel=\"noreferrer noopener\">https:\/\/www.flickr.com\/photos\/castinheiromilenario\/<\/a><br>\n<a href=\"http:\/\/festival27373.wordpress.com\/\" target=\"_blank\" rel=\"noreferrer noopener\">http:\/\/festival27373.wordpress.com\/<\/a><\/p>\n","protected":false},"excerpt":{"rendered":"<p>CASTI\u00d1EIRO MILENARIO organiza novas actividades de cara ao inicio do outono. Este s\u00e1bado comeza un obradoiro de oler\u00eda coa oleira Pepa de Bonxe. Ser\u00e1 os d\u00edas 28 de setembro e [&hellip;]<\/p>\n","protected":false},"author":1,"featured_media":0,"comment_status":"open","ping_status":"open","sticky":false,"template":"","format":"standard","meta":{"_et_pb_use_builder":"off","_et_pb_old_content":"","_et_gb_content_width":"","_jetpack_memberships_contains_paid_content":false,"footnotes":""},"categories":[23,7,6,1],"tags":[391],"class_list":["post-6382","post","type-post","status-publish","format-standard","hentry","category-autoresas","category-creacion","category-novas","category-xeral","tag-castineiro-milenario"],"jetpack_featured_media_url":"","jetpack_sharing_enabled":true,"_links":{"self":[{"href":"http:\/\/culturaliagz.com\/index.php?rest_route=\/wp\/v2\/posts\/6382","targetHints":{"allow":["GET"]}}],"collection":[{"href":"http:\/\/culturaliagz.com\/index.php?rest_route=\/wp\/v2\/posts"}],"about":[{"href":"http:\/\/culturaliagz.com\/index.php?rest_route=\/wp\/v2\/types\/post"}],"author":[{"embeddable":true,"href":"http:\/\/culturaliagz.com\/index.php?rest_route=\/wp\/v2\/users\/1"}],"replies":[{"embeddable":true,"href":"http:\/\/culturaliagz.com\/index.php?rest_route=%2Fwp%2Fv2%2Fcomments&post=6382"}],"version-history":[{"count":1,"href":"http:\/\/culturaliagz.com\/index.php?rest_route=\/wp\/v2\/posts\/6382\/revisions"}],"predecessor-version":[{"id":6385,"href":"http:\/\/culturaliagz.com\/index.php?rest_route=\/wp\/v2\/posts\/6382\/revisions\/6385"}],"wp:attachment":[{"href":"http:\/\/culturaliagz.com\/index.php?rest_route=%2Fwp%2Fv2%2Fmedia&parent=6382"}],"wp:term":[{"taxonomy":"category","embeddable":true,"href":"http:\/\/culturaliagz.com\/index.php?rest_route=%2Fwp%2Fv2%2Fcategories&post=6382"},{"taxonomy":"post_tag","embeddable":true,"href":"http:\/\/culturaliagz.com\/index.php?rest_route=%2Fwp%2Fv2%2Ftags&post=6382"}],"curies":[{"name":"wp","href":"https:\/\/api.w.org\/{rel}","templated":true}]}}