{"id":6363,"date":"2019-09-18T22:01:32","date_gmt":"2019-09-18T21:01:32","guid":{"rendered":"http:\/\/culturaliagz.com\/?p=6363"},"modified":"2019-09-18T22:30:15","modified_gmt":"2019-09-18T21:30:15","slug":"programacion-cultural-no-concello-de-vilalba-setembro-outubro-e-novembro","status":"publish","type":"post","link":"http:\/\/culturaliagz.com\/?p=6363","title":{"rendered":"Programaci\u00f3n Cultural no Concello de Vilalba (setembro, outubro e novembro)"},"content":{"rendered":"\n<p><\/p>\n\n\n\n<div class=\"wp-block-image\"><figure class=\"aligncenter\"><a href=\"http:\/\/culturaliagz.com\/wp-content\/uploads\/2019\/09\/PROGRAMACI\u00d3N-CULTURAL-CARTELES.jpg\" target=\"_blank\" rel=\"noreferrer noopener\"><img loading=\"lazy\" decoding=\"async\" width=\"720\" height=\"1024\" src=\"http:\/\/culturaliagz.com\/wp-content\/uploads\/2019\/09\/PROGRAMACI\u00d3N-CULTURAL-CARTELES-720x1024.jpg\" alt=\"\" class=\"wp-image-6364\" srcset=\"http:\/\/culturaliagz.com\/wp-content\/uploads\/2019\/09\/PROGRAMACI\u00d3N-CULTURAL-CARTELES-720x1024.jpg 720w, http:\/\/culturaliagz.com\/wp-content\/uploads\/2019\/09\/PROGRAMACI\u00d3N-CULTURAL-CARTELES-211x300.jpg 211w, http:\/\/culturaliagz.com\/wp-content\/uploads\/2019\/09\/PROGRAMACI\u00d3N-CULTURAL-CARTELES-768x1092.jpg 768w, http:\/\/culturaliagz.com\/wp-content\/uploads\/2019\/09\/PROGRAMACI\u00d3N-CULTURAL-CARTELES-1080x1536.jpg 1080w, http:\/\/culturaliagz.com\/wp-content\/uploads\/2019\/09\/PROGRAMACI\u00d3N-CULTURAL-CARTELES.jpg 1758w\" sizes=\"auto, (max-width: 720px) 100vw, 720px\" \/><\/a><\/figure><\/div>\n\n\n\n<p><\/p>\n\n\n\n<p><strong>A nova programaci\u00f3n cultural promove citas de m\u00fasica e teatro en galego<\/strong>.<\/p>\n\n\n\n<p><strong>O goberno local presenta o programa dos meses de setembro, outubro e novembro con espect\u00e1culos para todos os p\u00fablicos<\/strong>.<\/p>\n\n\n\n<p><strong>\u201cEsta proposta cultural est\u00e1 moi meditada e coidada para que chegue a toda a veci\u00f1anza e promova os valores de igualdade e de respecto e orgullo polo noso, ademais de tocar varios x\u00e9neros musicais\u201d<\/strong><\/p>\n\n\n\n<p><em>Enlace \u00e1 <a rel=\"noreferrer noopener\" aria-label=\"nota de prensa (abre en una nueva pesta\u00f1a)\" href=\"http:\/\/culturaliagz.com\/wp-content\/uploads\/2019\/09\/Nota-programaci\u00f3n-cultural-18-09-2919.pdf\" target=\"_blank\">nota de prensa<\/a>.<\/em><\/p>\n\n\n\n<div class=\"wp-block-image\"><figure class=\"alignleft\"><a href=\"http:\/\/culturaliagz.com\/wp-content\/uploads\/2019\/09\/nota-programaci\u00f3n.jpg\" target=\"_blank\" rel=\"noreferrer noopener\"><img loading=\"lazy\" decoding=\"async\" width=\"300\" height=\"225\" src=\"http:\/\/culturaliagz.com\/wp-content\/uploads\/2019\/09\/nota-programaci\u00f3n-300x225.jpg\" alt=\"\" class=\"wp-image-6371\" srcset=\"http:\/\/culturaliagz.com\/wp-content\/uploads\/2019\/09\/nota-programaci\u00f3n-300x225.jpg 300w, http:\/\/culturaliagz.com\/wp-content\/uploads\/2019\/09\/nota-programaci\u00f3n-768x576.jpg 768w, http:\/\/culturaliagz.com\/wp-content\/uploads\/2019\/09\/nota-programaci\u00f3n-1024x768.jpg 1024w, http:\/\/culturaliagz.com\/wp-content\/uploads\/2019\/09\/nota-programaci\u00f3n-510x382.jpg 510w, http:\/\/culturaliagz.com\/wp-content\/uploads\/2019\/09\/nota-programaci\u00f3n-1080x810.jpg 1080w\" sizes=\"auto, (max-width: 300px) 100vw, 300px\" \/><\/a><\/figure><\/div>\n\n\n\n<p>O goberno vilalb\u00e9s\nv\u00e9n de presentar a programaci\u00f3n dos vindeiros meses no eido cultural. Setembro,\noutubro e novembro ve\u00f1en cargados de \u201ccultura con mai\u00fasculas\u201d, nunha aposta do\nnovo executivo por \u201cavivar a nosa lingua con espect\u00e1culos de calidade\u201d tanto en\nconcertos musicais como en obras teatrais.<\/p>\n\n\n\n<p>Segundo v\u00e9n de\nexplicar a concelleira de Cultura, Vanesa Siso, \u201ccada unha das elecci\u00f3ns que se\nincl\u00faen neste programa est\u00e1 meditada, cunha proposta coherente e diversa que\ntrasladamos \u00e1 veci\u00f1anza con obxectivos did\u00e1cticos e tam\u00e9n de desfrute\u201d. Neste\nsenso, aparecen citas musicais protagonizadas por mulleres galegas como as\nMalvela ou Guadi Galego, que presenta o seu novo disco, \u201cfacendo fincap\u00e9 no mes\nde novembro, dedicado especialmente a todas as mulleres\u201d con obras teatrais\ncomo Bernarda Vilalba, ambientada na \u00e9poca de posguerra, ou Invisibles, unha\nadaptaci\u00f3n da novela de Montse Fajardo con testemu\u00f1os de mulleres que sufriron\nviolencia machista. \u201cTam\u00e9n queremos pensar nos m\u00e1is pequenos e pequenas para\nque aprendan a trav\u00e9s da cultura os valores da igualdade e respecto pola nosa\nterra, con obras como MaiMai sobre o quentamento global, ou Ela, unha obra para\np\u00fablico familiar sobre o mundo art\u00edstico da pintora Maruxa Mallo\u201d. Nesta li\u00f1a\nde sensibilizaci\u00f3n e visibilidade tam\u00e9n se enmarca Elisa e Marcela, sobre o\nprimeiro matrimonio de mulleres que tivo lugar en A Coru\u00f1a, datado no 1901.<\/p>\n\n\n\n<p>Tam\u00e9n haber\u00e1\nespazo para x\u00e9neros musicais con grupos m\u00e1is al\u00f3 das nosas fronteiras, como\nMorgan, a banda madrile\u00f1a de pop-soul que repunta en moitos dos carteis de\nfestivais a nivel estatal, e La porte\u00f1a tango, un espect\u00e1culo integral cunha\nvisi\u00f3n renovada do tango arxentino.<\/p>\n\n\n\n<p>Neste programa\ntam\u00e9n se incl\u00faen obradoiros e faladoiros do programa Ler conta moito para\nbibliotecas, financiado cos fondos do Pacto de Estado contra a violencia de\nx\u00e9nero. Tal \u00e9 o caso de Bolboretas, para p\u00fablico infantil, 8M(ulier), unha\nnarraci\u00f3n oral para persoas adultas, e o obradoiro a cargo de Eli R\u00edos sobre\ndiversidade sexual na adolescencia.<\/p>\n\n\n\n<p>Ademais da\niniciativa do Concello, \u201cagradecemos a organizaci\u00f3n doutras xornadas e\nespect\u00e1culos a entidades como o IESCHA, e a colaboraci\u00f3n e bo traballo da\nEscola Municipal de Teatro e o Centro Ocupacional de Vilalba, que actuar\u00e1n\nsobre o escenario do Auditorio Municipal proximamente\u201d. O Instituto de Estudos\nChairegos organiza a actuaci\u00f3n de Habelas Hainas, un grupo de m\u00fasica galega no\nD\u00eda da Cultura Chairega, as\u00ed como de Berta Franklin, outro grupo con ra\u00edces\nlocais que mestura soul americano con novos estilos. Tam\u00e9n presentan obras de\nteatro como Toluras de proveito e as fillas de Eva, ademais de anunciar unhas\nxornadas de teatro e literatura para o 22 e 23 de novembro que confirmar\u00e1n polo\nmi\u00fado en vindeiras datas.<\/p>\n\n\n\n<p>Finalmente, a trav\u00e9s do programa Proscenio da Deputaci\u00f3n de Lugo, tam\u00e9n chegar\u00e1n a Vilalba dous teatros de t\u00edteres, The Piccole Theatre, e Belarmina, a fabulosa velutina. O goberno local espera unha boa acollida de toda a programaci\u00f3n, \u201canimando a todas as persoas a que acudan a estas citas\u201d.<\/p>\n\n\n\n<p><\/p>\n\n\n\n<p><em>*Informaci\u00f3n achegada desde a \u00e1rea de Comunicaci\u00f3n do Concello de Vilalba.<\/em><\/p>\n","protected":false},"excerpt":{"rendered":"<p>A nova programaci\u00f3n cultural promove citas de m\u00fasica e teatro en galego. O goberno local presenta o programa dos meses de setembro, outubro e novembro con espect\u00e1culos para todos os [&hellip;]<\/p>\n","protected":false},"author":1,"featured_media":0,"comment_status":"open","ping_status":"open","sticky":false,"template":"","format":"standard","meta":{"_et_pb_use_builder":"","_et_pb_old_content":"","_et_gb_content_width":"","_jetpack_memberships_contains_paid_content":false,"footnotes":""},"categories":[23,6,1],"tags":[519,30,234],"class_list":["post-6363","post","type-post","status-publish","format-standard","hentry","category-autoresas","category-novas","category-xeral","tag-concellaria-cultura","tag-concello-de-vilalba","tag-iescha"],"jetpack_featured_media_url":"","jetpack_sharing_enabled":true,"_links":{"self":[{"href":"http:\/\/culturaliagz.com\/index.php?rest_route=\/wp\/v2\/posts\/6363","targetHints":{"allow":["GET"]}}],"collection":[{"href":"http:\/\/culturaliagz.com\/index.php?rest_route=\/wp\/v2\/posts"}],"about":[{"href":"http:\/\/culturaliagz.com\/index.php?rest_route=\/wp\/v2\/types\/post"}],"author":[{"embeddable":true,"href":"http:\/\/culturaliagz.com\/index.php?rest_route=\/wp\/v2\/users\/1"}],"replies":[{"embeddable":true,"href":"http:\/\/culturaliagz.com\/index.php?rest_route=%2Fwp%2Fv2%2Fcomments&post=6363"}],"version-history":[{"count":3,"href":"http:\/\/culturaliagz.com\/index.php?rest_route=\/wp\/v2\/posts\/6363\/revisions"}],"predecessor-version":[{"id":6372,"href":"http:\/\/culturaliagz.com\/index.php?rest_route=\/wp\/v2\/posts\/6363\/revisions\/6372"}],"wp:attachment":[{"href":"http:\/\/culturaliagz.com\/index.php?rest_route=%2Fwp%2Fv2%2Fmedia&parent=6363"}],"wp:term":[{"taxonomy":"category","embeddable":true,"href":"http:\/\/culturaliagz.com\/index.php?rest_route=%2Fwp%2Fv2%2Fcategories&post=6363"},{"taxonomy":"post_tag","embeddable":true,"href":"http:\/\/culturaliagz.com\/index.php?rest_route=%2Fwp%2Fv2%2Ftags&post=6363"}],"curies":[{"name":"wp","href":"https:\/\/api.w.org\/{rel}","templated":true}]}}