{"id":6360,"date":"2019-09-17T19:32:35","date_gmt":"2019-09-17T18:32:35","guid":{"rendered":"http:\/\/culturaliagz.com\/?p=6360"},"modified":"2019-09-17T19:32:37","modified_gmt":"2019-09-17T18:32:37","slug":"flora-da-ulloa-16a-excursion-botanica-aos-nacentes-do-ferreira-e-do-pambre","status":"publish","type":"post","link":"http:\/\/culturaliagz.com\/?p=6360","title":{"rendered":"Flora da Ulloa: 16\u00aa Excursi\u00f3n bot\u00e1nica aos nacentes do Ferreira e do Pambre"},"content":{"rendered":"\n<p><\/p>\n\n\n\n<div class=\"wp-block-image\"><figure class=\"aligncenter\"><a href=\"http:\/\/culturaliagz.com\/wp-content\/uploads\/2019\/09\/16\u00aa-EXCURSI\u00d3N-BOT\u00c1NICA.jpg\" target=\"_blank\" rel=\"noreferrer noopener\"><img loading=\"lazy\" decoding=\"async\" width=\"720\" height=\"960\" src=\"http:\/\/culturaliagz.com\/wp-content\/uploads\/2019\/09\/16\u00aa-EXCURSI\u00d3N-BOT\u00c1NICA.jpg\" alt=\"\" class=\"wp-image-6361\" srcset=\"http:\/\/culturaliagz.com\/wp-content\/uploads\/2019\/09\/16\u00aa-EXCURSI\u00d3N-BOT\u00c1NICA.jpg 720w, http:\/\/culturaliagz.com\/wp-content\/uploads\/2019\/09\/16\u00aa-EXCURSI\u00d3N-BOT\u00c1NICA-225x300.jpg 225w\" sizes=\"auto, (max-width: 720px) 100vw, 720px\" \/><\/a><\/figure><\/div>\n\n\n\n<p><\/p>\n\n\n\n<p>O <a rel=\"noreferrer noopener\" aria-label=\"Instituto de Estudos Ullo\u00e1ns (abre en una nueva pesta\u00f1a)\" href=\"http:\/\/ieu.gal\/\" target=\"_blank\">Instituto de Estudos Ullo\u00e1ns<\/a>, dentro do programa de exploraci\u00f3n do territorio de <em><a rel=\"noreferrer noopener\" aria-label=\"Flora da Ulloa (abre en una nueva pesta\u00f1a)\" href=\"http:\/\/ieu.gal\/anuncios\/\" target=\"_blank\">Flora da Ulloa<\/a><\/em>, o pr\u00f3ximo s\u00e1bado 21 despediremos o ver\u00e1n coa <a rel=\"noreferrer noopener\" aria-label=\"16\u00aa excursi\u00f3n bot\u00e1nica aos nacentes dos r\u00edos Pambre e Ferreira (abre en una nueva pesta\u00f1a)\" href=\"http:\/\/ieu.gal\/excursion-botanica-nacentes-ferreira-e-pambre\/\" target=\"_blank\">16\u00aa excursi\u00f3n bot\u00e1nica aos nacentes dos r\u00edos Pambre e Ferreira<\/a>, nos arredores das aldeas de Xacel, Fonte da Uz e Bistulfe.<\/p>\n\n\n\n<p>Cerna do sistema monta\u00f1oso da Dorsal Galega onde se\u00a0afastan vales e aguas, unhas van ao sur cara ao Ulla e outras ao leste para o Mi\u00f1o.<\/p>\n\n\n\n<p>En especial procuraremos plantas de bra\u00f1a de floraci\u00f3n outonal, como a xanz\u00e1 azul (<em>Gentiana pneumonanthe<\/em>) que ilustra o cartel anexo.<\/p>\n\n\n\n<p>A data poder\u00eda mudar de confirmarse as previsi\u00f3ns de chuva que temos a d\u00eda de hoxe.<\/p>\n\n\n\n<p><\/p>\n\n\n\n<p><em>*Informaci\u00f3n achegada desde o Instituto de Estudos Ullo\u00e1ns.<\/em><\/p>\n","protected":false},"excerpt":{"rendered":"<p>O Instituto de Estudos Ullo\u00e1ns, dentro do programa de exploraci\u00f3n do territorio de Flora da Ulloa, o pr\u00f3ximo s\u00e1bado 21 despediremos o ver\u00e1n coa 16\u00aa excursi\u00f3n bot\u00e1nica aos nacentes dos [&hellip;]<\/p>\n","protected":false},"author":1,"featured_media":0,"comment_status":"open","ping_status":"open","sticky":false,"template":"","format":"standard","meta":{"_et_pb_use_builder":"off","_et_pb_old_content":"","_et_gb_content_width":"","_jetpack_memberships_contains_paid_content":false,"footnotes":""},"categories":[23,7,6,1],"tags":[475,425],"class_list":["post-6360","post","type-post","status-publish","format-standard","hentry","category-autoresas","category-creacion","category-novas","category-xeral","tag-flora-da-ulloa","tag-instituto-de-estudos-ulloans"],"jetpack_featured_media_url":"","jetpack_sharing_enabled":true,"_links":{"self":[{"href":"http:\/\/culturaliagz.com\/index.php?rest_route=\/wp\/v2\/posts\/6360","targetHints":{"allow":["GET"]}}],"collection":[{"href":"http:\/\/culturaliagz.com\/index.php?rest_route=\/wp\/v2\/posts"}],"about":[{"href":"http:\/\/culturaliagz.com\/index.php?rest_route=\/wp\/v2\/types\/post"}],"author":[{"embeddable":true,"href":"http:\/\/culturaliagz.com\/index.php?rest_route=\/wp\/v2\/users\/1"}],"replies":[{"embeddable":true,"href":"http:\/\/culturaliagz.com\/index.php?rest_route=%2Fwp%2Fv2%2Fcomments&post=6360"}],"version-history":[{"count":1,"href":"http:\/\/culturaliagz.com\/index.php?rest_route=\/wp\/v2\/posts\/6360\/revisions"}],"predecessor-version":[{"id":6362,"href":"http:\/\/culturaliagz.com\/index.php?rest_route=\/wp\/v2\/posts\/6360\/revisions\/6362"}],"wp:attachment":[{"href":"http:\/\/culturaliagz.com\/index.php?rest_route=%2Fwp%2Fv2%2Fmedia&parent=6360"}],"wp:term":[{"taxonomy":"category","embeddable":true,"href":"http:\/\/culturaliagz.com\/index.php?rest_route=%2Fwp%2Fv2%2Fcategories&post=6360"},{"taxonomy":"post_tag","embeddable":true,"href":"http:\/\/culturaliagz.com\/index.php?rest_route=%2Fwp%2Fv2%2Ftags&post=6360"}],"curies":[{"name":"wp","href":"https:\/\/api.w.org\/{rel}","templated":true}]}}