{"id":6346,"date":"2019-09-14T11:49:45","date_gmt":"2019-09-14T10:49:45","guid":{"rendered":"http:\/\/culturaliagz.com\/?p=6346"},"modified":"2019-09-14T12:17:47","modified_gmt":"2019-09-14T11:17:47","slug":"actividades-na-biblioteca-municipal-de-vilalba-ler-conta-moito","status":"publish","type":"post","link":"http:\/\/culturaliagz.com\/?p=6346","title":{"rendered":"Actividades na Biblioteca Municipal de Vilalba. Ler Conta Moito"},"content":{"rendered":"\n<p><\/p>\n\n\n\n<ul class=\"wp-block-gallery aligncenter columns-1 is-cropped wp-block-gallery-1 is-layout-flex wp-block-gallery-is-layout-flex\"><li class=\"blocks-gallery-item\"><figure><a href=\"http:\/\/culturaliagz.com\/wp-content\/uploads\/2019\/09\/Cataz-Bolboretas-Vilalba-20-de-setembro-725x1024.png\"><img loading=\"lazy\" decoding=\"async\" width=\"725\" height=\"1024\" src=\"http:\/\/culturaliagz.com\/wp-content\/uploads\/2019\/09\/Cataz-Bolboretas-Vilalba-20-de-setembro-725x1024.png\" alt=\"\" data-id=\"6349\" data-link=\"http:\/\/culturaliagz.com\/actividades-na-biblioteca-municipal-de-vilalba-ler-conta-moito\/cataz-bolboretas-vilalba-20-de-setembro\" class=\"wp-image-6349\" srcset=\"http:\/\/culturaliagz.com\/wp-content\/uploads\/2019\/09\/Cataz-Bolboretas-Vilalba-20-de-setembro-725x1024.png 725w, http:\/\/culturaliagz.com\/wp-content\/uploads\/2019\/09\/Cataz-Bolboretas-Vilalba-20-de-setembro-212x300.png 212w, http:\/\/culturaliagz.com\/wp-content\/uploads\/2019\/09\/Cataz-Bolboretas-Vilalba-20-de-setembro-768x1085.png 768w, http:\/\/culturaliagz.com\/wp-content\/uploads\/2019\/09\/Cataz-Bolboretas-Vilalba-20-de-setembro-1080x1526.png 1080w, http:\/\/culturaliagz.com\/wp-content\/uploads\/2019\/09\/Cataz-Bolboretas-Vilalba-20-de-setembro.png 1123w\" sizes=\"auto, (max-width: 725px) 100vw, 725px\" \/><\/a><\/figure><\/li><li class=\"blocks-gallery-item\"><figure><a href=\"http:\/\/culturaliagz.com\/wp-content\/uploads\/2019\/09\/8Mulier-A3-724x1024.jpg\"><img loading=\"lazy\" decoding=\"async\" width=\"724\" height=\"1024\" src=\"http:\/\/culturaliagz.com\/wp-content\/uploads\/2019\/09\/8Mulier-A3-724x1024.jpg\" alt=\"\" data-id=\"6347\" data-link=\"http:\/\/culturaliagz.com\/actividades-na-biblioteca-municipal-de-vilalba-ler-conta-moito\/8mulier-a3\" class=\"wp-image-6347\" srcset=\"http:\/\/culturaliagz.com\/wp-content\/uploads\/2019\/09\/8Mulier-A3-724x1024.jpg 724w, http:\/\/culturaliagz.com\/wp-content\/uploads\/2019\/09\/8Mulier-A3-212x300.jpg 212w, http:\/\/culturaliagz.com\/wp-content\/uploads\/2019\/09\/8Mulier-A3-768x1086.jpg 768w, http:\/\/culturaliagz.com\/wp-content\/uploads\/2019\/09\/8Mulier-A3.jpg 842w\" sizes=\"auto, (max-width: 724px) 100vw, 724px\" \/><\/a><\/figure><\/li><li class=\"blocks-gallery-item\"><figure><a href=\"http:\/\/culturaliagz.com\/wp-content\/uploads\/2019\/09\/Cartaz-Eli-R\u00edos-1024x725.png\"><img loading=\"lazy\" decoding=\"async\" width=\"1024\" height=\"725\" src=\"http:\/\/culturaliagz.com\/wp-content\/uploads\/2019\/09\/Cartaz-Eli-R\u00edos-1024x725.png\" alt=\"\" data-id=\"6348\" data-link=\"http:\/\/culturaliagz.com\/actividades-na-biblioteca-municipal-de-vilalba-ler-conta-moito\/cartaz-eli-rios\" class=\"wp-image-6348\" srcset=\"http:\/\/culturaliagz.com\/wp-content\/uploads\/2019\/09\/Cartaz-Eli-R\u00edos-1024x725.png 1024w, http:\/\/culturaliagz.com\/wp-content\/uploads\/2019\/09\/Cartaz-Eli-R\u00edos-300x212.png 300w, http:\/\/culturaliagz.com\/wp-content\/uploads\/2019\/09\/Cartaz-Eli-R\u00edos-768x543.png 768w, http:\/\/culturaliagz.com\/wp-content\/uploads\/2019\/09\/Cartaz-Eli-R\u00edos-400x284.png 400w, http:\/\/culturaliagz.com\/wp-content\/uploads\/2019\/09\/Cartaz-Eli-R\u00edos-1080x764.png 1080w, http:\/\/culturaliagz.com\/wp-content\/uploads\/2019\/09\/Cartaz-Eli-R\u00edos.png 1587w\" sizes=\"auto, (max-width: 1024px) 100vw, 1024px\" \/><\/a><\/figure><\/li><\/ul>\n\n\n\n<p><\/p>\n\n\n\n<p>Durante os meses de setembro e outubro de 2019, na <em>Biblioteca Municipal de Vilalba<\/em>, dentro do programa <strong>LER CONTA MOITO<\/strong>, realizaranse as seguintes actividades:<\/p>\n\n\n\n<p><strong>BOLBORETAS<\/strong>. <em><strong>Un espect\u00e1culo de Soledad Felloza<\/strong><\/em>. Venres, 20 de setembro \u00e1s 18:00h. P\u00fablico infantil.<\/p>\n\n\n\n<p><strong>Narraci\u00f3n oral para adultos<\/strong>. Con <em><strong>Paula Regueiro e Luc\u00eda L. Gol\u00e1n<\/strong><\/em>. Ter\u00e1 lugar o venres 27 de setembro \u00e1s 20:00h. P\u00fablico adulto.<\/p>\n\n\n\n<p><strong>Diversidade sexual na adolescencia: <em>un obradoiro de Eli R\u00edos<\/em><\/strong>. Venres, 4 de outubro \u00e1s 19:00h. P\u00fablico xuvenil.<\/p>\n\n\n\n<p><\/p>\n\n\n\n<p><em>*Informaci\u00f3n facilitada desde a \u00e1rea de Comunicaci\u00f3n do <a href=\"http:\/\/vilalba.org\/\" target=\"_blank\" rel=\"noreferrer noopener\" aria-label=\"Concello de Vilalba (abre en una nueva pesta\u00f1a)\">Concello de Vilalba<\/a>.<\/em><\/p>\n\n\n\n<p><\/p>\n","protected":false},"excerpt":{"rendered":"<p>Durante os meses de setembro e outubro de 2019, na Biblioteca Municipal de Vilalba, dentro do programa LER CONTA MOITO, realizaranse as seguintes actividades: BOLBORETAS. Un espect\u00e1culo de Soledad Felloza. [&hellip;]<\/p>\n","protected":false},"author":1,"featured_media":0,"comment_status":"open","ping_status":"open","sticky":false,"template":"","format":"standard","meta":{"_et_pb_use_builder":"off","_et_pb_old_content":"","_et_gb_content_width":"","_jetpack_memberships_contains_paid_content":false,"footnotes":""},"categories":[23,7,129,6,1],"tags":[512,514,513,517,516,515],"class_list":["post-6346","post","type-post","status-publish","format-standard","hentry","category-autoresas","category-creacion","category-literaria","category-novas","category-xeral","tag-biblioteca-municipal-de-vilalba","tag-eli-rios","tag-ler-conta-moito","tag-lucia-l-golan","tag-paula-regueiro","tag-soledad-felloza"],"jetpack_featured_media_url":"","jetpack_sharing_enabled":true,"_links":{"self":[{"href":"http:\/\/culturaliagz.com\/index.php?rest_route=\/wp\/v2\/posts\/6346","targetHints":{"allow":["GET"]}}],"collection":[{"href":"http:\/\/culturaliagz.com\/index.php?rest_route=\/wp\/v2\/posts"}],"about":[{"href":"http:\/\/culturaliagz.com\/index.php?rest_route=\/wp\/v2\/types\/post"}],"author":[{"embeddable":true,"href":"http:\/\/culturaliagz.com\/index.php?rest_route=\/wp\/v2\/users\/1"}],"replies":[{"embeddable":true,"href":"http:\/\/culturaliagz.com\/index.php?rest_route=%2Fwp%2Fv2%2Fcomments&post=6346"}],"version-history":[{"count":5,"href":"http:\/\/culturaliagz.com\/index.php?rest_route=\/wp\/v2\/posts\/6346\/revisions"}],"predecessor-version":[{"id":6355,"href":"http:\/\/culturaliagz.com\/index.php?rest_route=\/wp\/v2\/posts\/6346\/revisions\/6355"}],"wp:attachment":[{"href":"http:\/\/culturaliagz.com\/index.php?rest_route=%2Fwp%2Fv2%2Fmedia&parent=6346"}],"wp:term":[{"taxonomy":"category","embeddable":true,"href":"http:\/\/culturaliagz.com\/index.php?rest_route=%2Fwp%2Fv2%2Fcategories&post=6346"},{"taxonomy":"post_tag","embeddable":true,"href":"http:\/\/culturaliagz.com\/index.php?rest_route=%2Fwp%2Fv2%2Ftags&post=6346"}],"curies":[{"name":"wp","href":"https:\/\/api.w.org\/{rel}","templated":true}]}}