{"id":6343,"date":"2019-09-11T13:04:47","date_gmt":"2019-09-11T12:04:47","guid":{"rendered":"http:\/\/culturaliagz.com\/?p=6343"},"modified":"2019-09-11T13:04:49","modified_gmt":"2019-09-11T12:04:49","slug":"xi-edicion-de-luas-de-outono","status":"publish","type":"post","link":"http:\/\/culturaliagz.com\/?p=6343","title":{"rendered":"XI edici\u00f3n de L\u00daAS DE OUTONO"},"content":{"rendered":"\n<p><\/p>\n\n\n\n<div class=\"wp-block-image\"><figure class=\"aligncenter\"><a href=\"http:\/\/culturaliagz.com\/wp-content\/uploads\/2019\/09\/cartaz-L\u00daAS-DE-OUTONO-2019.jpg\" target=\"_blank\" rel=\"noreferrer noopener\"><img loading=\"lazy\" decoding=\"async\" width=\"724\" height=\"1024\" src=\"http:\/\/culturaliagz.com\/wp-content\/uploads\/2019\/09\/cartaz-L\u00daAS-DE-OUTONO-2019-724x1024.jpg\" alt=\"\" class=\"wp-image-6344\" srcset=\"http:\/\/culturaliagz.com\/wp-content\/uploads\/2019\/09\/cartaz-L\u00daAS-DE-OUTONO-2019-724x1024.jpg 724w, http:\/\/culturaliagz.com\/wp-content\/uploads\/2019\/09\/cartaz-L\u00daAS-DE-OUTONO-2019-212x300.jpg 212w, http:\/\/culturaliagz.com\/wp-content\/uploads\/2019\/09\/cartaz-L\u00daAS-DE-OUTONO-2019-768x1086.jpg 768w, http:\/\/culturaliagz.com\/wp-content\/uploads\/2019\/09\/cartaz-L\u00daAS-DE-OUTONO-2019-1080x1528.jpg 1080w\" sizes=\"auto, (max-width: 724px) 100vw, 724px\" \/><\/a><\/figure><\/div>\n\n\n\n<p><\/p>\n\n\n\n<p>O 25 de setembro, cuarta feira (m\u00e9rcores), \u00e1s 20:30, no Teatro Rosal\u00eda Castro, celebrarase unha nova edici\u00f3n de <a href=\"http:\/\/www.casamuseomanuelmaria.gal\/noticias\/todo-a-prestes.htm?paxina=1\" target=\"_blank\" rel=\"noreferrer noopener\" aria-label=\"L\u00faas de Outono (abre en una nueva pesta\u00f1a)\">L\u00faas de Outono<\/a>, homenaxe anual a Manuel Mar\u00eda, que v\u00e9n acontecendo desde hai once anos na cidade da Coru\u00f1a.<\/p>\n\n\n\n<p>Para a edici\u00f3n deste ano, aproveitando que hai pouco foron os 50 anos do concerto que se co\u00f1eceu como de presentaci\u00f3n da Nova Canci\u00f3n Galega, vaise facer un acto de reco\u00f1ecemento aos cantautores e cantautoras galegas, parte fundamental da cultura de noso e tam\u00e9n, figuras privilexiadas na difusi\u00f3n da nosa poes\u00eda. Aquel concerto hist\u00f3rico do Teatro Capitol de Compostela fora presentado por Manuel Mar\u00eda quen, al\u00e9n disto, a trav\u00e9s do selo EDIGSA-XISTRAL, promoveu a difusi\u00f3n desta m\u00fasica en galego que supu\u00f1a unha ruptura co folclorismo de cariz franquista por aquel momento.<\/p>\n\n\n\n<p>As\u00ed nas L\u00faas de Outono deste ano teremos a oportunidade de escoitar\u00a0tres voces que, de alg\u00fan xeito, son mostra de xeraci\u00f3ns diferentes e tam\u00e9n de diversos estilos: MIRO CASABELLA;\u00a0UX\u00cdA, acompa\u00f1ada\u00a0por Santi Cribeiro e S\u00e9rgio Tannus; e a voz de Xo\u00e1n Pad\u00edn, que xunto Alberte N\u00fa\u00f1ez, Alberto Maceiras e Gumer Freire, conforman MOLIME. O espect\u00e1culo ser\u00e1 guiado por Xurxo Souto.<\/p>\n\n\n\n<p><br>A entrada \u00e9 libre at\u00e9 completar o aforo.<\/p>\n\n\n\n<p><\/p>\n\n\n\n<p><em>*Informaci\u00f3n achegada desde a Casa-Museo Manuel Mar\u00eda.<\/em><\/p>\n","protected":false},"excerpt":{"rendered":"<p>O 25 de setembro, cuarta feira (m\u00e9rcores), \u00e1s 20:30, no Teatro Rosal\u00eda Castro, celebrarase unha nova edici\u00f3n de L\u00faas de Outono, homenaxe anual a Manuel Mar\u00eda, que v\u00e9n acontecendo desde [&hellip;]<\/p>\n","protected":false},"author":1,"featured_media":0,"comment_status":"open","ping_status":"open","sticky":false,"template":"","format":"standard","meta":{"_et_pb_use_builder":"off","_et_pb_old_content":"","_et_gb_content_width":"","_jetpack_memberships_contains_paid_content":false,"footnotes":""},"categories":[23,7,6,1],"tags":[303,189,510,511],"class_list":["post-6343","post","type-post","status-publish","format-standard","hentry","category-autoresas","category-creacion","category-novas","category-xeral","tag-luas-de-outono","tag-manuel-maria","tag-miro-casabella","tag-uxia"],"jetpack_featured_media_url":"","jetpack_sharing_enabled":true,"_links":{"self":[{"href":"http:\/\/culturaliagz.com\/index.php?rest_route=\/wp\/v2\/posts\/6343","targetHints":{"allow":["GET"]}}],"collection":[{"href":"http:\/\/culturaliagz.com\/index.php?rest_route=\/wp\/v2\/posts"}],"about":[{"href":"http:\/\/culturaliagz.com\/index.php?rest_route=\/wp\/v2\/types\/post"}],"author":[{"embeddable":true,"href":"http:\/\/culturaliagz.com\/index.php?rest_route=\/wp\/v2\/users\/1"}],"replies":[{"embeddable":true,"href":"http:\/\/culturaliagz.com\/index.php?rest_route=%2Fwp%2Fv2%2Fcomments&post=6343"}],"version-history":[{"count":1,"href":"http:\/\/culturaliagz.com\/index.php?rest_route=\/wp\/v2\/posts\/6343\/revisions"}],"predecessor-version":[{"id":6345,"href":"http:\/\/culturaliagz.com\/index.php?rest_route=\/wp\/v2\/posts\/6343\/revisions\/6345"}],"wp:attachment":[{"href":"http:\/\/culturaliagz.com\/index.php?rest_route=%2Fwp%2Fv2%2Fmedia&parent=6343"}],"wp:term":[{"taxonomy":"category","embeddable":true,"href":"http:\/\/culturaliagz.com\/index.php?rest_route=%2Fwp%2Fv2%2Fcategories&post=6343"},{"taxonomy":"post_tag","embeddable":true,"href":"http:\/\/culturaliagz.com\/index.php?rest_route=%2Fwp%2Fv2%2Ftags&post=6343"}],"curies":[{"name":"wp","href":"https:\/\/api.w.org\/{rel}","templated":true}]}}