{"id":6333,"date":"2019-09-10T22:56:16","date_gmt":"2019-09-10T21:56:16","guid":{"rendered":"http:\/\/culturaliagz.com\/?p=6333"},"modified":"2019-09-10T23:02:29","modified_gmt":"2019-09-10T22:02:29","slug":"iescha-dia-da-cultura-chairega-2019","status":"publish","type":"post","link":"http:\/\/culturaliagz.com\/?p=6333","title":{"rendered":"IESCHA.- D\u00eda da Cultura Chairega 2019"},"content":{"rendered":"\n<p><\/p>\n\n\n\n<div class=\"wp-block-image\"><figure class=\"aligncenter\"><a href=\"http:\/\/culturaliagz.com\/wp-content\/uploads\/2019\/09\/cartaz_def_peq.jpg\" target=\"_blank\" rel=\"noreferrer noopener\"><img loading=\"lazy\" decoding=\"async\" width=\"683\" height=\"1024\" src=\"http:\/\/culturaliagz.com\/wp-content\/uploads\/2019\/09\/cartaz_def_peq-683x1024.jpg\" alt=\"\" class=\"wp-image-6334\" srcset=\"http:\/\/culturaliagz.com\/wp-content\/uploads\/2019\/09\/cartaz_def_peq-683x1024.jpg 683w, http:\/\/culturaliagz.com\/wp-content\/uploads\/2019\/09\/cartaz_def_peq-200x300.jpg 200w, http:\/\/culturaliagz.com\/wp-content\/uploads\/2019\/09\/cartaz_def_peq-768x1152.jpg 768w, http:\/\/culturaliagz.com\/wp-content\/uploads\/2019\/09\/cartaz_def_peq-1080x1620.jpg 1080w, http:\/\/culturaliagz.com\/wp-content\/uploads\/2019\/09\/cartaz_def_peq.jpg 1299w\" sizes=\"auto, (max-width: 683px) 100vw, 683px\" \/><\/a><\/figure><\/div>\n\n\n\n<p><\/p>\n\n\n\n<p><\/p>\n\n\n\n<p>O venres, 20 de setembro de 2019, \u00e1s 20:30 horas, no Auditorio Municipal de Vilalba celebrarase o D\u00eda da Cultura Chairega, no XV cabodano de Manuel Mar\u00eda.   <\/p>\n\n\n\n<p><strong>O PROGRAMA<\/strong> deste ano est\u00e1 conformado da seguinte\nmaneira: <\/p>\n\n\n\n<p><strong>-GRAN\nCONCERTO MUSICAL A CARGO DO GRUPO <\/strong><\/p>\n\n\n\n<p><strong>HABELAS\nHAINAS<\/strong><\/p>\n\n\n\n<p><strong>-ENTREGA\nDA PLACA DE SOCIO DE HONRA DO IESCHA A<\/strong><\/p>\n\n\n\n<p><strong>ALFONSO\nBLANCO TORRADO<\/strong><\/p>\n\n\n\n<p>O evento est\u00e1 organizado polo IESCHA e conta coa financiaci\u00f3n da <a href=\"http:\/\/www.deputacionlugo.gal\" target=\"_blank\" rel=\"noreferrer noopener\" aria-label=\"Deputaci\u00f3n de Lugo (abre en una nueva pesta\u00f1a)\">Deputaci\u00f3n de Lugo<\/a>.<\/p>\n\n\n\n<p>Velaqu\u00ed <a rel=\"noreferrer noopener\" aria-label=\"invitaci\u00f3n (abre en una nueva pesta\u00f1a)\" href=\"http:\/\/culturaliagz.com\/wp-content\/uploads\/2019\/09\/INVITACION2019.jpg\" target=\"_blank\">invitaci\u00f3n<\/a>, <a rel=\"noreferrer noopener\" aria-label=\"cartaz  (abre en una nueva pesta\u00f1a)\" href=\"http:\/\/culturaliagz.com\/wp-content\/uploads\/2019\/09\/cartaz_def_peq.jpg\" target=\"_blank\">cartaz <\/a>e <a href=\"http:\/\/culturaliagz.com\/wp-content\/uploads\/2019\/09\/nota-informativa_Dia-da-Cultura-ChairegaXV-copia.pdf\" target=\"_blank\" rel=\"noreferrer noopener\" aria-label=\"nota informativa (abre en una nueva pesta\u00f1a)\">nota informativa<\/a>.<\/p>\n\n\n\n<p><\/p>\n\n\n\n<p><em>*Informaci\u00f3n achegada polo IESCHA. <\/em><\/p>\n","protected":false},"excerpt":{"rendered":"<p>O venres, 20 de setembro de 2019, \u00e1s 20:30 horas, no Auditorio Municipal de Vilalba celebrarase o D\u00eda da Cultura Chairega, no XV cabodano de Manuel Mar\u00eda. O PROGRAMA deste [&hellip;]<\/p>\n","protected":false},"author":1,"featured_media":0,"comment_status":"open","ping_status":"open","sticky":false,"template":"","format":"standard","meta":{"_et_pb_use_builder":"off","_et_pb_old_content":"","_et_gb_content_width":"","_jetpack_memberships_contains_paid_content":false,"footnotes":""},"categories":[23,7,6,1],"tags":[508,298,509,234],"class_list":["post-6333","post","type-post","status-publish","format-standard","hentry","category-autoresas","category-creacion","category-novas","category-xeral","tag-alfonso-blanco-torrado","tag-dia-da-cultura-chairega","tag-habelas-hainas","tag-iescha"],"jetpack_featured_media_url":"","jetpack_sharing_enabled":true,"_links":{"self":[{"href":"http:\/\/culturaliagz.com\/index.php?rest_route=\/wp\/v2\/posts\/6333","targetHints":{"allow":["GET"]}}],"collection":[{"href":"http:\/\/culturaliagz.com\/index.php?rest_route=\/wp\/v2\/posts"}],"about":[{"href":"http:\/\/culturaliagz.com\/index.php?rest_route=\/wp\/v2\/types\/post"}],"author":[{"embeddable":true,"href":"http:\/\/culturaliagz.com\/index.php?rest_route=\/wp\/v2\/users\/1"}],"replies":[{"embeddable":true,"href":"http:\/\/culturaliagz.com\/index.php?rest_route=%2Fwp%2Fv2%2Fcomments&post=6333"}],"version-history":[{"count":6,"href":"http:\/\/culturaliagz.com\/index.php?rest_route=\/wp\/v2\/posts\/6333\/revisions"}],"predecessor-version":[{"id":6342,"href":"http:\/\/culturaliagz.com\/index.php?rest_route=\/wp\/v2\/posts\/6333\/revisions\/6342"}],"wp:attachment":[{"href":"http:\/\/culturaliagz.com\/index.php?rest_route=%2Fwp%2Fv2%2Fmedia&parent=6333"}],"wp:term":[{"taxonomy":"category","embeddable":true,"href":"http:\/\/culturaliagz.com\/index.php?rest_route=%2Fwp%2Fv2%2Fcategories&post=6333"},{"taxonomy":"post_tag","embeddable":true,"href":"http:\/\/culturaliagz.com\/index.php?rest_route=%2Fwp%2Fv2%2Ftags&post=6333"}],"curies":[{"name":"wp","href":"https:\/\/api.w.org\/{rel}","templated":true}]}}