{"id":6324,"date":"2019-09-09T22:45:57","date_gmt":"2019-09-09T21:45:57","guid":{"rendered":"http:\/\/culturaliagz.com\/?p=6324"},"modified":"2019-09-09T23:04:43","modified_gmt":"2019-09-09T22:04:43","slug":"propostas-do-iescha-remitidas-ao-concello-de-vilalba","status":"publish","type":"post","link":"http:\/\/culturaliagz.com\/?p=6324","title":{"rendered":"Propostas do IESCHA remitidas ao Concello de Vilalba"},"content":{"rendered":"\n<p><\/p>\n\n\n\n<div class=\"wp-block-image\"><figure class=\"aligncenter\"><a href=\"http:\/\/culturaliagz.com\/wp-content\/uploads\/2019\/09\/9E1D43BA-BF8E-43F5-95BE-E79FFA615F1D.jpg\" target=\"_blank\" rel=\"noreferrer noopener\"><img loading=\"lazy\" decoding=\"async\" width=\"1024\" height=\"1024\" src=\"http:\/\/culturaliagz.com\/wp-content\/uploads\/2019\/09\/9E1D43BA-BF8E-43F5-95BE-E79FFA615F1D-1024x1024.jpg\" alt=\"\" class=\"wp-image-6331\" srcset=\"http:\/\/culturaliagz.com\/wp-content\/uploads\/2019\/09\/9E1D43BA-BF8E-43F5-95BE-E79FFA615F1D-1024x1024.jpg 1024w, http:\/\/culturaliagz.com\/wp-content\/uploads\/2019\/09\/9E1D43BA-BF8E-43F5-95BE-E79FFA615F1D-150x150.jpg 150w, http:\/\/culturaliagz.com\/wp-content\/uploads\/2019\/09\/9E1D43BA-BF8E-43F5-95BE-E79FFA615F1D-300x300.jpg 300w, http:\/\/culturaliagz.com\/wp-content\/uploads\/2019\/09\/9E1D43BA-BF8E-43F5-95BE-E79FFA615F1D-768x768.jpg 768w, http:\/\/culturaliagz.com\/wp-content\/uploads\/2019\/09\/9E1D43BA-BF8E-43F5-95BE-E79FFA615F1D-1080x1080.jpg 1080w, http:\/\/culturaliagz.com\/wp-content\/uploads\/2019\/09\/9E1D43BA-BF8E-43F5-95BE-E79FFA615F1D.jpg 1280w\" sizes=\"auto, (max-width: 1024px) 100vw, 1024px\" \/><\/a><figcaption>Manuel Mar\u00eda e Agust\u00edn Fern\u00e1ndez Paz<\/figcaption><\/figure><\/div>\n\n\n\n<p><\/p>\n\n\n\n<p>Recentemente o Instituto de Estudos Chairegos remitiu \u00e1 Sra. Alcaldesa do Concello de Vilalba o seguinte escrito:<\/p>\n\n\n\n<p><strong>&#8220;En reuni\u00f3n de Xunta Directiva do\nInstituto de Estudos Chairegos-IESCHA celebrada o pasado d\u00eda 7 de agosto do ano\nen curso, acordouse, entre outros asuntos, remitir escrito a ese Concello cos\nseguintes puntos:<\/strong><\/p>\n\n\n\n<p><strong>1.- Manifestarlle os nosos parab\u00e9ns a\nVde., como nova Alcaldesa de Vilalba, as\u00ed como ao seu Equipo de Goberno,\ndesexando que nesta nova etapa que comeza podamos manter unha rec\u00edproca e\ncordial colaboraci\u00f3n entre as d\u00faas entidades.<\/strong><\/p>\n\n\n\n<p><strong>2.- Pregarlle que propo\u00f1a \u00e1 Corporaci\u00f3n\nMunicipal que Vde. preside a adopci\u00f3n dos seguintes acordos ralacionados con\nd\u00faas emblem\u00e1ticas personalidades chairegas imprescindibles no \u00e1mbito literario\ngalego:<\/strong><\/p>\n\n\n\n<p><strong>&#8211;<\/strong><strong>Dar o nome de\nMANUEL MAR\u00cdA \u00e1 <em>Casa da Cultura de Vilalba<\/em> (proposta xa realizada noutras\nocasi\u00f3ns).<\/strong><\/p>\n\n\n\n<p><strong>&#8211;<\/strong><strong> <\/strong><strong>Dar o nome de AGUST\u00cdN FERN\u00c1NDEZ PAZ \u00e1 <em>Biblioteca\nP\u00fablica Municipal de Vilalba<\/em>.&#8221;<\/strong><\/p>\n\n\n\n<p>O\nque po\u00f1emos en co\u00f1ecemento da opini\u00f3n p\u00fablica.<\/p>\n\n\n\n<p><\/p>\n\n\n\n<p><em>*Informaci\u00f3n facilitada polo IESCHA.<\/em><\/p>\n","protected":false},"excerpt":{"rendered":"<p>Recentemente o Instituto de Estudos Chairegos remitiu \u00e1 Sra. Alcaldesa do Concello de Vilalba o seguinte escrito: &#8220;En reuni\u00f3n de Xunta Directiva do Instituto de Estudos Chairegos-IESCHA celebrada o pasado [&hellip;]<\/p>\n","protected":false},"author":1,"featured_media":0,"comment_status":"open","ping_status":"open","sticky":false,"template":"","format":"standard","meta":{"_et_pb_use_builder":"off","_et_pb_old_content":"","_et_gb_content_width":"","_jetpack_memberships_contains_paid_content":false,"footnotes":""},"categories":[23,6,1],"tags":[507,220,30,234],"class_list":["post-6324","post","type-post","status-publish","format-standard","hentry","category-autoresas","category-novas","category-xeral","tag-biblioteca-publica-municipal-de-vilalba","tag-casa-da-cultura-de-vilalba","tag-concello-de-vilalba","tag-iescha"],"jetpack_featured_media_url":"","jetpack_sharing_enabled":true,"_links":{"self":[{"href":"http:\/\/culturaliagz.com\/index.php?rest_route=\/wp\/v2\/posts\/6324","targetHints":{"allow":["GET"]}}],"collection":[{"href":"http:\/\/culturaliagz.com\/index.php?rest_route=\/wp\/v2\/posts"}],"about":[{"href":"http:\/\/culturaliagz.com\/index.php?rest_route=\/wp\/v2\/types\/post"}],"author":[{"embeddable":true,"href":"http:\/\/culturaliagz.com\/index.php?rest_route=\/wp\/v2\/users\/1"}],"replies":[{"embeddable":true,"href":"http:\/\/culturaliagz.com\/index.php?rest_route=%2Fwp%2Fv2%2Fcomments&post=6324"}],"version-history":[{"count":4,"href":"http:\/\/culturaliagz.com\/index.php?rest_route=\/wp\/v2\/posts\/6324\/revisions"}],"predecessor-version":[{"id":6332,"href":"http:\/\/culturaliagz.com\/index.php?rest_route=\/wp\/v2\/posts\/6324\/revisions\/6332"}],"wp:attachment":[{"href":"http:\/\/culturaliagz.com\/index.php?rest_route=%2Fwp%2Fv2%2Fmedia&parent=6324"}],"wp:term":[{"taxonomy":"category","embeddable":true,"href":"http:\/\/culturaliagz.com\/index.php?rest_route=%2Fwp%2Fv2%2Fcategories&post=6324"},{"taxonomy":"post_tag","embeddable":true,"href":"http:\/\/culturaliagz.com\/index.php?rest_route=%2Fwp%2Fv2%2Ftags&post=6324"}],"curies":[{"name":"wp","href":"https:\/\/api.w.org\/{rel}","templated":true}]}}