{"id":6283,"date":"2019-08-14T19:22:48","date_gmt":"2019-08-14T18:22:48","guid":{"rendered":"http:\/\/culturaliagz.com\/?p=6283"},"modified":"2019-08-14T19:28:27","modified_gmt":"2019-08-14T18:28:27","slug":"os-martires-de-chicago-e-o-primeiro-de-maio-por-andre-da-ponte","status":"publish","type":"post","link":"http:\/\/culturaliagz.com\/?p=6283","title":{"rendered":"Os m\u00e1rtires de Chicago e o Primeiro de Maio, por Andr\u00e9 Da Ponte"},"content":{"rendered":"\n<p><\/p>\n\n\n\n<div class=\"wp-block-image\"><figure class=\"aligncenter\"><a href=\"http:\/\/culturaliagz.com\/wp-content\/uploads\/2019\/08\/ORIGENS-DO-1\u00ba-DE-MAIO.jpg\" target=\"_blank\" rel=\"noreferrer noopener\"><img loading=\"lazy\" decoding=\"async\" width=\"640\" height=\"868\" src=\"http:\/\/culturaliagz.com\/wp-content\/uploads\/2019\/08\/ORIGENS-DO-1\u00ba-DE-MAIO.jpg\" alt=\"\" class=\"wp-image-6284\" srcset=\"http:\/\/culturaliagz.com\/wp-content\/uploads\/2019\/08\/ORIGENS-DO-1\u00ba-DE-MAIO.jpg 640w, http:\/\/culturaliagz.com\/wp-content\/uploads\/2019\/08\/ORIGENS-DO-1\u00ba-DE-MAIO-221x300.jpg 221w\" sizes=\"auto, (max-width: 640px) 100vw, 640px\" \/><\/a><\/figure><\/div>\n\n\n\n<p><\/p>\n\n\n\n<p>Em arquivo anexo vai uma investiga\u00e7\u00e3o hist\u00f3rica sobre as origens do Primeiro de Maio. <\/p>\n\n\n\n<p><a rel=\"noreferrer noopener\" aria-label=\"As origens do Primeiro de Maio (abre en una nueva pesta\u00f1a)\" href=\"http:\/\/culturaliagz.com\/wp-content\/uploads\/2019\/08\/As-origens-do-Primeiro-de-Maio.pdf\" target=\"_blank\">As origens do Primeiro de Maio<\/a> (arquivo).<\/p>\n\n\n\n<p><em>*Imagem da Capa: <\/em><a rel=\"noreferrer noopener\" aria-label=\" (abre en una nueva pesta\u00f1a)\" href=\"https:\/\/www.marxists.org\/subject\/art\/visual_arts\/satire\/subject\/mayday\/index.html\" target=\"_blank\"><em>http:\/\/www.marxists.org\/subject\/art\/visual_arts\/satire\/subject\/mayday\/index.html<\/em><\/a><em> <\/em><\/p>\n","protected":false},"excerpt":{"rendered":"<p>Em arquivo anexo vai uma investiga\u00e7\u00e3o hist\u00f3rica sobre as origens do Primeiro de Maio. As origens do Primeiro de Maio (arquivo). *Imagem da Capa: http:\/\/www.marxists.org\/subject\/art\/visual_arts\/satire\/subject\/mayday\/index.html<\/p>\n","protected":false},"author":1,"featured_media":0,"comment_status":"open","ping_status":"open","sticky":false,"template":"","format":"standard","meta":{"_et_pb_use_builder":"off","_et_pb_old_content":"","_et_gb_content_width":"","_jetpack_memberships_contains_paid_content":false,"footnotes":""},"categories":[23,7,129,6,367,1],"tags":[130,494],"class_list":["post-6283","post","type-post","status-publish","format-standard","hentry","category-autoresas","category-creacion","category-literaria","category-novas","category-publicacions","category-xeral","tag-andre-da-ponte","tag-os-martires-de-chicago-e-o-primeiro-de-maio"],"jetpack_featured_media_url":"","jetpack_sharing_enabled":true,"_links":{"self":[{"href":"http:\/\/culturaliagz.com\/index.php?rest_route=\/wp\/v2\/posts\/6283","targetHints":{"allow":["GET"]}}],"collection":[{"href":"http:\/\/culturaliagz.com\/index.php?rest_route=\/wp\/v2\/posts"}],"about":[{"href":"http:\/\/culturaliagz.com\/index.php?rest_route=\/wp\/v2\/types\/post"}],"author":[{"embeddable":true,"href":"http:\/\/culturaliagz.com\/index.php?rest_route=\/wp\/v2\/users\/1"}],"replies":[{"embeddable":true,"href":"http:\/\/culturaliagz.com\/index.php?rest_route=%2Fwp%2Fv2%2Fcomments&post=6283"}],"version-history":[{"count":4,"href":"http:\/\/culturaliagz.com\/index.php?rest_route=\/wp\/v2\/posts\/6283\/revisions"}],"predecessor-version":[{"id":6289,"href":"http:\/\/culturaliagz.com\/index.php?rest_route=\/wp\/v2\/posts\/6283\/revisions\/6289"}],"wp:attachment":[{"href":"http:\/\/culturaliagz.com\/index.php?rest_route=%2Fwp%2Fv2%2Fmedia&parent=6283"}],"wp:term":[{"taxonomy":"category","embeddable":true,"href":"http:\/\/culturaliagz.com\/index.php?rest_route=%2Fwp%2Fv2%2Fcategories&post=6283"},{"taxonomy":"post_tag","embeddable":true,"href":"http:\/\/culturaliagz.com\/index.php?rest_route=%2Fwp%2Fv2%2Ftags&post=6283"}],"curies":[{"name":"wp","href":"https:\/\/api.w.org\/{rel}","templated":true}]}}