{"id":6220,"date":"2019-08-01T19:11:55","date_gmt":"2019-08-01T18:11:55","guid":{"rendered":"http:\/\/culturaliagz.com\/?p=6220"},"modified":"2019-08-02T20:21:40","modified_gmt":"2019-08-02T19:21:40","slug":"exposicion-penelopes-de-adolfina-mesa-no-castelo-de-pambre-organizada-polo-instituto-de-estudos-ulloans","status":"publish","type":"post","link":"http:\/\/culturaliagz.com\/?p=6220","title":{"rendered":"Exposici\u00f3n PEN\u00c9LOPES, de Adolfina Mesa, no Castelo de Pambre, organizada polo Instituto de Estudos Ullo\u00e1ns"},"content":{"rendered":"\n<p><\/p>\n\n\n\n<div class=\"wp-block-image\"><figure class=\"aligncenter\"><a href=\"http:\/\/culturaliagz.com\/wp-content\/uploads\/2019\/08\/Exposici\u00f3n-de-Adolfina-Mesa-Castelo-de-Pambre-Instituto-de-Estudos-Ullo\u00e1ns.jpg\" target=\"_blank\" rel=\"noreferrer noopener\"><img loading=\"lazy\" decoding=\"async\" width=\"725\" height=\"1024\" src=\"http:\/\/culturaliagz.com\/wp-content\/uploads\/2019\/08\/Exposici\u00f3n-de-Adolfina-Mesa-Castelo-de-Pambre-Instituto-de-Estudos-Ullo\u00e1ns-725x1024.jpg\" alt=\"\" class=\"wp-image-6221\" srcset=\"http:\/\/culturaliagz.com\/wp-content\/uploads\/2019\/08\/Exposici\u00f3n-de-Adolfina-Mesa-Castelo-de-Pambre-Instituto-de-Estudos-Ullo\u00e1ns-725x1024.jpg 725w, http:\/\/culturaliagz.com\/wp-content\/uploads\/2019\/08\/Exposici\u00f3n-de-Adolfina-Mesa-Castelo-de-Pambre-Instituto-de-Estudos-Ullo\u00e1ns-212x300.jpg 212w, http:\/\/culturaliagz.com\/wp-content\/uploads\/2019\/08\/Exposici\u00f3n-de-Adolfina-Mesa-Castelo-de-Pambre-Instituto-de-Estudos-Ullo\u00e1ns-768x1085.jpg 768w, http:\/\/culturaliagz.com\/wp-content\/uploads\/2019\/08\/Exposici\u00f3n-de-Adolfina-Mesa-Castelo-de-Pambre-Instituto-de-Estudos-Ullo\u00e1ns-1080x1526.jpg 1080w, http:\/\/culturaliagz.com\/wp-content\/uploads\/2019\/08\/Exposici\u00f3n-de-Adolfina-Mesa-Castelo-de-Pambre-Instituto-de-Estudos-Ullo\u00e1ns.jpg 1241w\" sizes=\"auto, (max-width: 725px) 100vw, 725px\" \/><\/a><\/figure><\/div>\n\n\n\n<p><\/p>\n\n\n\n<p>O s\u00e1bado 3 de agosto \u00e1s 12:00 h. inaugurarase na sala 2 do <a rel=\"noreferrer noopener\" aria-label=\"Castelo de Pambre (abre en una nueva pesta\u00f1a)\" href=\"http:\/\/castelodepambre.com\/\" target=\"_blank\">Castelo de Pambre<\/a> a exposici\u00f3n <a rel=\"noreferrer noopener\" aria-label=\"&quot;Pen\u00e9lopes&quot; (abre en una nueva pesta\u00f1a)\" href=\"http:\/\/ieu.gal\/exposicion-de-adolfina-mesa-na-sala-2-castelo-de-pambre-3-agosto-ao-27-set\/\" target=\"_blank\">&#8220;Pen\u00e9lopes&#8221;<\/a> da pintora e poeta <a rel=\"noreferrer noopener\" aria-label=\"Adolfina Mesa (abre en una nueva pesta\u00f1a)\" href=\"https:\/\/es-es.facebook.com\/arte.adolfinamesa\/\" target=\"_blank\">Adolfina Mesa<\/a>. Dita exposici\u00f3n est\u00e1 organizada polo <a rel=\"noreferrer noopener\" aria-label=\"Instituto de Estudos Ullo\u00e1ns (IEU) (abre en una nueva pesta\u00f1a)\" href=\"http:\/\/ieu.gal\/\" target=\"_blank\">Instituto de Estudos Ullo\u00e1ns (IEU)<\/a>. Presentar\u00e1n o acto Braulio Vilari\u00f1o, comisario da exposici\u00f3n,\u00a0e Francisco Pardo Teijeiro, presidente do IEU, ademais de contar de coa presenza da propia autora da exposici\u00f3n, <a rel=\"noreferrer noopener\" aria-label=\"Adolfina Mesa (abre en una nueva pesta\u00f1a)\" href=\"https:\/\/www.aelg.gal\/centro-documentacion\/autores-as\/adolfina-mesa\" target=\"_blank\">Adolfina Mesa<\/a>.<\/p>\n\n\n\n<p>Velaqu\u00ed un acceso onde se pode consultar o&nbsp;curriculum&nbsp;e as obras de Adolfina Mesa <a rel=\"noreferrer noopener\" href=\"http:\/\/ieu.gal\/exposicions\/\" target=\"_blank\">http:\/\/ieu.gal\/exposicions\/<\/a><\/p>\n\n\n\n<p>A exposici\u00f3n PEN\u00c9LOPES permanecer\u00e1 aberta ao p\u00fablico desde o 3 de agosto ata o 27 de setembro de 2019.<\/p>\n\n\n\n<p><em>*Informaci\u00f3n achegada polo Instituto de Estudos Ullo\u00e1ns<\/em><br><\/p>\n","protected":false},"excerpt":{"rendered":"<p>O s\u00e1bado 3 de agosto \u00e1s 12:00 h. inaugurarase na sala 2 do Castelo de Pambre a exposici\u00f3n &#8220;Pen\u00e9lopes&#8221; da pintora e poeta Adolfina Mesa. Dita exposici\u00f3n est\u00e1 organizada polo [&hellip;]<\/p>\n","protected":false},"author":1,"featured_media":0,"comment_status":"open","ping_status":"open","sticky":false,"template":"","format":"standard","meta":{"_et_pb_use_builder":"off","_et_pb_old_content":"","_et_gb_content_width":"","_jetpack_memberships_contains_paid_content":false,"footnotes":""},"categories":[23,7,6,1],"tags":[379,482,471,481,425,483],"class_list":["post-6220","post","type-post","status-publish","format-standard","hentry","category-autoresas","category-creacion","category-novas","category-xeral","tag-adolfina-mesa","tag-braulio-vilarino","tag-castelo-de-pambre","tag-francisco-pardo-teijeiro","tag-instituto-de-estudos-ulloans","tag-penelopes"],"jetpack_featured_media_url":"","jetpack_sharing_enabled":true,"_links":{"self":[{"href":"http:\/\/culturaliagz.com\/index.php?rest_route=\/wp\/v2\/posts\/6220","targetHints":{"allow":["GET"]}}],"collection":[{"href":"http:\/\/culturaliagz.com\/index.php?rest_route=\/wp\/v2\/posts"}],"about":[{"href":"http:\/\/culturaliagz.com\/index.php?rest_route=\/wp\/v2\/types\/post"}],"author":[{"embeddable":true,"href":"http:\/\/culturaliagz.com\/index.php?rest_route=\/wp\/v2\/users\/1"}],"replies":[{"embeddable":true,"href":"http:\/\/culturaliagz.com\/index.php?rest_route=%2Fwp%2Fv2%2Fcomments&post=6220"}],"version-history":[{"count":3,"href":"http:\/\/culturaliagz.com\/index.php?rest_route=\/wp\/v2\/posts\/6220\/revisions"}],"predecessor-version":[{"id":6227,"href":"http:\/\/culturaliagz.com\/index.php?rest_route=\/wp\/v2\/posts\/6220\/revisions\/6227"}],"wp:attachment":[{"href":"http:\/\/culturaliagz.com\/index.php?rest_route=%2Fwp%2Fv2%2Fmedia&parent=6220"}],"wp:term":[{"taxonomy":"category","embeddable":true,"href":"http:\/\/culturaliagz.com\/index.php?rest_route=%2Fwp%2Fv2%2Fcategories&post=6220"},{"taxonomy":"post_tag","embeddable":true,"href":"http:\/\/culturaliagz.com\/index.php?rest_route=%2Fwp%2Fv2%2Ftags&post=6220"}],"curies":[{"name":"wp","href":"https:\/\/api.w.org\/{rel}","templated":true}]}}