{"id":6205,"date":"2019-07-24T23:08:12","date_gmt":"2019-07-24T22:08:12","guid":{"rendered":"http:\/\/culturaliagz.com\/?p=6205"},"modified":"2019-07-24T23:08:14","modified_gmt":"2019-07-24T22:08:14","slug":"ii-certame-de-poesia-torre-de-caldaloba","status":"publish","type":"post","link":"http:\/\/culturaliagz.com\/?p=6205","title":{"rendered":"II Certame de Poes\u00eda TORRE DE CALDALOBA"},"content":{"rendered":"\n<p><\/p>\n\n\n\n<div class=\"wp-block-image\"><figure class=\"aligncenter\"><a href=\"http:\/\/culturaliagz.com\/wp-content\/uploads\/2019\/07\/II-CERTAME-DE-POES\u00cdA-TORRE-DE-CALDALOBA2.jpg\" target=\"_blank\" rel=\"noreferrer noopener\"><img loading=\"lazy\" decoding=\"async\" width=\"1022\" height=\"1024\" src=\"http:\/\/culturaliagz.com\/wp-content\/uploads\/2019\/07\/II-CERTAME-DE-POES\u00cdA-TORRE-DE-CALDALOBA2-1022x1024.jpg\" alt=\"\" class=\"wp-image-6207\" srcset=\"http:\/\/culturaliagz.com\/wp-content\/uploads\/2019\/07\/II-CERTAME-DE-POES\u00cdA-TORRE-DE-CALDALOBA2-1022x1024.jpg 1022w, http:\/\/culturaliagz.com\/wp-content\/uploads\/2019\/07\/II-CERTAME-DE-POES\u00cdA-TORRE-DE-CALDALOBA2-150x150.jpg 150w, http:\/\/culturaliagz.com\/wp-content\/uploads\/2019\/07\/II-CERTAME-DE-POES\u00cdA-TORRE-DE-CALDALOBA2-300x300.jpg 300w, http:\/\/culturaliagz.com\/wp-content\/uploads\/2019\/07\/II-CERTAME-DE-POES\u00cdA-TORRE-DE-CALDALOBA2-768x770.jpg 768w, http:\/\/culturaliagz.com\/wp-content\/uploads\/2019\/07\/II-CERTAME-DE-POES\u00cdA-TORRE-DE-CALDALOBA2-1080x1082.jpg 1080w, http:\/\/culturaliagz.com\/wp-content\/uploads\/2019\/07\/II-CERTAME-DE-POES\u00cdA-TORRE-DE-CALDALOBA2.jpg 1464w\" sizes=\"auto, (max-width: 1022px) 100vw, 1022px\" \/><\/a><\/figure><\/div>\n\n\n\n<p><\/p>\n\n\n\n<p>Este m\u00e9rcores, 24 de xullo no sal\u00f3n de plenos do Concello de Cospeito, celebrouse a presentaci\u00f3n do II Certame de Poes\u00eda TORRE DE CALDALOBA, que convocan conxuntamente o citado <a rel=\"noreferrer noopener\" aria-label=\"Concello de Cospeito (abre en una nueva pesta\u00f1a)\" href=\"https:\/\/www.concellodecospeito.es\/\" target=\"_blank\">Concello de Cospeito<\/a>, a <a rel=\"noreferrer noopener\" aria-label=\"Asociaci\u00f3n Cultural de San Marti\u00f1o de Pino (abre en una nueva pesta\u00f1a)\" href=\"https:\/\/es-la.facebook.com\/groups\/Asociaci%C3%B3n-de-veci%C3%B1os-de-san-Marti%C3%B1o-de-Pino-158197157570267\/\" target=\"_blank\">Asociaci\u00f3n Cultural de San Marti\u00f1o de Pino<\/a>, coa colaboraci\u00f3n de <a rel=\"noreferrer noopener\" aria-label=\"Culturalia GZ (abre en una nueva pesta\u00f1a)\" href=\"http:\/\/culturaliagz.com\/\" target=\"_blank\">Culturalia GZ<\/a>.<\/p>\n\n\n\n<p>Despois do \u00e9xito de participaci\u00f3n da primeira edici\u00f3n, con m\u00e1is de 50 traballos presentados, a organizaci\u00f3n agarda igualar, ou incluso incrementar, o n\u00famero de participantes, as\u00ed coma o alto nivel dos poemarios achegados ao <a href=\"https:\/\/certamepoesia.concellodecospeito.es\/bases-2018\/xesus-rabade-paredes-gana-o-primeiro-premio-caldaloba\/\" target=\"_blank\" rel=\"noreferrer noopener\" aria-label=\"certame de 2018 (abre en una nueva pesta\u00f1a)\">certame de 2018<\/a>.<\/p>\n\n\n\n<div class=\"wp-block-image\"><figure class=\"alignleft\"><a href=\"http:\/\/culturaliagz.com\/wp-content\/uploads\/2019\/07\/II-CERTAME-DE-POES\u00cdA-TORRE-DE-CALDALOBA.jpg\" target=\"_blank\" rel=\"noreferrer noopener\"><img loading=\"lazy\" decoding=\"async\" width=\"200\" height=\"300\" src=\"http:\/\/culturaliagz.com\/wp-content\/uploads\/2019\/07\/II-CERTAME-DE-POES\u00cdA-TORRE-DE-CALDALOBA-200x300.jpg\" alt=\"\" class=\"wp-image-6206\" srcset=\"http:\/\/culturaliagz.com\/wp-content\/uploads\/2019\/07\/II-CERTAME-DE-POES\u00cdA-TORRE-DE-CALDALOBA-200x300.jpg 200w, http:\/\/culturaliagz.com\/wp-content\/uploads\/2019\/07\/II-CERTAME-DE-POES\u00cdA-TORRE-DE-CALDALOBA-768x1155.jpg 768w, http:\/\/culturaliagz.com\/wp-content\/uploads\/2019\/07\/II-CERTAME-DE-POES\u00cdA-TORRE-DE-CALDALOBA-681x1024.jpg 681w, http:\/\/culturaliagz.com\/wp-content\/uploads\/2019\/07\/II-CERTAME-DE-POES\u00cdA-TORRE-DE-CALDALOBA-1080x1624.jpg 1080w, http:\/\/culturaliagz.com\/wp-content\/uploads\/2019\/07\/II-CERTAME-DE-POES\u00cdA-TORRE-DE-CALDALOBA.jpg 1205w\" sizes=\"auto, (max-width: 200px) 100vw, 200px\" \/><\/a><\/figure><\/div>\n\n\n\n<p>As bases do presente certame aparecen recollidas no enderezo web <a rel=\"noreferrer noopener\" aria-label=\"certamepoesia.concellodecospeito.es (abre en una nueva pesta\u00f1a)\" href=\"https:\/\/certamepoesia.concellodecospeito.es\/\" target=\"_blank\">certamepoesia.concellodecospeito.es<\/a>.<\/p>\n\n\n\n<p>O env\u00edo de orixinais rematar\u00e1 o 4 de outubro de 2019.<\/p>\n\n\n\n<p>O fallo do xurado realizarase o 29 de novembro.<\/p>\n\n\n\n<p>E a entrega de premios desta segunda edici\u00f3n ter\u00e1 lugar o 14 de decembro de 2019.<\/p>\n\n\n\n<p><\/p>\n\n\n\n<p><\/p>\n","protected":false},"excerpt":{"rendered":"<p>Este m\u00e9rcores, 24 de xullo no sal\u00f3n de plenos do Concello de Cospeito, celebrouse a presentaci\u00f3n do II Certame de Poes\u00eda TORRE DE CALDALOBA, que convocan conxuntamente o citado Concello [&hellip;]<\/p>\n","protected":false},"author":1,"featured_media":0,"comment_status":"open","ping_status":"open","sticky":false,"template":"","format":"standard","meta":{"_et_pb_use_builder":"off","_et_pb_old_content":"","_et_gb_content_width":"","_jetpack_memberships_contains_paid_content":false,"footnotes":""},"categories":[23,7,129,6,1],"tags":[479,478,29,480],"class_list":["post-6205","post","type-post","status-publish","format-standard","hentry","category-autoresas","category-creacion","category-literaria","category-novas","category-xeral","tag-asociacion-cultural-de-san-martino-de-pino","tag-concello-de-cospeito","tag-culturalia-gz","tag-ii-certame-de-poesia-torre-de-caldaloba"],"jetpack_featured_media_url":"","jetpack_sharing_enabled":true,"_links":{"self":[{"href":"http:\/\/culturaliagz.com\/index.php?rest_route=\/wp\/v2\/posts\/6205","targetHints":{"allow":["GET"]}}],"collection":[{"href":"http:\/\/culturaliagz.com\/index.php?rest_route=\/wp\/v2\/posts"}],"about":[{"href":"http:\/\/culturaliagz.com\/index.php?rest_route=\/wp\/v2\/types\/post"}],"author":[{"embeddable":true,"href":"http:\/\/culturaliagz.com\/index.php?rest_route=\/wp\/v2\/users\/1"}],"replies":[{"embeddable":true,"href":"http:\/\/culturaliagz.com\/index.php?rest_route=%2Fwp%2Fv2%2Fcomments&post=6205"}],"version-history":[{"count":5,"href":"http:\/\/culturaliagz.com\/index.php?rest_route=\/wp\/v2\/posts\/6205\/revisions"}],"predecessor-version":[{"id":6212,"href":"http:\/\/culturaliagz.com\/index.php?rest_route=\/wp\/v2\/posts\/6205\/revisions\/6212"}],"wp:attachment":[{"href":"http:\/\/culturaliagz.com\/index.php?rest_route=%2Fwp%2Fv2%2Fmedia&parent=6205"}],"wp:term":[{"taxonomy":"category","embeddable":true,"href":"http:\/\/culturaliagz.com\/index.php?rest_route=%2Fwp%2Fv2%2Fcategories&post=6205"},{"taxonomy":"post_tag","embeddable":true,"href":"http:\/\/culturaliagz.com\/index.php?rest_route=%2Fwp%2Fv2%2Ftags&post=6205"}],"curies":[{"name":"wp","href":"https:\/\/api.w.org\/{rel}","templated":true}]}}