{"id":6199,"date":"2019-07-23T00:05:11","date_gmt":"2019-07-22T23:05:11","guid":{"rendered":"http:\/\/culturaliagz.com\/?p=6199"},"modified":"2019-07-23T00:05:13","modified_gmt":"2019-07-22T23:05:13","slug":"i-encoro-poetico-musical-na-vila-de-navia","status":"publish","type":"post","link":"http:\/\/culturaliagz.com\/?p=6199","title":{"rendered":"I ENCORO PO\u00c9TICO MUSICAL NA VILA DE NAVIA"},"content":{"rendered":"\n<div class=\"wp-block-image\"><figure class=\"aligncenter\"><a href=\"http:\/\/culturaliagz.com\/wp-content\/uploads\/2019\/07\/I-ENCORO-PO\u00c9TICO-MUSICAL-VILA-DE-NAVIA2.jpg\" target=\"_blank\" rel=\"noreferrer noopener\"><img loading=\"lazy\" decoding=\"async\" width=\"792\" height=\"1024\" src=\"http:\/\/culturaliagz.com\/wp-content\/uploads\/2019\/07\/I-ENCORO-PO\u00c9TICO-MUSICAL-VILA-DE-NAVIA2-792x1024.jpg\" alt=\"\" class=\"wp-image-6201\" srcset=\"http:\/\/culturaliagz.com\/wp-content\/uploads\/2019\/07\/I-ENCORO-PO\u00c9TICO-MUSICAL-VILA-DE-NAVIA2-792x1024.jpg 792w, http:\/\/culturaliagz.com\/wp-content\/uploads\/2019\/07\/I-ENCORO-PO\u00c9TICO-MUSICAL-VILA-DE-NAVIA2-232x300.jpg 232w, http:\/\/culturaliagz.com\/wp-content\/uploads\/2019\/07\/I-ENCORO-PO\u00c9TICO-MUSICAL-VILA-DE-NAVIA2-768x994.jpg 768w, http:\/\/culturaliagz.com\/wp-content\/uploads\/2019\/07\/I-ENCORO-PO\u00c9TICO-MUSICAL-VILA-DE-NAVIA2-1080x1397.jpg 1080w, http:\/\/culturaliagz.com\/wp-content\/uploads\/2019\/07\/I-ENCORO-PO\u00c9TICO-MUSICAL-VILA-DE-NAVIA2-400x516.jpg 400w, http:\/\/culturaliagz.com\/wp-content\/uploads\/2019\/07\/I-ENCORO-PO\u00c9TICO-MUSICAL-VILA-DE-NAVIA2.jpg 1536w\" sizes=\"auto, (max-width: 792px) 100vw, 792px\" \/><\/a><\/figure><\/div>\n\n\n\n<p><\/p>\n\n\n\n<p>O vindeiro 11 de agosto de 2019, desde as 12 horas, celebrarase o I ENCORO PO\u00c9TICO MUSICAL NA VILA DE NAVIA. Un completo evento cultural, presentado polo escritor e poeta naviego <a rel=\"noreferrer noopener\" aria-label=\"To\u00f1o N\u00fa\u00f1ez (abre en una nueva pesta\u00f1a)\" href=\"https:\/\/www.aelg.gal\/centro-documentacion\/autores-as\/tono-nunez\" target=\"_blank\">To\u00f1o N\u00fa\u00f1ez<\/a>, no que se desenvolver\u00e1n diversas actividades coas que entreter \u00e1s persoas asistentes.<\/p>\n\n\n\n<p><\/p>\n\n\n\n<p>Vela\u00ed vai o programa:<\/p>\n\n\n\n<p>De 12:00 a 14:00 (aprox.)<\/p>\n\n\n\n<p><em>Paseo literario polas r\u00faas e prazas de Navia e o entorno<\/em><\/p>\n\n\n\n<p>De 14:00 a 16:00 (aprox.) <\/p>\n\n\n\n<p><em>Xantar. Opci\u00f3ns:<\/em><\/p>\n\n\n\n<ul class=\"wp-block-list\"><li><em>Xantar libre<\/em><\/li><\/ul>\n\n\n\n<ul class=\"wp-block-list\"><li><em> Xantar com\u00fan onde cada quen leva o que quere para si e, mesmo, para compartir (lugar por decidir)<\/em><\/li><\/ul>\n\n\n\n<p>De 16:00 a 17:50 (aprox.) <\/p>\n\n\n\n<p><em>Tempo libre<\/em><\/p>\n\n\n\n<p>De 18:00 a 21:00 (aprox.) <\/p>\n\n\n\n<p><em>Recital Po\u00e9tico Musical na Praza do Chan da Torre<\/em><\/p>\n\n\n\n<p><\/p>\n\n\n\n<div class=\"wp-block-image\"><figure class=\"aligncenter\"><a href=\"http:\/\/culturaliagz.com\/wp-content\/uploads\/2019\/07\/I-ENCORO-PO\u00c9TICO-MUSICAL-VILA-DE-NAVIA.jpg\" target=\"_blank\" rel=\"noreferrer noopener\"><img loading=\"lazy\" decoding=\"async\" width=\"792\" height=\"1024\" src=\"http:\/\/culturaliagz.com\/wp-content\/uploads\/2019\/07\/I-ENCORO-PO\u00c9TICO-MUSICAL-VILA-DE-NAVIA-792x1024.jpg\" alt=\"\" class=\"wp-image-6200\" srcset=\"http:\/\/culturaliagz.com\/wp-content\/uploads\/2019\/07\/I-ENCORO-PO\u00c9TICO-MUSICAL-VILA-DE-NAVIA-792x1024.jpg 792w, http:\/\/culturaliagz.com\/wp-content\/uploads\/2019\/07\/I-ENCORO-PO\u00c9TICO-MUSICAL-VILA-DE-NAVIA-232x300.jpg 232w, http:\/\/culturaliagz.com\/wp-content\/uploads\/2019\/07\/I-ENCORO-PO\u00c9TICO-MUSICAL-VILA-DE-NAVIA-768x994.jpg 768w, http:\/\/culturaliagz.com\/wp-content\/uploads\/2019\/07\/I-ENCORO-PO\u00c9TICO-MUSICAL-VILA-DE-NAVIA-1080x1397.jpg 1080w, http:\/\/culturaliagz.com\/wp-content\/uploads\/2019\/07\/I-ENCORO-PO\u00c9TICO-MUSICAL-VILA-DE-NAVIA-400x516.jpg 400w, http:\/\/culturaliagz.com\/wp-content\/uploads\/2019\/07\/I-ENCORO-PO\u00c9TICO-MUSICAL-VILA-DE-NAVIA.jpg 1536w\" sizes=\"auto, (max-width: 792px) 100vw, 792px\" \/><\/a><\/figure><\/div>\n","protected":false},"excerpt":{"rendered":"<p>O vindeiro 11 de agosto de 2019, desde as 12 horas, celebrarase o I ENCORO PO\u00c9TICO MUSICAL NA VILA DE NAVIA. Un completo evento cultural, presentado polo escritor e poeta [&hellip;]<\/p>\n","protected":false},"author":1,"featured_media":0,"comment_status":"open","ping_status":"open","sticky":false,"template":"","format":"standard","meta":{"_et_pb_use_builder":"off","_et_pb_old_content":"","_et_gb_content_width":"","_jetpack_memberships_contains_paid_content":false,"footnotes":""},"categories":[23,7,129,6,1],"tags":[476,477,154],"class_list":["post-6199","post","type-post","status-publish","format-standard","hentry","category-autoresas","category-creacion","category-literaria","category-novas","category-xeral","tag-i-encoro-poetico-musical-na-vila-de-navia","tag-irmandinos-naviegos-amigos-do-castelo","tag-tono-nunez"],"jetpack_featured_media_url":"","jetpack_sharing_enabled":true,"_links":{"self":[{"href":"http:\/\/culturaliagz.com\/index.php?rest_route=\/wp\/v2\/posts\/6199","targetHints":{"allow":["GET"]}}],"collection":[{"href":"http:\/\/culturaliagz.com\/index.php?rest_route=\/wp\/v2\/posts"}],"about":[{"href":"http:\/\/culturaliagz.com\/index.php?rest_route=\/wp\/v2\/types\/post"}],"author":[{"embeddable":true,"href":"http:\/\/culturaliagz.com\/index.php?rest_route=\/wp\/v2\/users\/1"}],"replies":[{"embeddable":true,"href":"http:\/\/culturaliagz.com\/index.php?rest_route=%2Fwp%2Fv2%2Fcomments&post=6199"}],"version-history":[{"count":3,"href":"http:\/\/culturaliagz.com\/index.php?rest_route=\/wp\/v2\/posts\/6199\/revisions"}],"predecessor-version":[{"id":6204,"href":"http:\/\/culturaliagz.com\/index.php?rest_route=\/wp\/v2\/posts\/6199\/revisions\/6204"}],"wp:attachment":[{"href":"http:\/\/culturaliagz.com\/index.php?rest_route=%2Fwp%2Fv2%2Fmedia&parent=6199"}],"wp:term":[{"taxonomy":"category","embeddable":true,"href":"http:\/\/culturaliagz.com\/index.php?rest_route=%2Fwp%2Fv2%2Fcategories&post=6199"},{"taxonomy":"post_tag","embeddable":true,"href":"http:\/\/culturaliagz.com\/index.php?rest_route=%2Fwp%2Fv2%2Ftags&post=6199"}],"curies":[{"name":"wp","href":"https:\/\/api.w.org\/{rel}","templated":true}]}}