{"id":5741,"date":"2019-04-08T01:21:42","date_gmt":"2019-04-08T00:21:42","guid":{"rendered":"http:\/\/culturaliagz.com\/?p=5741"},"modified":"2019-04-08T01:21:44","modified_gmt":"2019-04-08T00:21:44","slug":"exposicion-mulheres-de-mercedes-vazquez-saavedra-no-espazo-xove-de-chantada","status":"publish","type":"post","link":"http:\/\/culturaliagz.com\/?p=5741","title":{"rendered":"Exposici\u00f3n MULHERES, de Mercedes V\u00e1zquez Saavedra, no Espazo Xove de Chantada"},"content":{"rendered":"\n<p><\/p>\n\n\n\n<div class=\"wp-block-image\"><figure class=\"aligncenter\"><a href=\"http:\/\/culturaliagz.com\/wp-content\/uploads\/2019\/04\/Exposici\u00f3n-fotogr\u00e1fica-MULHERES-Chantada.jpg\" target=\"_blank\" rel=\"noreferrer noopener\"><img loading=\"lazy\" decoding=\"async\" width=\"718\" height=\"1024\" src=\"http:\/\/culturaliagz.com\/wp-content\/uploads\/2019\/04\/Exposici\u00f3n-fotogr\u00e1fica-MULHERES-Chantada-718x1024.jpg\" alt=\"\" class=\"wp-image-5742\" srcset=\"http:\/\/culturaliagz.com\/wp-content\/uploads\/2019\/04\/Exposici\u00f3n-fotogr\u00e1fica-MULHERES-Chantada-718x1024.jpg 718w, http:\/\/culturaliagz.com\/wp-content\/uploads\/2019\/04\/Exposici\u00f3n-fotogr\u00e1fica-MULHERES-Chantada-210x300.jpg 210w, http:\/\/culturaliagz.com\/wp-content\/uploads\/2019\/04\/Exposici\u00f3n-fotogr\u00e1fica-MULHERES-Chantada-768x1095.jpg 768w, http:\/\/culturaliagz.com\/wp-content\/uploads\/2019\/04\/Exposici\u00f3n-fotogr\u00e1fica-MULHERES-Chantada.jpg 900w\" sizes=\"auto, (max-width: 718px) 100vw, 718px\" \/><\/a><figcaption><br><\/figcaption><\/figure><\/div>\n\n\n\n<p>O vindeiro m\u00e9rcores 10 de abril \u00e1s 18:00 horas ter\u00e1 lugar no Espazo Xove de Chantada (Lugo) a inauguraci\u00f3n da Exposici\u00f3n fotogr\u00e1fica MULHERES, de Mercedes V\u00e1zquez Saavedra. Acompa\u00f1ar\u00e1 \u00e1 mencionada autora durante o acto de presentaci\u00f3n de dita exposici\u00f3n, a poeta-labrega Ana Vila.<\/p>\n","protected":false},"excerpt":{"rendered":"<p>O vindeiro m\u00e9rcores 10 de abril \u00e1s 18:00 horas ter\u00e1 lugar no Espazo Xove de Chantada (Lugo) a inauguraci\u00f3n da Exposici\u00f3n fotogr\u00e1fica MULHERES, de Mercedes V\u00e1zquez Saavedra. Acompa\u00f1ar\u00e1 \u00e1 mencionada [&hellip;]<\/p>\n","protected":false},"author":1,"featured_media":0,"comment_status":"open","ping_status":"open","sticky":false,"template":"","format":"standard","meta":{"_et_pb_use_builder":"","_et_pb_old_content":"","_et_gb_content_width":"","_jetpack_memberships_contains_paid_content":false,"footnotes":""},"categories":[23,6,1],"tags":[],"class_list":["post-5741","post","type-post","status-publish","format-standard","hentry","category-autoresas","category-novas","category-xeral"],"jetpack_featured_media_url":"","jetpack_sharing_enabled":true,"_links":{"self":[{"href":"http:\/\/culturaliagz.com\/index.php?rest_route=\/wp\/v2\/posts\/5741","targetHints":{"allow":["GET"]}}],"collection":[{"href":"http:\/\/culturaliagz.com\/index.php?rest_route=\/wp\/v2\/posts"}],"about":[{"href":"http:\/\/culturaliagz.com\/index.php?rest_route=\/wp\/v2\/types\/post"}],"author":[{"embeddable":true,"href":"http:\/\/culturaliagz.com\/index.php?rest_route=\/wp\/v2\/users\/1"}],"replies":[{"embeddable":true,"href":"http:\/\/culturaliagz.com\/index.php?rest_route=%2Fwp%2Fv2%2Fcomments&post=5741"}],"version-history":[{"count":2,"href":"http:\/\/culturaliagz.com\/index.php?rest_route=\/wp\/v2\/posts\/5741\/revisions"}],"predecessor-version":[{"id":5744,"href":"http:\/\/culturaliagz.com\/index.php?rest_route=\/wp\/v2\/posts\/5741\/revisions\/5744"}],"wp:attachment":[{"href":"http:\/\/culturaliagz.com\/index.php?rest_route=%2Fwp%2Fv2%2Fmedia&parent=5741"}],"wp:term":[{"taxonomy":"category","embeddable":true,"href":"http:\/\/culturaliagz.com\/index.php?rest_route=%2Fwp%2Fv2%2Fcategories&post=5741"},{"taxonomy":"post_tag","embeddable":true,"href":"http:\/\/culturaliagz.com\/index.php?rest_route=%2Fwp%2Fv2%2Ftags&post=5741"}],"curies":[{"name":"wp","href":"https:\/\/api.w.org\/{rel}","templated":true}]}}