{"id":5724,"date":"2019-04-03T17:15:44","date_gmt":"2019-04-03T16:15:44","guid":{"rendered":"http:\/\/culturaliagz.com\/?p=5724"},"modified":"2019-04-03T17:17:53","modified_gmt":"2019-04-03T16:17:53","slug":"certame-de-microrrelatos-dia-do-libro-2019","status":"publish","type":"post","link":"http:\/\/culturaliagz.com\/?p=5724","title":{"rendered":"Certame de Microrrelatos D\u00cdA DO LIBRO 2019"},"content":{"rendered":"\n<div class=\"wp-block-image\"><figure class=\"aligncenter\"><a href=\"http:\/\/culturaliagz.com\/wp-content\/uploads\/2019\/04\/CERTAME-DE-MICRORRELATOS-D\u00cdA-DO-LIBRO-2019.jpg\" target=\"_blank\" rel=\"noreferrer noopener\"><img loading=\"lazy\" decoding=\"async\" width=\"724\" height=\"1024\" src=\"http:\/\/culturaliagz.com\/wp-content\/uploads\/2019\/04\/CERTAME-DE-MICRORRELATOS-D\u00cdA-DO-LIBRO-2019-724x1024.jpg\" alt=\"\" class=\"wp-image-5726\" srcset=\"http:\/\/culturaliagz.com\/wp-content\/uploads\/2019\/04\/CERTAME-DE-MICRORRELATOS-D\u00cdA-DO-LIBRO-2019-724x1024.jpg 724w, http:\/\/culturaliagz.com\/wp-content\/uploads\/2019\/04\/CERTAME-DE-MICRORRELATOS-D\u00cdA-DO-LIBRO-2019-212x300.jpg 212w, http:\/\/culturaliagz.com\/wp-content\/uploads\/2019\/04\/CERTAME-DE-MICRORRELATOS-D\u00cdA-DO-LIBRO-2019-768x1086.jpg 768w, http:\/\/culturaliagz.com\/wp-content\/uploads\/2019\/04\/CERTAME-DE-MICRORRELATOS-D\u00cdA-DO-LIBRO-2019-1080x1528.jpg 1080w, http:\/\/culturaliagz.com\/wp-content\/uploads\/2019\/04\/CERTAME-DE-MICRORRELATOS-D\u00cdA-DO-LIBRO-2019.jpg 1131w\" sizes=\"auto, (max-width: 724px) 100vw, 724px\" \/><\/a><\/figure><\/div>\n\n\n\n<p><strong>CERTAME DE MICRORRELATOS D\u00cdA DO LIBRO 2019<\/strong><br> O Concello de Vilalba, coa colaboraci\u00f3n de Culturalia GZ, organizan un concurso de microrrelatos que ten como obxectivo conmemorar o D\u00eda do Libro 2019 e asemade fomentar na poboaci\u00f3n o achegamento \u00e1 lectura literaria.<br> <\/p>\n\n\n\n<p>BASES<\/p>\n\n\n\n<ol class=\"wp-block-list\"><li>Participaci\u00f3n<br>a) Poder\u00e1n concursar todas as persoas que o desexen, calquera que sexa a s\u00faa nacionalidade.<br> b) Os menores de idade deber\u00e1n acompa\u00f1ar o microrrelato dunha autorizaci\u00f3n do pai, nai ou titor\/a legal.<\/li><li>Sobre os textos\/microrrelatos<br>a) Os relatos deber\u00e1n estar escritos en lingua galega, ser orixinais e in\u00e9ditos feito do que se responsabilizar\u00e1 o\/a autor\/a do mesmo.<br>b) O tema dos microrrelatos \u00e9 libre e deber\u00e1 conter, polo menos unha vez, a palabra libro no corpo do microrrelato.<br>c) Cada participante poder\u00e1 presentar un m\u00e1ximo dun microrrelato.<br>d) As obras ter\u00e1n como m\u00e1ximo 100 palabras (t\u00edtulo inclu\u00eddo).<br>e) Os textos presentaranse co seguinte formato: .docx, Arial, 12 puntos, interli\u00f1ado 1,15.<\/li><li>Normas sobre o env\u00edo de textos<br>a) Os microrrelatos enviaranse por correo electr\u00f3nico ao seguinte enderezo do Concello de Vilalba: patriciateijeiro@vilalba.es<br>b) No correo deber\u00e1 figurar como asunto: Certame de microrrelatos. Infantil\/Xuvenil\/Adultos (a categor\u00eda que corresponda, as cales se detallan no punto 5), e acompa\u00f1arase de dous documentos (A e B) en formato .docx.<\/li><\/ol>\n\n\n\n<ul class=\"wp-block-list\"><li>Documento A. Nomearase co T\u00edtulo do microrrelato e conter\u00e1 o texto do microrrelato sen sinatura e baixo un pseud\u00f3nimo.<\/li><li>Documento B. Nomearase do seguinte xeito: T\u00edtulo do microrrelato-Pseud\u00f3nimo, e conter\u00e1 os datos persoais da persoa concursante: nome e apelidos, enderezo postal, correo electr\u00f3nico, tel\u00e9fono e copia dixital do DNI.<br>c) No caso de que o\/a concursante sexa menor de idade, xuntarase a maiores unha autorizaci\u00f3n asinada polo pai, a nai ou o\/a titor\/a legal cos seus datos correspondentes na que se indique que autorizan \u00e1 participaci\u00f3n e posterior publicaci\u00f3n dos datos persoais dos menores, as\u00ed como, \u00e1 difusi\u00f3n dos microrrelatos e fotograf\u00edas de ditos participantes coa \u00fanica finalidade de darlle publicidade \u00f3 certame. Cada participante menor de idade entregar\u00e1 esta autorizaci\u00f3n debendo usar o modelo que aparece no ANEXO recollido a continuaci\u00f3n das bases destes certame (en pdf editable).<br>d) Os relatos recibidos sen identificaci\u00f3n ou con identificaci\u00f3n incompleta quedar\u00e1n automaticamente eliminados do concurso.<\/li><\/ul>\n\n\n\n<ol class=\"wp-block-list\"><li>Per\u00edodo de presentaci\u00f3n<br>O prazo para a presentaci\u00f3n de textos estar\u00e1 aberto desde as 00:01 horas do 3 de abril ata as 23:59 horas do 3 de maio de 2019.<\/li><li>Categor\u00edas<br>Establ\u00e9cense tres categor\u00edas<br>Infantil: ata 11 anos<br>Xuvenil: de 12 a 17 anos<br>Adultos\/as: a partir dos 18 anos<\/li><li>Premios<br>a) Distribuiranse tres premios por cada unha das categor\u00edas<br><strong>Infantil<\/strong><\/li><\/ol>\n\n\n\n<ul class=\"wp-block-list\"><li>Primeiro premio: diploma, figura conmemorativa, lote de libros e material escolar.<\/li><li>Segundo premio: diploma, figura conmemorativa e lote de libros.<\/li><li>Terceiro premio: diploma, figura conmemorativa e lote de libros.<br><strong>Xuvenil<\/strong><\/li><li>Primeiro premio: diploma, figura conmemorativa, lote de libros e tablet.<\/li><li>Segundo premio: diploma,figura conmemorativa e lote de libros.<\/li><li>Terceiro premio: diploma, figura conmemorativa e lote de libros.<br><strong>Persoas adultas<\/strong><\/li><li>Primeiro premio: diploma, figura conmemorativa, lote de libros e 300 euros.<\/li><li>Segundo premio: diploma, figura conmemorativa, lote de libros e 200 euros.<\/li><li>Terceiro premio: diploma, figura conmemorativa, lote de libros e 100 euros.<\/li><\/ul>\n\n\n\n<ol class=\"wp-block-list\"><li>Xurado<br>a) O xurado estar\u00e1 formado por tres membros designados previamente e vencellados \u00f3s eidos da cultura e da educaci\u00f3n. Ter\u00e1 facultades plenas para decidir as persoas  ga\u00f1adoras e a s\u00faa decisi\u00f3n ser\u00e1 inapelable. Poder\u00e1 declarar deserto alg\u00fan dos premios se as\u00ed o considera. A composici\u00f3n deste farase p\u00fablica canda a resoluci\u00f3n do premio.<br>b) O xurado reserva para si o dereito a non admitir aqueles microrrelatos que atenten contra os dereitos \u00e1 intimidade, \u00e1 honra e \u00e1 propia imaxe de terceiros ou que conte\u00f1an, a modo enunciativo pero non limitativo, connotaci\u00f3ns racistas, sexistas e\/ou discriminatorias, comentarios obscenos, difamatorios ou calquera outros que atenten<br> contra a dignidade e\/ou a orde p\u00fablica.<\/li><li>Comunicaci\u00f3n do resultado do certame<br>a) A decisi\u00f3n do xurado darase a co\u00f1ecer o d\u00eda 7 de maio de 2019 a trav\u00e9s das p\u00e1xinas web das entidades convocantes, www.vilalba.org e www.culturaliagz.com, e nas s\u00faas redes sociais, as\u00ed como, o nome dos seus integrantes. Debe advertirse que s\u00f3 que co\u00f1ecer\u00e1 a identidade dos participantes unha vez que o xurado te\u00f1a tomado a s\u00faa deliberaci\u00f3n final.<br>b) A organizaci\u00f3n comunicar\u00e1 mediante chamada telef\u00f3nica os premios \u00e1s persoas ga\u00f1adoras no mesmo d\u00eda da resoluci\u00f3n do certame por parte do xurado.<\/li><li>Entrega de premios<br>A cerimonia de entrega de premios \u00e1s persoas ga\u00f1adores realizarase nun acto que ter\u00e1 lugar na Casa da Cultura de Vilalba o 10 de maio de 2019. Acto ao que ser\u00e1n convidados\/-as os\/as premiados\/-as, ou persoa en quen deleguen, para recoller os seus galard\u00f3ns. Neste acto, darase lectura \u00f3s microrrelatos ga\u00f1adores.<\/li><li>Publicaci\u00f3n<br>a) A organizaci\u00f3n do certame publicar\u00e1 os microrrelatos ga\u00f1adores nas s\u00faas p\u00e1xinas web, www.vilalba.org e www.culturaliagz.com, a partir da semana seguinte \u00e1 entrega de premios para que poidan ser lidos polas persoas que o desexen. Coa participaci\u00f3n neste certame, os\/as responsables destes microrrelatos autorizan \u00f3 Concello de Vilaba<br>e a Culturalia GZ \u00e1 difusi\u00f3n dos mesmos \u00e9 a do nome do seu creador\/a na s\u00faa p\u00e1xina web e\/ou ou nos medios que consideren oportunos. No caso dos participantes menores de idade, achegar\u00e1n a devandita autorizaci\u00f3n do pai, da nai ou do titor\/a legal. A organizaci\u00f3n respectar\u00e1, en todo caso, os dereitos morais que os\/as autores\/as pos\u00faan sobre as s\u00faas obras.<br>b) Os microrrelatos que non obte\u00f1en ning\u00fan tipo de premio, destruiranse unha vez rematado o certame.<\/li><li>Tratamento de datos persoais<br>En cumprimento do previsto na Lei Org\u00e1nica 15\/1999, de 13 de decembro, de Protecci\u00f3n de Datos de Car\u00e1cter Persoal (LOPD) e o Real Decreto 1720\/2007, de 21 de decembro, polo que se aproba o Regulamento de desenvolvemento da LOPD, os datos das persoas participantes ser\u00e1n incorporados a un ficheiro responsabilidade de<br> do Concello de Vilalba, coa \u00fanica finalidade de xestionar os premios desta promoci\u00f3n e de contactar coas persoas ga\u00f1adoras para enviarlles os premios. En ning\u00fan momento se empregar\u00e1 esta informaci\u00f3n para ulteriores promoci\u00f3ns.<br>Os autores e autoras poder\u00e1n exercer os seus dereitos de acceso, rectificaci\u00f3n, oposici\u00f3n e cancelaci\u00f3n dirix\u00edndose \u00e1s oficinas do Concello coa s\u00faa solicitude de fotocopia do DNI.<br>O Concello de Vilalba comprom\u00e9tese a tratar en todo momento os seus datos de car\u00e1cter persoal de forma absolutamente confidencial e de acordo coas finalidades previstas nas presentes bases.<\/li><li>Observaci\u00f3ns<br>a) A organizaci\u00f3n do certame ten a capacidade de decidir sobre a interpretaci\u00f3n das bases en \u00faltima instancia ou sobre a s\u00faa modificaci\u00f3n en caso de erro sendo a s\u00faa decisi\u00f3n inapelable.<br>b) O certame poder\u00e1 declararse deserto se os microrrelatos participantes non acadan a calidade necesaria, segundo o criterio do xurado.<br>c) O feito de participar neste certame implica a total aceptaci\u00f3n das s\u00faas bases.<\/li><\/ol>\n\n\n\n<p><em>Descargar <a rel=\"noreferrer noopener\" aria-label=\"Bases  (abre en una nueva pesta\u00f1a)\" href=\"http:\/\/culturaliagz.com\/wp-content\/uploads\/2019\/04\/20190402_Expte-1386_2019-Bases-do-Certame-de-microrrelatos-D\u00eda-do-Libro-2019.pdf\" target=\"_blank\">Bases <\/a>e <a href=\"http:\/\/culturaliagz.com\/wp-content\/uploads\/2019\/04\/20190402_Expte-1386_2019-ANEXO-Autorizaci\u00f3n-participante-menor-de-idade.pdf\" target=\"_blank\" rel=\"noreferrer noopener\" aria-label=\"Autorizaci\u00f3n (abre en una nueva pesta\u00f1a)\">Autorizaci\u00f3n<\/a><\/em><\/p>\n","protected":false},"excerpt":{"rendered":"<p>CERTAME DE MICRORRELATOS D\u00cdA DO LIBRO 2019 O Concello de Vilalba, coa colaboraci\u00f3n de Culturalia GZ, organizan un concurso de microrrelatos que ten como obxectivo conmemorar o D\u00eda do Libro [&hellip;]<\/p>\n","protected":false},"author":1,"featured_media":0,"comment_status":"open","ping_status":"open","sticky":false,"template":"","format":"standard","meta":{"_et_pb_use_builder":"","_et_pb_old_content":"","_et_gb_content_width":"","_jetpack_memberships_contains_paid_content":false,"footnotes":""},"categories":[23,129,6,1],"tags":[30,29,393],"class_list":["post-5724","post","type-post","status-publish","format-standard","hentry","category-autoresas","category-literaria","category-novas","category-xeral","tag-concello-de-vilalba","tag-culturalia-gz","tag-dia-do-libro-2019"],"jetpack_featured_media_url":"","jetpack_sharing_enabled":true,"_links":{"self":[{"href":"http:\/\/culturaliagz.com\/index.php?rest_route=\/wp\/v2\/posts\/5724","targetHints":{"allow":["GET"]}}],"collection":[{"href":"http:\/\/culturaliagz.com\/index.php?rest_route=\/wp\/v2\/posts"}],"about":[{"href":"http:\/\/culturaliagz.com\/index.php?rest_route=\/wp\/v2\/types\/post"}],"author":[{"embeddable":true,"href":"http:\/\/culturaliagz.com\/index.php?rest_route=\/wp\/v2\/users\/1"}],"replies":[{"embeddable":true,"href":"http:\/\/culturaliagz.com\/index.php?rest_route=%2Fwp%2Fv2%2Fcomments&post=5724"}],"version-history":[{"count":4,"href":"http:\/\/culturaliagz.com\/index.php?rest_route=\/wp\/v2\/posts\/5724\/revisions"}],"predecessor-version":[{"id":5731,"href":"http:\/\/culturaliagz.com\/index.php?rest_route=\/wp\/v2\/posts\/5724\/revisions\/5731"}],"wp:attachment":[{"href":"http:\/\/culturaliagz.com\/index.php?rest_route=%2Fwp%2Fv2%2Fmedia&parent=5724"}],"wp:term":[{"taxonomy":"category","embeddable":true,"href":"http:\/\/culturaliagz.com\/index.php?rest_route=%2Fwp%2Fv2%2Fcategories&post=5724"},{"taxonomy":"post_tag","embeddable":true,"href":"http:\/\/culturaliagz.com\/index.php?rest_route=%2Fwp%2Fv2%2Ftags&post=5724"}],"curies":[{"name":"wp","href":"https:\/\/api.w.org\/{rel}","templated":true}]}}