{"id":5690,"date":"2019-03-31T22:02:55","date_gmt":"2019-03-31T21:02:55","guid":{"rendered":"http:\/\/culturaliagz.com\/?p=5690"},"modified":"2019-03-31T22:02:57","modified_gmt":"2019-03-31T21:02:57","slug":"presentacion-do-libro-a-fabrica-de-tabacos-da-coruna-e-a-fabrica-de-mistos-factores-de-transformacion-dunha-cidade-de-ana-naseiro-ramudo-na-casa-da-cultura-de-vilalba","status":"publish","type":"post","link":"http:\/\/culturaliagz.com\/?p=5690","title":{"rendered":"Presentaci\u00f3n do libro A F\u00c1BRICA DE TABACOS DA CORU\u00d1A E A F\u00c1BRICA DE MISTOS. FACTORES DE TRANSFORMACI\u00d3N DUNHA CIDADE, de Ana Naseiro Ramudo, na Casa da Cultura de Vilalba"},"content":{"rendered":"\n<p><\/p>\n\n\n\n<p><\/p>\n\n\n\n<div class=\"wp-block-image\"><figure class=\"aligncenter\"><a href=\"http:\/\/culturaliagz.com\/wp-content\/uploads\/2019\/03\/CARTAZ_A-FABRICA-TABACOS.jpg\" target=\"_blank\" rel=\"noreferrer noopener\"><img loading=\"lazy\" decoding=\"async\" width=\"724\" height=\"1024\" src=\"http:\/\/culturaliagz.com\/wp-content\/uploads\/2019\/03\/CARTAZ_A-FABRICA-TABACOS-724x1024.jpg\" alt=\"\" class=\"wp-image-5691\" srcset=\"http:\/\/culturaliagz.com\/wp-content\/uploads\/2019\/03\/CARTAZ_A-FABRICA-TABACOS-724x1024.jpg 724w, http:\/\/culturaliagz.com\/wp-content\/uploads\/2019\/03\/CARTAZ_A-FABRICA-TABACOS-212x300.jpg 212w, http:\/\/culturaliagz.com\/wp-content\/uploads\/2019\/03\/CARTAZ_A-FABRICA-TABACOS-768x1086.jpg 768w, http:\/\/culturaliagz.com\/wp-content\/uploads\/2019\/03\/CARTAZ_A-FABRICA-TABACOS-1080x1528.jpg 1080w\" sizes=\"auto, (max-width: 724px) 100vw, 724px\" \/><\/a><\/figure><\/div>\n\n\n\n<p><\/p>\n\n\n\n<p><\/p>\n\n\n\n<p>Acto de presentaci\u00f3n do libro <em>&#8220;<\/em><strong><em>A f\u00e1brica de tabacos da Coru\u00f1a e a f\u00e1brica de mistos. Factores de transformaci\u00f3n dunha cidade<\/em><\/strong><em>&#8220;<\/em>&nbsp;, de&nbsp;<strong>Ana Naseiro Ramudo<\/strong>, que organiza o IESCHA coa colaboraci\u00f3n do Concello de Vilalba, e que ter\u00e1 lugar o vindeiro venres, d\u00eda 5 de abril de 2019, \u00e1s 20:30 horas, na Casa da Cultura de Vilalba.<\/p>\n\n\n\n<p>Vexamos <a href=\"http:\/\/culturaliagz.com\/wp-content\/uploads\/2019\/03\/CARTAZ_A-FABRICA-TABACOS.jpg\" target=\"_blank\" rel=\"noreferrer noopener\" aria-label=\"cartaz  (abre en una nueva pesta\u00f1a)\">cartaz <\/a>e <a rel=\"noreferrer noopener\" aria-label=\"nota  (abre en una nueva pesta\u00f1a)\" href=\"http:\/\/culturaliagz.com\/wp-content\/uploads\/2019\/03\/NOTA_INFORMATIVA_FABRICA-DE-TABACOS-copia.pdf\" target=\"_blank\">nota <\/a>informativa de dito evento cultural.<\/p>\n\n\n\n<p><\/p>\n\n\n\n<p><em>*Informaci\u00f3n achegada polo IESCHA.<\/em><\/p>\n","protected":false},"excerpt":{"rendered":"<p>Acto de presentaci\u00f3n do libro &#8220;A f\u00e1brica de tabacos da Coru\u00f1a e a f\u00e1brica de mistos. Factores de transformaci\u00f3n dunha cidade&#8220;&nbsp;, de&nbsp;Ana Naseiro Ramudo, que organiza o IESCHA coa colaboraci\u00f3n [&hellip;]<\/p>\n","protected":false},"author":1,"featured_media":0,"comment_status":"open","ping_status":"open","sticky":false,"template":"","format":"standard","meta":{"_et_pb_use_builder":"","_et_pb_old_content":"","_et_gb_content_width":"","_jetpack_memberships_contains_paid_content":false,"footnotes":""},"categories":[23,7,129,1],"tags":[389,388,234,387],"class_list":["post-5690","post","type-post","status-publish","format-standard","hentry","category-autoresas","category-creacion","category-literaria","category-xeral","tag-a-fabrica-de-tabacos-da-coruna-e-a-fabrica-de-mistos-factores-de-transformacion-dunha-cidade","tag-ana-naseiro-ramudo","tag-iescha","tag-marisa-barreira"],"jetpack_featured_media_url":"","jetpack_sharing_enabled":true,"_links":{"self":[{"href":"http:\/\/culturaliagz.com\/index.php?rest_route=\/wp\/v2\/posts\/5690","targetHints":{"allow":["GET"]}}],"collection":[{"href":"http:\/\/culturaliagz.com\/index.php?rest_route=\/wp\/v2\/posts"}],"about":[{"href":"http:\/\/culturaliagz.com\/index.php?rest_route=\/wp\/v2\/types\/post"}],"author":[{"embeddable":true,"href":"http:\/\/culturaliagz.com\/index.php?rest_route=\/wp\/v2\/users\/1"}],"replies":[{"embeddable":true,"href":"http:\/\/culturaliagz.com\/index.php?rest_route=%2Fwp%2Fv2%2Fcomments&post=5690"}],"version-history":[{"count":3,"href":"http:\/\/culturaliagz.com\/index.php?rest_route=\/wp\/v2\/posts\/5690\/revisions"}],"predecessor-version":[{"id":5695,"href":"http:\/\/culturaliagz.com\/index.php?rest_route=\/wp\/v2\/posts\/5690\/revisions\/5695"}],"wp:attachment":[{"href":"http:\/\/culturaliagz.com\/index.php?rest_route=%2Fwp%2Fv2%2Fmedia&parent=5690"}],"wp:term":[{"taxonomy":"category","embeddable":true,"href":"http:\/\/culturaliagz.com\/index.php?rest_route=%2Fwp%2Fv2%2Fcategories&post=5690"},{"taxonomy":"post_tag","embeddable":true,"href":"http:\/\/culturaliagz.com\/index.php?rest_route=%2Fwp%2Fv2%2Ftags&post=5690"}],"curies":[{"name":"wp","href":"https:\/\/api.w.org\/{rel}","templated":true}]}}