{"id":5667,"date":"2019-03-26T16:16:37","date_gmt":"2019-03-26T15:16:37","guid":{"rendered":"http:\/\/culturaliagz.com\/?p=5667"},"modified":"2019-03-26T16:16:39","modified_gmt":"2019-03-26T15:16:39","slug":"o-festival-atlantica-pecha-a-sua-setima-edicion-batendo-records-de-sedes-publico-e-duracion","status":"publish","type":"post","link":"http:\/\/culturaliagz.com\/?p=5667","title":{"rendered":"O Festival Atl\u00e1ntica pecha a s\u00faa s\u00e9tima edici\u00f3n batendo r\u00e9cords de sedes, p\u00fablico e duraci\u00f3n"},"content":{"rendered":"\n<p><\/p>\n\n\n\n<div class=\"wp-block-image\"><figure class=\"aligncenter\"><a href=\"http:\/\/culturaliagz.com\/wp-content\/uploads\/2019\/03\/agradecemento_2019.png\" target=\"_blank\" rel=\"noreferrer noopener\"><img loading=\"lazy\" decoding=\"async\" width=\"1024\" height=\"1024\" src=\"http:\/\/culturaliagz.com\/wp-content\/uploads\/2019\/03\/agradecemento_2019-1024x1024.png\" alt=\"\" class=\"wp-image-5668\" srcset=\"http:\/\/culturaliagz.com\/wp-content\/uploads\/2019\/03\/agradecemento_2019-1024x1024.png 1024w, http:\/\/culturaliagz.com\/wp-content\/uploads\/2019\/03\/agradecemento_2019-150x150.png 150w, http:\/\/culturaliagz.com\/wp-content\/uploads\/2019\/03\/agradecemento_2019-300x300.png 300w, http:\/\/culturaliagz.com\/wp-content\/uploads\/2019\/03\/agradecemento_2019-768x768.png 768w, http:\/\/culturaliagz.com\/wp-content\/uploads\/2019\/03\/agradecemento_2019-1080x1080.png 1080w, http:\/\/culturaliagz.com\/wp-content\/uploads\/2019\/03\/agradecemento_2019.png 1200w\" sizes=\"auto, (max-width: 1024px) 100vw, 1024px\" \/><\/a><\/figure><\/div>\n\n\n\n<p><\/p>\n\n\n\n<p><strong>O Festival Atl\u00e1ntica pecha a s\u00faa s\u00e9tima edici\u00f3n batendo r\u00e9cords de sedes, p\u00fablico e duraci\u00f3n <\/strong><em>(Enlace ao <a href=\"http:\/\/culturaliagz.com\/wp-content\/uploads\/2019\/03\/23.03.2019-Festival-Atl\u00e1ntica-Balance.pdf\" target=\"_blank\" rel=\"noreferrer noopener\" aria-label=\"balance (abre en una nueva pesta\u00f1a)\">balance<\/a>)<\/em><\/p>\n\n\n\n<p>\u00b7&nbsp;&nbsp;&nbsp;&nbsp;&nbsp;&nbsp; <strong>8080 espectadores, 12\nxornadas, 30 artistas, 90 funci\u00f3ns e 16 concellos son as cifras que confirman o\nAtl\u00e1ntica como o encontro de narraci\u00f3n oral m\u00e1is grande da Pen\u00ednsula Ib\u00e9rica<\/strong><\/p>\n\n\n\n<p>\u00b7&nbsp;&nbsp;&nbsp;&nbsp;&nbsp;&nbsp;\n<strong>Nesta\nedici\u00f3n tam\u00e9n se apostou por novos espazos e propostas art\u00edsticas para todo\ntipo de p\u00fablicos<\/strong><\/p>\n\n\n\n<p>O Festival Atl\u00e1ntica v\u00e9n de clausurar oficialmente a\ns\u00faa s\u00e9tima edici\u00f3n o pasado s\u00e1bado, 23 de marzo, logo de 12 xornadas que se\ndesenvolveron en 16 concellos diferentes. A cifras deste ano converten ao\nfestival no encontro de narraci\u00f3n oral m\u00e1is grande da Pen\u00ednsula Ib\u00e9rica: 8080\nespectadores, 30 artistas e 87 funci\u00f3ns.<\/p>\n\n\n\n<p>Como salienta Soledad Felloza, directora do Atl\u00e1ntica,\nesta edici\u00f3n \u201c\u00e9 a da consolidaci\u00f3n pero tam\u00e9n a da apertura de novos espazos e\npropostas e, por tanto, do achegamento de novos p\u00fablicos\u201d. O festival segue a\napostar por funci\u00f3ns para todos, desde beb\u00e9s ata encontros con maiores e\ninclu\u00edndo pases en lingua de signos; pero non dubida en programar espect\u00e1culos\ncon formatos novidosos e en lugares diferentes. Deste xeito, os artistas sa\u00edron\nao exterior para brindar contadas con cans nos parques e tomaron as r\u00faas para\nagasallar con historias no ouvido aos transe\u00fantes, por citar algunhas das\npropostas.<\/p>\n\n\n\n<p>Todo iso sen esquecer os formatos que xa presentou en\nedici\u00f3ns previas: paseos con contos, espect\u00e1culos musicados coa colaboraci\u00f3n da\nBanda Municipal de Santiago, o achegamento aos barrios coas funci\u00f3ns nos\ncentros c\u00edvicos, o apoio \u00e1s novas voces da narraci\u00f3n galega, etc.<\/p>\n\n\n\n<p>Teatros, bibliotecas, bares, centros c\u00edvicos, librer\u00edas, tabernas, r\u00faas, escolas, parques e mesmo cemiterios foron escenarios para os contos de Atl\u00e1ntica 2019, que este ano chegou por fin \u00e1s catro provincias galegas cunha programaci\u00f3n especial de catro d\u00edas en Lugo. Felloza subli\u00f1a que \u201ca ambiciosa programaci\u00f3n desta edici\u00f3n foi posible grazas \u00e1 colaboraci\u00f3n das instituci\u00f3ns e o apoio do p\u00fablico\u201d e agradece tam\u00e9n a \u201cimplicaci\u00f3n dos locais que colaboraron no encontro e a xenerosidade e entrega dos artistas\u201d. Para rematar, a directora tam\u00e9n quixo lembrar que nesta edici\u00f3n a cornamusa de honra foi para a agrupaci\u00f3n musical Leil\u00eda, que est\u00e1 a celebrar os seus trinta anos e foi protagonista da Gala Inaugural.<\/p>\n\n\n\n<div class=\"wp-block-image\"><figure class=\"aligncenter\"><a href=\"http:\/\/culturaliagz.com\/wp-content\/uploads\/2019\/03\/Marmuradores-en-Santiago_baixa.jpg\" target=\"_blank\" rel=\"noreferrer noopener\"><img loading=\"lazy\" decoding=\"async\" width=\"1024\" height=\"614\" src=\"http:\/\/culturaliagz.com\/wp-content\/uploads\/2019\/03\/Marmuradores-en-Santiago_baixa-1024x614.jpg\" alt=\"\" class=\"wp-image-5670\" srcset=\"http:\/\/culturaliagz.com\/wp-content\/uploads\/2019\/03\/Marmuradores-en-Santiago_baixa.jpg 1024w, http:\/\/culturaliagz.com\/wp-content\/uploads\/2019\/03\/Marmuradores-en-Santiago_baixa-300x180.jpg 300w, http:\/\/culturaliagz.com\/wp-content\/uploads\/2019\/03\/Marmuradores-en-Santiago_baixa-768x461.jpg 768w\" sizes=\"auto, (max-width: 1024px) 100vw, 1024px\" \/><\/a><figcaption>????????????????????????????????????<\/figcaption><\/figure><\/div>\n\n\n\n<p><strong>Na foto:<\/strong> Vero Rilo e ao fondo, Mar\u00eda Uzal como &#8220;Marmuradores na Zona Vella de Santiago&#8221; <\/p>\n","protected":false},"excerpt":{"rendered":"<p>O Festival Atl\u00e1ntica pecha a s\u00faa s\u00e9tima edici\u00f3n batendo r\u00e9cords de sedes, p\u00fablico e duraci\u00f3n (Enlace ao balance) \u00b7&nbsp;&nbsp;&nbsp;&nbsp;&nbsp;&nbsp; 8080 espectadores, 12 xornadas, 30 artistas, 90 funci\u00f3ns e 16 concellos [&hellip;]<\/p>\n","protected":false},"author":1,"featured_media":0,"comment_status":"open","ping_status":"open","sticky":false,"template":"","format":"standard","meta":{"_et_pb_use_builder":"","_et_pb_old_content":"","_et_gb_content_width":"","_jetpack_memberships_contains_paid_content":false,"footnotes":""},"categories":[23,129,6,1],"tags":[],"class_list":["post-5667","post","type-post","status-publish","format-standard","hentry","category-autoresas","category-literaria","category-novas","category-xeral"],"jetpack_featured_media_url":"","jetpack_sharing_enabled":true,"_links":{"self":[{"href":"http:\/\/culturaliagz.com\/index.php?rest_route=\/wp\/v2\/posts\/5667","targetHints":{"allow":["GET"]}}],"collection":[{"href":"http:\/\/culturaliagz.com\/index.php?rest_route=\/wp\/v2\/posts"}],"about":[{"href":"http:\/\/culturaliagz.com\/index.php?rest_route=\/wp\/v2\/types\/post"}],"author":[{"embeddable":true,"href":"http:\/\/culturaliagz.com\/index.php?rest_route=\/wp\/v2\/users\/1"}],"replies":[{"embeddable":true,"href":"http:\/\/culturaliagz.com\/index.php?rest_route=%2Fwp%2Fv2%2Fcomments&post=5667"}],"version-history":[{"count":3,"href":"http:\/\/culturaliagz.com\/index.php?rest_route=\/wp\/v2\/posts\/5667\/revisions"}],"predecessor-version":[{"id":5673,"href":"http:\/\/culturaliagz.com\/index.php?rest_route=\/wp\/v2\/posts\/5667\/revisions\/5673"}],"wp:attachment":[{"href":"http:\/\/culturaliagz.com\/index.php?rest_route=%2Fwp%2Fv2%2Fmedia&parent=5667"}],"wp:term":[{"taxonomy":"category","embeddable":true,"href":"http:\/\/culturaliagz.com\/index.php?rest_route=%2Fwp%2Fv2%2Fcategories&post=5667"},{"taxonomy":"post_tag","embeddable":true,"href":"http:\/\/culturaliagz.com\/index.php?rest_route=%2Fwp%2Fv2%2Ftags&post=5667"}],"curies":[{"name":"wp","href":"https:\/\/api.w.org\/{rel}","templated":true}]}}