{"id":5653,"date":"2019-03-25T01:21:15","date_gmt":"2019-03-25T00:21:15","guid":{"rendered":"http:\/\/culturaliagz.com\/?p=5653"},"modified":"2019-03-25T01:22:32","modified_gmt":"2019-03-25T00:22:32","slug":"acto-do-iescha-proxeccion-de-matria-de-alvaro-gago-no-auditorio-municipal-de-vilalba","status":"publish","type":"post","link":"http:\/\/culturaliagz.com\/?p=5653","title":{"rendered":"Acto do IESCHA.- Proxecci\u00f3n de MATRIA, de \u00c1lvaro Gago, no Auditorio Municipal de Vilalba"},"content":{"rendered":"\n<p><\/p>\n\n\n\n<div class=\"wp-block-image\"><figure class=\"aligncenter\"><a href=\"http:\/\/culturaliagz.com\/acto-do-iescha-proxeccion-de-matria-de-alvaro-gago-no-auditorio-municipal-de-vilalba\/matria\" target=\"_blank\" rel=\"noreferrer noopener\"><img loading=\"lazy\" decoding=\"async\" width=\"724\" height=\"1024\" src=\"http:\/\/culturaliagz.com\/wp-content\/uploads\/2019\/03\/matria-724x1024.jpg\" alt=\"\" class=\"wp-image-5655\" srcset=\"http:\/\/culturaliagz.com\/wp-content\/uploads\/2019\/03\/matria-724x1024.jpg 724w, http:\/\/culturaliagz.com\/wp-content\/uploads\/2019\/03\/matria-212x300.jpg 212w, http:\/\/culturaliagz.com\/wp-content\/uploads\/2019\/03\/matria-768x1086.jpg 768w, http:\/\/culturaliagz.com\/wp-content\/uploads\/2019\/03\/matria-1080x1528.jpg 1080w, http:\/\/culturaliagz.com\/wp-content\/uploads\/2019\/03\/matria.jpg 1240w\" sizes=\"auto, (max-width: 724px) 100vw, 724px\" \/><\/a><\/figure><\/div>\n\n\n\n<p><\/p>\n\n\n\n<p>Adxuntamos <a rel=\"noreferrer noopener\" aria-label=\"cartaz  (abre en una nueva pesta\u00f1a)\" href=\"http:\/\/culturaliagz.com\/wp-content\/uploads\/2019\/03\/matria.jpg\" target=\"_blank\">cartaz <\/a>e <a href=\"http:\/\/culturaliagz.com\/wp-content\/uploads\/2019\/03\/NOTA_INFORMATIVA_MATRIA-copia.pdf\" target=\"_blank\" rel=\"noreferrer noopener\" aria-label=\"nota  (abre en una nueva pesta\u00f1a)\">nota <\/a>informando da proxecci\u00f3n da curtametraxe MATRIA, de \u00c1LVARO GAGO, &nbsp;nun acto organizado polo IESCHA coa colaboraci\u00f3n do CONCELLO DE VILALBA, e que ter\u00e1 lugar o vindeiro VENRES, D\u00cdA 29 DE MARZO, \u00c1S 20:30 HORAS, NO AUDITORIO MUNICIPAL, con entrada de balde. As\u00ed mesmo, ao remate desta curtametraxe, proxectarase <strong>\u201cRETALLOS CHAIREGOS\u201d<\/strong>, de&nbsp;<strong>Benigno May\u00e1n<\/strong>, con personaxes e paisaxes da Terra Ch\u00e1 dos anos 60.<\/p>\n\n\n\n<p><\/p>\n\n\n\n<p><em>*Informaci\u00f3n facilitada polo IESCHA.<\/em><\/p>\n","protected":false},"excerpt":{"rendered":"<p>Adxuntamos cartaz e nota informando da proxecci\u00f3n da curtametraxe MATRIA, de \u00c1LVARO GAGO, &nbsp;nun acto organizado polo IESCHA coa colaboraci\u00f3n do CONCELLO DE VILALBA, e que ter\u00e1 lugar o vindeiro [&hellip;]<\/p>\n","protected":false},"author":1,"featured_media":0,"comment_status":"open","ping_status":"open","sticky":false,"template":"","format":"standard","meta":{"_et_pb_use_builder":"","_et_pb_old_content":"","_et_gb_content_width":"","_jetpack_memberships_contains_paid_content":false,"footnotes":""},"categories":[23,6,1],"tags":[385,313,234,386],"class_list":["post-5653","post","type-post","status-publish","format-standard","hentry","category-autoresas","category-novas","category-xeral","tag-alvaro-gago","tag-auditorio-municipal-de-vilalba","tag-iescha","tag-matria"],"jetpack_featured_media_url":"","jetpack_sharing_enabled":true,"_links":{"self":[{"href":"http:\/\/culturaliagz.com\/index.php?rest_route=\/wp\/v2\/posts\/5653","targetHints":{"allow":["GET"]}}],"collection":[{"href":"http:\/\/culturaliagz.com\/index.php?rest_route=\/wp\/v2\/posts"}],"about":[{"href":"http:\/\/culturaliagz.com\/index.php?rest_route=\/wp\/v2\/types\/post"}],"author":[{"embeddable":true,"href":"http:\/\/culturaliagz.com\/index.php?rest_route=\/wp\/v2\/users\/1"}],"replies":[{"embeddable":true,"href":"http:\/\/culturaliagz.com\/index.php?rest_route=%2Fwp%2Fv2%2Fcomments&post=5653"}],"version-history":[{"count":5,"href":"http:\/\/culturaliagz.com\/index.php?rest_route=\/wp\/v2\/posts\/5653\/revisions"}],"predecessor-version":[{"id":5660,"href":"http:\/\/culturaliagz.com\/index.php?rest_route=\/wp\/v2\/posts\/5653\/revisions\/5660"}],"wp:attachment":[{"href":"http:\/\/culturaliagz.com\/index.php?rest_route=%2Fwp%2Fv2%2Fmedia&parent=5653"}],"wp:term":[{"taxonomy":"category","embeddable":true,"href":"http:\/\/culturaliagz.com\/index.php?rest_route=%2Fwp%2Fv2%2Fcategories&post=5653"},{"taxonomy":"post_tag","embeddable":true,"href":"http:\/\/culturaliagz.com\/index.php?rest_route=%2Fwp%2Fv2%2Ftags&post=5653"}],"curies":[{"name":"wp","href":"https:\/\/api.w.org\/{rel}","templated":true}]}}