{"id":5646,"date":"2019-03-22T01:33:35","date_gmt":"2019-03-22T00:33:35","guid":{"rendered":"http:\/\/culturaliagz.com\/?p=5646"},"modified":"2019-03-22T01:34:24","modified_gmt":"2019-03-22T00:34:24","slug":"o-alacantino-pablo-albo-imparte-un-obradoiro-de-narracion-oral-en-santiago","status":"publish","type":"post","link":"http:\/\/culturaliagz.com\/?p=5646","title":{"rendered":"O alacantino Pablo Albo imparte un obradoiro de narraci\u00f3n oral en Santiago"},"content":{"rendered":"\n<p><\/p>\n\n\n\n<ul class=\"wp-block-gallery aligncenter columns-2 is-cropped wp-block-gallery-1 is-layout-flex wp-block-gallery-is-layout-flex\"><li class=\"blocks-gallery-item\"><figure><a href=\"http:\/\/culturaliagz.com\/wp-content\/uploads\/2019\/03\/Pablo-Albo-1-1.jpg\"><img loading=\"lazy\" decoding=\"async\" width=\"944\" height=\"768\" src=\"http:\/\/culturaliagz.com\/wp-content\/uploads\/2019\/03\/Pablo-Albo-1-1.jpg\" alt=\"\" data-id=\"5647\" data-link=\"http:\/\/culturaliagz.com\/?attachment_id=5647\" class=\"wp-image-5647\" srcset=\"http:\/\/culturaliagz.com\/wp-content\/uploads\/2019\/03\/Pablo-Albo-1-1.jpg 944w, http:\/\/culturaliagz.com\/wp-content\/uploads\/2019\/03\/Pablo-Albo-1-1-300x244.jpg 300w, http:\/\/culturaliagz.com\/wp-content\/uploads\/2019\/03\/Pablo-Albo-1-1-768x625.jpg 768w\" sizes=\"auto, (max-width: 944px) 100vw, 944px\" \/><\/a><\/figure><\/li><li class=\"blocks-gallery-item\"><figure><a href=\"http:\/\/culturaliagz.com\/wp-content\/uploads\/2019\/03\/Pablo-Albo-2-1024x683.jpg\"><img loading=\"lazy\" decoding=\"async\" width=\"1024\" height=\"683\" src=\"http:\/\/culturaliagz.com\/wp-content\/uploads\/2019\/03\/Pablo-Albo-2-1024x683.jpg\" alt=\"\" data-id=\"5648\" data-link=\"http:\/\/culturaliagz.com\/?attachment_id=5648\" class=\"wp-image-5648\" srcset=\"http:\/\/culturaliagz.com\/wp-content\/uploads\/2019\/03\/Pablo-Albo-2.jpg 1024w, http:\/\/culturaliagz.com\/wp-content\/uploads\/2019\/03\/Pablo-Albo-2-300x200.jpg 300w, http:\/\/culturaliagz.com\/wp-content\/uploads\/2019\/03\/Pablo-Albo-2-768x512.jpg 768w\" sizes=\"auto, (max-width: 1024px) 100vw, 1024px\" \/><\/a><\/figure><\/li><\/ul>\n\n\n\n<p><\/p>\n\n\n\n<p><strong>O alacantino Pablo Albo imparte un obradoiro de narraci\u00f3n oral en Santiago <\/strong>(V\u00e9xase <a href=\"http:\/\/culturaliagz.com\/wp-content\/uploads\/2019\/03\/23.03.2019-Festival-Atl\u00e1ntica-Obradoiro-Pablo-Albo.pdf\" target=\"_blank\" rel=\"noreferrer noopener\" aria-label=\"enlace  (abre en una nueva pesta\u00f1a)\">enlace <\/a>ao programa)<\/p>\n\n\n\n<p>\u00b7&nbsp;&nbsp;&nbsp;&nbsp;&nbsp;&nbsp; <strong>O obradoiro ser\u00e1 este\ns\u00e1bado, 23 de marzo, a partir das 10:30 da ma\u00f1\u00e1, cunha duraci\u00f3n de 8 horas<\/strong><\/p>\n\n\n\n<p>\u00b7&nbsp;&nbsp;&nbsp;&nbsp;&nbsp;&nbsp; <strong>A actividade est\u00e1\ndirixida a persoas con algo de experiencia no mundo da narraci\u00f3n oral<\/strong><\/p>\n\n\n\n<p>\u00b7&nbsp;&nbsp;&nbsp;&nbsp;&nbsp;&nbsp;\n<strong>A\ninscrici\u00f3n ten un custo de 50 euros e debe formalizarse a trav\u00e9s do correo <a href=\"mailto:festivalatlantica@gmail.com\" target=\"_blank\" rel=\"noreferrer noopener\">festivalatlantica@gmail.com<\/a><\/strong><\/p>\n\n\n\n<p>No marco do Festival Atl\u00e1ntica, o alacantino Pablo Albo vai impartir o obradoiro de narraci\u00f3n oral \u2018Na procura do silencio\u2019, este s\u00e1bado, 23 de marzo, en Santiago de Compostela. A actividade comezar\u00e1 \u00e1s 10:30 da ma\u00f1\u00e1 e ter\u00e1 unha duraci\u00f3n de 8 horas cunha pausa para comer. Os interesados en participar deben ter certa experiencia no mundo da narraci\u00f3n oral. O custo \u00e9 de 50 euros e a inscrici\u00f3n ha de formalizarse no correo <a href=\"mailto:festivalatlantica@gmail.com\" target=\"_blank\" rel=\"noreferrer noopener\" aria-label=\" (abre en una nueva pesta\u00f1a)\">festivalatlantica@gmail.com<\/a>.<\/p>\n\n\n\n<p>Tr\u00e1tase dunha oportunidade \u00fanica para afondar no eido\ndos contos da man dun dos artistas nacionais m\u00e1is reputados. No obradoiro \u2018Na\nprocura do silencio\u2019 p\u00e1rtese da premisa de que o alumno leva certo tempo\ncontando e co\u00f1ece o valor das palabras. O que Albo prop\u00f3n nesta actividade e\nintentar descubrir a importancia do silencio porque \u201ccontamos \u00e1s veces con\ntanto barullo por dentro\u201d.\n\nO alacantino <strong>Pablo Albo<\/strong> (<a href=\"http:\/\/www.pabloalbo.com\" target=\"_blank\" rel=\"noreferrer noopener\">www.pabloalbo.com<\/a>), que nesta semana est\u00e1 a actuar en Lugo dentro do\nprograma do Festival Atl\u00e1ntica, \u00e9 un habitual dos encontros de narraci\u00f3n oral.\nIniciouse no mundo dos contos en 1994 e desde aquela xa percorreu contando\nhistorias case toda a xeograf\u00eda nacional e boa parte do estranxeiro. Na s\u00faa\nfaceta de escritor ten publicados trinta e seis libros infant\u00eds e participou en\ncinco libros de contos para adultos. Entre os seus premios figuran o Lazarillo\nnas modalidades de creaci\u00f3n literaria (2008) e de \u00e1lbum ilustrado (2013), o\nCiudad de Alicante (2003), o Villa d\u00cdbi (2008) e o Leer es vivir (2009).\nAdemais, tres das s\u00faas obras apareceron no <em>The White Ravens<\/em>, a lista dos\n250 mellores libros do mundo que realiza cada ano a Internationale\nJugendbibliothek (Biblioteca Internacional da Mocidade) con sede en Munich.\n\n\n\n<\/p>\n","protected":false},"excerpt":{"rendered":"<p>O alacantino Pablo Albo imparte un obradoiro de narraci\u00f3n oral en Santiago (V\u00e9xase enlace ao programa) \u00b7&nbsp;&nbsp;&nbsp;&nbsp;&nbsp;&nbsp; O obradoiro ser\u00e1 este s\u00e1bado, 23 de marzo, a partir das 10:30 da [&hellip;]<\/p>\n","protected":false},"author":1,"featured_media":0,"comment_status":"open","ping_status":"open","sticky":false,"template":"","format":"standard","meta":{"_et_pb_use_builder":"","_et_pb_old_content":"","_et_gb_content_width":"","_jetpack_memberships_contains_paid_content":false,"footnotes":""},"categories":[23,7,6,1],"tags":[],"class_list":["post-5646","post","type-post","status-publish","format-standard","hentry","category-autoresas","category-creacion","category-novas","category-xeral"],"jetpack_featured_media_url":"","jetpack_sharing_enabled":true,"_links":{"self":[{"href":"http:\/\/culturaliagz.com\/index.php?rest_route=\/wp\/v2\/posts\/5646","targetHints":{"allow":["GET"]}}],"collection":[{"href":"http:\/\/culturaliagz.com\/index.php?rest_route=\/wp\/v2\/posts"}],"about":[{"href":"http:\/\/culturaliagz.com\/index.php?rest_route=\/wp\/v2\/types\/post"}],"author":[{"embeddable":true,"href":"http:\/\/culturaliagz.com\/index.php?rest_route=\/wp\/v2\/users\/1"}],"replies":[{"embeddable":true,"href":"http:\/\/culturaliagz.com\/index.php?rest_route=%2Fwp%2Fv2%2Fcomments&post=5646"}],"version-history":[{"count":3,"href":"http:\/\/culturaliagz.com\/index.php?rest_route=\/wp\/v2\/posts\/5646\/revisions"}],"predecessor-version":[{"id":5652,"href":"http:\/\/culturaliagz.com\/index.php?rest_route=\/wp\/v2\/posts\/5646\/revisions\/5652"}],"wp:attachment":[{"href":"http:\/\/culturaliagz.com\/index.php?rest_route=%2Fwp%2Fv2%2Fmedia&parent=5646"}],"wp:term":[{"taxonomy":"category","embeddable":true,"href":"http:\/\/culturaliagz.com\/index.php?rest_route=%2Fwp%2Fv2%2Fcategories&post=5646"},{"taxonomy":"post_tag","embeddable":true,"href":"http:\/\/culturaliagz.com\/index.php?rest_route=%2Fwp%2Fv2%2Ftags&post=5646"}],"curies":[{"name":"wp","href":"https:\/\/api.w.org\/{rel}","templated":true}]}}