{"id":5608,"date":"2019-03-20T13:09:06","date_gmt":"2019-03-20T12:09:06","guid":{"rendered":"http:\/\/culturaliagz.com\/?p=5608"},"modified":"2019-03-20T13:09:10","modified_gmt":"2019-03-20T12:09:10","slug":"lugo-a-fonsagrada-e-viveiro-reciben-os-contos-do-festival-atlantica","status":"publish","type":"post","link":"http:\/\/culturaliagz.com\/?p=5608","title":{"rendered":"Lugo, A Fonsagrada e Viveiro reciben os contos do Festival Atl\u00e1ntica"},"content":{"rendered":"\n<p><\/p>\n\n\n\n<ul class=\"wp-block-gallery aligncenter columns-3 is-cropped wp-block-gallery-1 is-layout-flex wp-block-gallery-is-layout-flex\"><li class=\"blocks-gallery-item\"><figure><a href=\"http:\/\/culturaliagz.com\/wp-content\/uploads\/2019\/03\/19.03.21-ATL_FONSAGRADA_ADULTOS-724x1024.jpg\"><img loading=\"lazy\" decoding=\"async\" width=\"724\" height=\"1024\" src=\"http:\/\/culturaliagz.com\/wp-content\/uploads\/2019\/03\/19.03.21-ATL_FONSAGRADA_ADULTOS-724x1024.jpg\" alt=\"\" data-id=\"5609\" data-link=\"http:\/\/culturaliagz.com\/?attachment_id=5609\" class=\"wp-image-5609\" srcset=\"http:\/\/culturaliagz.com\/wp-content\/uploads\/2019\/03\/19.03.21-ATL_FONSAGRADA_ADULTOS-724x1024.jpg 724w, http:\/\/culturaliagz.com\/wp-content\/uploads\/2019\/03\/19.03.21-ATL_FONSAGRADA_ADULTOS-212x300.jpg 212w, http:\/\/culturaliagz.com\/wp-content\/uploads\/2019\/03\/19.03.21-ATL_FONSAGRADA_ADULTOS-768x1086.jpg 768w, http:\/\/culturaliagz.com\/wp-content\/uploads\/2019\/03\/19.03.21-ATL_FONSAGRADA_ADULTOS.jpg 842w\" sizes=\"auto, (max-width: 724px) 100vw, 724px\" \/><\/a><\/figure><\/li><li class=\"blocks-gallery-item\"><figure><a href=\"http:\/\/culturaliagz.com\/wp-content\/uploads\/2019\/03\/19.03.21-ATL_FONSAGRADA_FAMILIAR-724x1024.jpg\"><img loading=\"lazy\" decoding=\"async\" width=\"724\" height=\"1024\" src=\"http:\/\/culturaliagz.com\/wp-content\/uploads\/2019\/03\/19.03.21-ATL_FONSAGRADA_FAMILIAR-724x1024.jpg\" alt=\"\" data-id=\"5610\" data-link=\"http:\/\/culturaliagz.com\/?attachment_id=5610\" class=\"wp-image-5610\" srcset=\"http:\/\/culturaliagz.com\/wp-content\/uploads\/2019\/03\/19.03.21-ATL_FONSAGRADA_FAMILIAR-724x1024.jpg 724w, http:\/\/culturaliagz.com\/wp-content\/uploads\/2019\/03\/19.03.21-ATL_FONSAGRADA_FAMILIAR-212x300.jpg 212w, http:\/\/culturaliagz.com\/wp-content\/uploads\/2019\/03\/19.03.21-ATL_FONSAGRADA_FAMILIAR-768x1086.jpg 768w, http:\/\/culturaliagz.com\/wp-content\/uploads\/2019\/03\/19.03.21-ATL_FONSAGRADA_FAMILIAR.jpg 842w\" sizes=\"auto, (max-width: 724px) 100vw, 724px\" \/><\/a><\/figure><\/li><li class=\"blocks-gallery-item\"><figure><a href=\"http:\/\/culturaliagz.com\/wp-content\/uploads\/2019\/03\/19.03.21-ATL_LUGO_MARIA_LOIS-724x1024.jpg\"><img loading=\"lazy\" decoding=\"async\" width=\"724\" height=\"1024\" src=\"http:\/\/culturaliagz.com\/wp-content\/uploads\/2019\/03\/19.03.21-ATL_LUGO_MARIA_LOIS-724x1024.jpg\" alt=\"\" data-id=\"5611\" data-link=\"http:\/\/culturaliagz.com\/?attachment_id=5611\" class=\"wp-image-5611\" srcset=\"http:\/\/culturaliagz.com\/wp-content\/uploads\/2019\/03\/19.03.21-ATL_LUGO_MARIA_LOIS-724x1024.jpg 724w, http:\/\/culturaliagz.com\/wp-content\/uploads\/2019\/03\/19.03.21-ATL_LUGO_MARIA_LOIS-212x300.jpg 212w, http:\/\/culturaliagz.com\/wp-content\/uploads\/2019\/03\/19.03.21-ATL_LUGO_MARIA_LOIS-768x1086.jpg 768w, http:\/\/culturaliagz.com\/wp-content\/uploads\/2019\/03\/19.03.21-ATL_LUGO_MARIA_LOIS.jpg 842w\" sizes=\"auto, (max-width: 724px) 100vw, 724px\" \/><\/a><\/figure><\/li><li class=\"blocks-gallery-item\"><figure><a href=\"http:\/\/culturaliagz.com\/wp-content\/uploads\/2019\/03\/19.03.21-ATL_VIVEIRO_ADULTO-724x1024.jpg\"><img loading=\"lazy\" decoding=\"async\" width=\"724\" height=\"1024\" src=\"http:\/\/culturaliagz.com\/wp-content\/uploads\/2019\/03\/19.03.21-ATL_VIVEIRO_ADULTO-724x1024.jpg\" alt=\"\" data-id=\"5612\" data-link=\"http:\/\/culturaliagz.com\/?attachment_id=5612\" class=\"wp-image-5612\" srcset=\"http:\/\/culturaliagz.com\/wp-content\/uploads\/2019\/03\/19.03.21-ATL_VIVEIRO_ADULTO-724x1024.jpg 724w, http:\/\/culturaliagz.com\/wp-content\/uploads\/2019\/03\/19.03.21-ATL_VIVEIRO_ADULTO-212x300.jpg 212w, http:\/\/culturaliagz.com\/wp-content\/uploads\/2019\/03\/19.03.21-ATL_VIVEIRO_ADULTO-768x1086.jpg 768w, http:\/\/culturaliagz.com\/wp-content\/uploads\/2019\/03\/19.03.21-ATL_VIVEIRO_ADULTO.jpg 842w\" sizes=\"auto, (max-width: 724px) 100vw, 724px\" \/><\/a><\/figure><\/li><li class=\"blocks-gallery-item\"><figure><a href=\"http:\/\/culturaliagz.com\/wp-content\/uploads\/2019\/03\/19.03.21-ATL_VIVEIRO_FAMILIAR-724x1024.jpg\"><img loading=\"lazy\" decoding=\"async\" width=\"724\" height=\"1024\" src=\"http:\/\/culturaliagz.com\/wp-content\/uploads\/2019\/03\/19.03.21-ATL_VIVEIRO_FAMILIAR-724x1024.jpg\" alt=\"\" data-id=\"5613\" data-link=\"http:\/\/culturaliagz.com\/?attachment_id=5613\" class=\"wp-image-5613\" srcset=\"http:\/\/culturaliagz.com\/wp-content\/uploads\/2019\/03\/19.03.21-ATL_VIVEIRO_FAMILIAR-724x1024.jpg 724w, http:\/\/culturaliagz.com\/wp-content\/uploads\/2019\/03\/19.03.21-ATL_VIVEIRO_FAMILIAR-212x300.jpg 212w, http:\/\/culturaliagz.com\/wp-content\/uploads\/2019\/03\/19.03.21-ATL_VIVEIRO_FAMILIAR-768x1086.jpg 768w, http:\/\/culturaliagz.com\/wp-content\/uploads\/2019\/03\/19.03.21-ATL_VIVEIRO_FAMILIAR.jpg 842w\" sizes=\"auto, (max-width: 724px) 100vw, 724px\" \/><\/a><\/figure><\/li><\/ul>\n\n\n\n<p><\/p>\n\n\n\n<p><strong>Lugo, A Fonsagrada e Viveiro reciben os contos do Festival Atl\u00e1ntica<\/strong><\/p>\n\n\n\n<p>(V\u00e9xase o <a href=\"http:\/\/culturaliagz.com\/wp-content\/uploads\/2019\/03\/ATLANTICA-2019-LugoD.pdf\" target=\"_blank\" rel=\"noreferrer noopener\" aria-label=\"enlace  (abre en una nueva pesta\u00f1a)\">enlace <\/a>\u00e1 programaci\u00f3n)<\/p>\n\n\n\n<ul class=\"wp-block-list\"><li><strong>Na Fonsagrada estar\u00e1n o alacantino Pablo Albo e a\ngalega Raquel Queiz\u00e1s cun programa dobre para nenos e maiores<\/strong><\/li><li><strong>Vero Rilo e Yoshi Hioki tam\u00e9n brindar\u00e1n un\nprograma dobre para p\u00fablico infantil e adulto en Viveiro<\/strong><\/li><li><strong>En Lugo, Mar\u00eda da Pontragha e Lois P\u00e9rez actuar\u00e1n\na partir das 20:30 horas no Centro Cultural O Vello C\u00e1rcere<\/strong><\/li><\/ul>\n\n\n\n<p>Os contadores do <strong>Festival\nAtl\u00e1ntica<\/strong> seguen a percorrer a provincia de Lugo durante este venres, 21 de\nmarzo. Durante a xornada as historias de Pablo Albo, Raquel Queiz\u00e1s, Yoshi\nHioki, Vero Rilo, Mar\u00eda da Pontragha e Lois P\u00e9rez chegar\u00e1n aos concellos de\nViveiro, A Fonsagrada e Lugo grazas \u00e1 colaboraci\u00f3n da Deputaci\u00f3n e do Concello\nde Lugo. Todos os espect\u00e1culos son gratu\u00edtos ata completar aforo.<\/p>\n\n\n\n<p>No tocante \u00e1 Fonsagrada, Pablo\nAlbo e Raquel Queiz\u00e1s van brindar un programa dobre que incluir\u00e1 funci\u00f3ns para\ncativos e maiores. \u00c1s 17:30 horas, no Sal\u00f3n de Actos dos Chaos, o p\u00fablico\ninfantil vai poder gozar cos <strong>\u2018Contos de\nmedo que dan risa\u2019<\/strong> de Albo e mais coa <strong>\u2018Romar\u00eda\u2019<\/strong>\nde Queiz\u00e1s. No seu espect\u00e1culo o narrador alacantino far\u00e1 aparecer monstros\ndiversos empregando a s\u00faa voz, os seus xestos e a s\u00faa ollada. Haber\u00e1 monstros\npeludos, comedores de netas e de casas, pero non haber\u00e1 nada que temer porque\ntodos eles dar\u00e1n espertado a gargallada do p\u00fablico infantil. Pola s\u00faa banda, a\n\u2018Romar\u00eda\u2019 de Queiz\u00e1s consiste nun espect\u00e1culo onde as lendas tradicionais lles achegan\no mundo rural e antigo aos rapaces, descubr\u00edndolles un modo de vida desco\u00f1ecido\npara os m\u00e1is deles.<\/p>\n\n\n\n<p>A partir das 20 horas, e tam\u00e9n no\nSal\u00f3n de Actos dos Chaos da Fonsagrada, ser\u00e1 a quenda dos adultos cunha funci\u00f3n\ndobre. Desta volta Pablo Albo vai contar <strong>\u2018Contos\npouco edificantes\u2019<\/strong>, unha colecci\u00f3n de historias destinadas ao p\u00fablico\nadulto onde se mesturan o medo e o riso, as mentiras e as verdades, o sal e a\npementa, sen esquecer o humor e un chisco de erotismo. E Raquel Queiz\u00e1s\ndecantarase polas <strong>\u2018Palabras na boca\u2019<\/strong>,\nhistorias escoitadas na boca da nai e da avoa da narradora e que agora abrollan\ncunha voz de seu ata os ouvidos do p\u00fablico.<\/p>\n\n\n\n<p><strong>Xap\u00f3n e Galicia danse a man en Viveiro<\/strong><\/p>\n\n\n\n<p>A programaci\u00f3n do Festival\nAtl\u00e1ntica en Viveiro vai xuntar as voces de Yoshi Hioki e de Vero Rilo en d\u00faas\nfunci\u00f3ns dobres. A partir das 17:30, na Sala Multiusos da Casa do Concello, os cativos\nvan escoitar primeiro os <strong>\u2018Contos, leiras\ne cousas pequenas\u2019<\/strong> de Vero Rilo, unha recollida de historias de xente maior\ne que serven para pacientes e impacientes, para o demo, para tremer de medo e\npara se amar e durmir quenti\u00f1os. Despois chegar\u00e1n os <strong>\u2018Contos populares do Xap\u00f3n\u2019<\/strong> de Hioki, historias que incl\u00faen\ncampesi\u00f1os dos arrozais e nobres da corte imperial, animais e monstros, drag\u00f3ns\ne bolboretas, mesturando sempre a poes\u00eda e a picaresca.<\/p>\n\n\n\n<p>Xa contra a noiti\u00f1a, \u00e1s 20 horas,\nos dous narradores volver\u00e1n \u00e1 Sala Multiusos da Casa do Concello para deleitaren\no p\u00fablico adulto. Vero Rilo levar\u00e1 as s\u00faas <strong>\u2018Lavandeiras\u2019<\/strong>,\nunha homenaxe ao patrimonio oral que as mulleres constru\u00edron de xeonllos a\nlavar a roupa na ribeira do r\u00edo, nunha estampa que se v\u00e9n repetindo ao longo da\nnosa historia. E Yoshi Hioki agasallar\u00e1 os asistentes coa versi\u00f3n adulta dos\nseus <strong>\u2018Contos populares do Xap\u00f3n\u2019<\/strong>, unha\noportunidade para gozar coa habilidade do artista xapon\u00e9s para \u2018pintar\u2019 as\nhistorias e os costumes do seu pa\u00eds con humor e sensibilidade.<\/p>\n\n\n\n<p><strong>Ser\u00e1n de contos en Lugo<\/strong><\/p>\n\n\n\n<p>As actividades do d\u00eda rematar\u00e1n\nno Centro Cultural O Vello C\u00e1rcere de Lugo, \u00e1s 20:30 horas, con <strong>\u2018Contos do que non hai\u2019<\/strong> e <strong>\u2018Nas corripas da memoria\u2019<\/strong>, dos\nnarradores galegos Mar\u00eda da Pontragha e Lois P\u00e9rez, respectivamente. O\nespect\u00e1culo de Pontragha \u00e9 un conxunto de historias de mortais, da xente que\nvai as\u00ed, arrastrando a vida, porque as calamidades son dignas de se contar e as\ncoitas sempre se levan mellor se se contan e comparten. En canto \u00e1s historias\nde Lois P\u00e9rez, nelas confl\u00faen a tradici\u00f3n oral, o humor, a gargallada, os\nsucedidos que escoitou, a narraci\u00f3n, o rock, a alta literatura, as baixas\npaix\u00f3ns e, se ten o d\u00eda, mesmo a poes\u00eda.<\/p>\n\n\n\n<p><strong>Unha manchea de artistas<\/strong><\/p>\n\n\n\n<p>O alacantino <strong>Pablo Albo<\/strong> (www.pabloalbo.com) iniciouse no mundo dos contos en\n1994 e desde aquela xa leva percorrida contando historias case toda a xeograf\u00eda\nnacional e boa parte do estranxeiro. Na s\u00faa faceta de escritor, ten publicados trinta\ne seis libros infant\u00eds e participou en cinco libros de contos para adultos. Entre\nos seus premios figuran o Lazarillo nas modalidades de creaci\u00f3n literaria (2008)\ne de \u00e1lbum ilustrado (2013), o Ciudad de Alicante (2003), o Villa d\u00cdbi (2008) e\no Leer es vivir (2009). Ademais, tres das s\u00faas obras apareceron no <em>The White Ravens<\/em>, a lista dos 250\nmellores libros do mundo que realiza cada ano a Internationale Jugendbibliothek\n(Biblioteca Internacional da Mocidade) con sede en Munich.<\/p>\n\n\n\n<p>Cunha traxectoria de m\u00e1is de\nvinte anos dedicada \u00e1 narraci\u00f3n oral profesional e ao teatro, a galega <strong>Raquel Queiz\u00e1s<\/strong> (www.raquelqueizas.com)\nmant\u00e9n en cartel case unha ducia de espect\u00e1culos de contacontos, de diferentes\ntemas e adaptados a diversas idades, desde beb\u00e9s ata adultos. De formaci\u00f3n\nfil\u00f3loga, cursou estudos de Artes Esc\u00e9nicas en varios centros e encontros de\nformaci\u00f3n.<\/p>\n\n\n\n<p><strong>Vero Rilo<\/strong> \u00e9 contadora e educadora. No ano 2013 decidiu mergullarse\nno eido da narraci\u00f3n e formou a compa\u00f1\u00eda Daboapipa e, m\u00e1is tarde, o d\u00fao\nRilo&amp;Penadique a car\u00f3n de Sonsoles Penadique. \u00c9 unha participante habitual\ndos encontros narrativos galegos e tam\u00e9n das programaci\u00f3ns das redes AGADIC,\nCultura no Cami\u00f1o, Programa Apego, Deputaci\u00f3n de Lugo, Deputaci\u00f3n da Coru\u00f1a,\netc. \u00c9 unha das transmisoras de emoci\u00f3ns m\u00e1is importantes do momento, unha\nnarradora cunha forza, t\u00e9cnica e expresividade que a fan \u00fanica e inesquecible.<\/p>\n\n\n\n<p><strong>Yoshi Hioki<\/strong> trasladouse no 1991 desde a s\u00faa Osaka natal ata\nBarcelona para estudar pintura. Al\u00ed entrou en contacto coa narraci\u00f3n oral e\ncomezou a s\u00faa carreira profesional como contador. Desde aquela, xa pasou por\nfestivais de todo o mundo e segue a desenvolver actividades que mesturan as\ns\u00faas d\u00faas paix\u00f3ns: a pintura e a narraci\u00f3n.<\/p>\n\n\n\n<p><strong>Mar\u00eda da Pontragha<\/strong> \u00e9 educadora e dende sempre mantivo un\nv\u00ednculo moi forte coa tradici\u00f3n oral, tanto a trav\u00e9s da m\u00fasica coma da palabra\nen si. No 2009 comezou a s\u00faa andaina no mundo das contacontos tanto para p\u00fablico\ninfantil e xuvenil como para adultos. Participou en diferentes xornadas de\noralidade, festivais e encontros culturais dentro e f\u00f3ra de Galicia; tam\u00e9n\ndesenvolveu o seu labor en bibliotecas.<\/p>\n\n\n\n<p>O lucense <strong>Lois P\u00e9rez<\/strong> def\u00ednese como contador, poeta, <em>dramat\u00fazaro<\/em> e distraidamente escritor. Comezou a contar enriba\ndunha caixa de cervexa e ten actuado en escolas de idiomas, institutos,\nuniversidades, presentaci\u00f3ns de novelas, teatros, bares, c\u00e1rceres, museos,\nfeiras do libro, entre outros lugares.<\/p>\n\n\n\n<p><strong>M\u00e1is fotos en:<\/strong> <a href=\"http:\/\/www.flickr.com\/photos\/festivalatlantica\">www.flickr.com\/photos\/festivalatlantica<\/a><\/p>\n\n\n\n<p>Os medios est\u00e1n autorizados a descargalas e a usalas con fins informativos.<\/p>\n\n\n\n<p>CONTACTO: <strong>Soledad Felloza<\/strong> | 635 95 28 20 | festivalatlantica@gmail.com<\/p>\n\n\n\n<p><\/p>\n\n\n\n<table class=\"wp-block-table\"><tbody><tr><td>\n    \n    <strong>Sobre o Festival\n    Atl\u00e1ntica<\/strong>\n    Atl\u00e1ntica, Festival Internacional de Narraci\u00f3n\n    Oral, naceu no ano 2013 con sede en Santiago de Compostela cunha clara\n    vocaci\u00f3n de ser un encontro de voces e historias de perfil atlantista. O\n    seu obxectivo \u00e9 indagar nas ra\u00edces com\u00fans das historias do oc\u00e9ano, na\n    procura da identidade cultural com\u00fan do Atl\u00e1ntico e nas historias que se\n    foron espallando polos cami\u00f1os do mar. Toda a informaci\u00f3n relacionada co\n    programa e cos artistas p\u00f3dese consultar na web <a href=\"http:\/\/festivalatlantica.gal\">http:\/\/festivalatlantica.gal<\/a>.\n    &nbsp;\n    &nbsp;\n    &nbsp;\n    &nbsp;\n    &nbsp;\n    &nbsp;\n    &nbsp;\n    &nbsp;\n    &nbsp;\n    &nbsp;\n    &nbsp;\n    \n    <\/td><\/tr><\/tbody><\/table>\n\n\n\n<table class=\"wp-block-table\"><tbody><tr><td>\n    \n    <strong>Sobre o Festival\n    Atl\u00e1ntica<\/strong>\n    Atl\u00e1ntica, Festival Internacional de Narraci\u00f3n\n    Oral, naceu no ano 2013 con sede en Santiago de Compostela cunha clara\n    vocaci\u00f3n de ser un encontro de voces e historias de perfil atlantista. O\n    seu obxectivo \u00e9 indagar nas ra\u00edces com\u00fans das historias do oc\u00e9ano, na\n    procura da identidade cultural com\u00fan do Atl\u00e1ntico e nas historias que se\n    foron espallando polos cami\u00f1os do mar. Toda a informaci\u00f3n relacionada co\n    programa e cos artistas p\u00f3dese consultar na web <a href=\"http:\/\/festivalatlantica.gal\">http:\/\/festivalatlantica.gal<\/a>.\n    \n    <\/td><\/tr><\/tbody><\/table>\n\n\n\n<p><strong>PROGRAMA PROVINCIA DE LUGO 2019<\/strong><\/p>\n\n\n\n<p>Todos os espect\u00e1culos te\u00f1en entrada libre e gratu\u00edta\nata completar o aforo<\/p>\n\n\n\n<p><strong>Xoves 21 de marzo<\/strong><\/p>\n\n\n\n<p>\u201cContos de medo que dan\nrisa\u201d | Pablo Albo (Alacante) | En castel\u00e1n<\/p>\n\n\n\n<p>\u201cRomar\u00eda\u201d | Raquel Queiz\u00e1s\n(Galicia) | En galego<\/p>\n\n\n\n<p>17.30 | Sal\u00f3n de Actos dos\nChaos | A Fonsagrada<\/p>\n\n\n\n<p>P\u00fablico infantil<\/p>\n\n\n\n<p>&#8220;Contos, lerias e\ncousas pequenas&#8221; | Vero Rilo (Galicia) | En galego<\/p>\n\n\n\n<p>&#8220;Contos para viaxar a\nXap\u00f3n&#8221; | Yoshi Hioki (Xap\u00f3n)<\/p>\n\n\n\n<p>17.30 | Sala Multiusos da\nCasa do Concello | Viveiro<\/p>\n\n\n\n<p>P\u00fablico familiar<\/p>\n\n\n\n<p>\u201cContos pouco edificantes\u201d |\nPablo Albo (Alacante) | En castel\u00e1n<\/p>\n\n\n\n<p>\u201cPalabras na boca\u201d | Raquel\nQueiz\u00e1s (Galicia) | En galego<\/p>\n\n\n\n<p>20.00 | Sal\u00f3n de Actos dos\nChaos | A Fonsagrada<\/p>\n\n\n\n<p>P\u00fablico adulto<\/p>\n\n\n\n<p>&#8220;Lavandeiras&#8221; |\nVero Rilo (Galicia) | En galego<\/p>\n\n\n\n<p>&#8220;Contos populares do\nXap\u00f3n&#8221; | Yoshi Hioki (Xap\u00f3n)<\/p>\n\n\n\n<p>20.00 | Sala Multiusos da\nCasa do Concello | Viveiro<\/p>\n\n\n\n<p>P\u00fablico adulto<\/p>\n\n\n\n<p>\u201cContos do que non hai\u201d |\nMar\u00eda da Pontragha (Galicia) | En galego<\/p>\n\n\n\n<p>\u201cNas corripas da memoria\u201d |\nLois P\u00e9rez (Galicia) | En galego<\/p>\n\n\n\n<p>20.30 | Centro Cultural O\nVello C\u00e1rcere | Lugo<\/p>\n\n\n\n<p>P\u00fablico adulto<\/p>\n\n\n\n<p><strong>Venres 22 de marzo<\/strong><\/p>\n\n\n\n<p>&#8220;Contos lerias e cousas\npequenas&#8221; | Vero Rilo (Galicia) | En galego<\/p>\n\n\n\n<p>&#8220;Contos para viaxar a\nXap\u00f3n&#8221; | Yoshi Hioki (Xap\u00f3n)<\/p>\n\n\n\n<p>17.30 | Biblioteca Municipal\n| Lugo<\/p>\n\n\n\n<p>P\u00fablico infantil e familiar<\/p>\n\n\n\n<p>\u201cDe Tin Mar\u00edn\u201d | Soledad\nFelloza (Uruguai-Galicia) | En galego<\/p>\n\n\n\n<p>\u201cContar\u201d | Celso F.\nSanmart\u00edn (Galicia) | En galego<\/p>\n\n\n\n<p>17.30 | Casa da cultura\n\u2018Poeta Lois Pereiro\u2019 | Monforte de Lemos<\/p>\n\n\n\n<p>P\u00fablico familiar<\/p>\n\n\n\n<p>\u201cContos de medo que dan\nrisa\u201d | Pablo Albo (Alacante) | En castel\u00e1n<\/p>\n\n\n\n<p>\u201cContos de hai mil anos\u2026 ou\nm\u00e1is\u201d | \u00c1ngeles Go\u00e1s (Galicia) | En galego<\/p>\n\n\n\n<p>17.30 | Casa Habanera |\nGuitiriz<\/p>\n\n\n\n<p>P\u00fablico familiar<\/p>\n\n\n\n<p>\u201cLavandeiras\u201d | Vero Rilo\n(Galicia) | En galego<\/p>\n\n\n\n<p>\u201cContos populares do xap\u00f3n\u201d\n| Yoshi Hioki (Xap\u00f3n) | En castel\u00e1n<\/p>\n\n\n\n<p>19.30 | Centro Cultural O\nVello C\u00e1rcere | Lugo<\/p>\n\n\n\n<p>P\u00fablico adulto<\/p>\n\n\n\n<p>\u201cO comezo do mundo\u201d |\nSoledad Felloza (Uruguai-Galicia) | En galego<\/p>\n\n\n\n<p>\u201cContar\u201d | Celso F.\nSanmart\u00edn (Galicia) | En galego<\/p>\n\n\n\n<p>20.00 | Casa da Cultura\n\u2018Poeta Lois Pereiro\u2019 | Monforte de Lemos<\/p>\n\n\n\n<p>P\u00fablico adulto<\/p>\n\n\n\n<p>\u201cContos pouco edificantes\u201d |\nPablo Albo (Alacante) | En castel\u00e1n<\/p>\n\n\n\n<p>\u201cO medo \u00e9 libre\u201d | \u00c1ngeles\nGo\u00e1s (Galicia) | En galego<\/p>\n\n\n\n<p>20.00 | Casa Habanera |\nGuitiriz<\/p>\n\n\n\n<p>P\u00fablico adulto<\/p>\n\n\n\n<p><strong>S\u00e1bado 23 de marzo<\/strong><\/p>\n\n\n\n<p>\u201cEntre arrolos e conti\u00f1os\u201d |\nBea Campos e Manuel Pombal (Galicia) | En galego<\/p>\n\n\n\n<p>11.30 I MIHL &#8211; Museo\nInteractivo da Historia de Lugo | Lugo<\/p>\n\n\n\n<p>Nenos de 6 meses a 3 anos\n \n  \n  <\/p>\n\n\n\n<table class=\"wp-block-table\"><tbody><tr><td>\n    \n    <strong>Sobre o Festival\n    Atl\u00e1ntica<\/strong>\n    Atl\u00e1ntica, Festival Internacional de Narraci\u00f3n\n    Oral, naceu no ano 2013 con sede en Santiago de Compostela cunha clara\n    vocaci\u00f3n de ser un encontro de voces e historias de perfil atlantista. O\n    seu obxectivo \u00e9 indagar nas ra\u00edces com\u00fans das historias do oc\u00e9ano, na\n    procura da identidade cultural com\u00fan do Atl\u00e1ntico e nas historias que se\n    foron espallando polos cami\u00f1os do mar. Toda a informaci\u00f3n relacionada co\n    programa e cos artistas p\u00f3dese consultar na web <a href=\"http:\/\/festivalatlantica.gal\">http:\/\/festivalatlantica.gal<\/a>.\n    \n    <\/td><\/tr><\/tbody><\/table>\n\n\n\n<table class=\"wp-block-table\"><tbody><tr><td>\n    \n    <strong>Sobre o Festival\n    Atl\u00e1ntica<\/strong>\n    Atl\u00e1ntica, Festival Internacional de Narraci\u00f3n\n    Oral, naceu no ano 2013 con sede en Santiago de Compostela cunha clara\n    vocaci\u00f3n de ser un encontro de voces e historias de perfil atlantista. O\n    seu obxectivo \u00e9 indagar nas ra\u00edces com\u00fans das historias do oc\u00e9ano, na\n    procura da identidade cultural com\u00fan do Atl\u00e1ntico e nas historias que se\n    foron espallando polos cami\u00f1os do mar. Toda a informaci\u00f3n relacionada co\n    programa e cos artistas p\u00f3dese consultar na web <a href=\"http:\/\/festivalatlantica.gal\">http:\/\/festivalatlantica.gal<\/a>.\n    \n    <\/td><\/tr><\/tbody><\/table>\n\n\n\n<table class=\"wp-block-table\"><tbody><tr><td>\n    \n    <strong>Sobre o Festival\n    Atl\u00e1ntica<\/strong>\n    Atl\u00e1ntica, Festival Internacional de Narraci\u00f3n\n    Oral, naceu no ano 2013 con sede en Santiago de Compostela cunha clara\n    vocaci\u00f3n de ser un encontro de voces e historias de perfil atlantista. O\n    seu obxectivo \u00e9 indagar nas ra\u00edces com\u00fans das historias do oc\u00e9ano, na\n    procura da identidade cultural com\u00fan do Atl\u00e1ntico e nas historias que se\n    foron espallando polos cami\u00f1os do mar. Toda a informaci\u00f3n relacionada co\n    programa e cos artistas p\u00f3dese consultar na web <a href=\"http:\/\/festivalatlantica.gal\">http:\/\/festivalatlantica.gal<\/a>.\n    \n    <\/td><\/tr><\/tbody><\/table>\n\n\n\n<ul class=\"wp-block-gallery aligncenter columns-3 is-cropped wp-block-gallery-2 is-layout-flex wp-block-gallery-is-layout-flex\"><li class=\"blocks-gallery-item\"><figure><a href=\"http:\/\/culturaliagz.com\/wp-content\/uploads\/2019\/03\/Lois-Perez.jpg\"><img loading=\"lazy\" decoding=\"async\" width=\"992\" height=\"768\" src=\"http:\/\/culturaliagz.com\/wp-content\/uploads\/2019\/03\/Lois-Perez.jpg\" alt=\"\" data-id=\"5616\" data-link=\"http:\/\/culturaliagz.com\/?attachment_id=5616\" class=\"wp-image-5616\" srcset=\"http:\/\/culturaliagz.com\/wp-content\/uploads\/2019\/03\/Lois-Perez.jpg 992w, http:\/\/culturaliagz.com\/wp-content\/uploads\/2019\/03\/Lois-Perez-300x232.jpg 300w, http:\/\/culturaliagz.com\/wp-content\/uploads\/2019\/03\/Lois-Perez-768x595.jpg 768w\" sizes=\"auto, (max-width: 992px) 100vw, 992px\" \/><\/a><figcaption>Lois P\u00e9rez<br><\/figcaption><\/figure><\/li><li class=\"blocks-gallery-item\"><figure><a href=\"http:\/\/culturaliagz.com\/wp-content\/uploads\/2019\/03\/Maria-da-Pontragha-3-1024x686.jpg\"><img loading=\"lazy\" decoding=\"async\" width=\"1024\" height=\"686\" src=\"http:\/\/culturaliagz.com\/wp-content\/uploads\/2019\/03\/Maria-da-Pontragha-3-1024x686.jpg\" alt=\"\" data-id=\"5617\" data-link=\"http:\/\/culturaliagz.com\/?attachment_id=5617\" class=\"wp-image-5617\" srcset=\"http:\/\/culturaliagz.com\/wp-content\/uploads\/2019\/03\/Maria-da-Pontragha-3-1024x686.jpg 1024w, http:\/\/culturaliagz.com\/wp-content\/uploads\/2019\/03\/Maria-da-Pontragha-3-300x201.jpg 300w, http:\/\/culturaliagz.com\/wp-content\/uploads\/2019\/03\/Maria-da-Pontragha-3-768x514.jpg 768w, http:\/\/culturaliagz.com\/wp-content\/uploads\/2019\/03\/Maria-da-Pontragha-3-1080x723.jpg 1080w, http:\/\/culturaliagz.com\/wp-content\/uploads\/2019\/03\/Maria-da-Pontragha-3.jpg 1280w\" sizes=\"auto, (max-width: 1024px) 100vw, 1024px\" \/><\/a><figcaption>Mar\u00eda da Pontragha<\/figcaption><\/figure><\/li><li class=\"blocks-gallery-item\"><figure><a href=\"http:\/\/culturaliagz.com\/wp-content\/uploads\/2019\/03\/Pablo-Albo-1-1024x768.jpg\"><img loading=\"lazy\" decoding=\"async\" width=\"1024\" height=\"768\" src=\"http:\/\/culturaliagz.com\/wp-content\/uploads\/2019\/03\/Pablo-Albo-1-1024x768.jpg\" alt=\"\" data-id=\"5618\" data-link=\"http:\/\/culturaliagz.com\/?attachment_id=5618\" class=\"wp-image-5618\" srcset=\"http:\/\/culturaliagz.com\/wp-content\/uploads\/2019\/03\/Pablo-Albo-1.jpg 1024w, http:\/\/culturaliagz.com\/wp-content\/uploads\/2019\/03\/Pablo-Albo-1-300x225.jpg 300w, http:\/\/culturaliagz.com\/wp-content\/uploads\/2019\/03\/Pablo-Albo-1-768x576.jpg 768w, http:\/\/culturaliagz.com\/wp-content\/uploads\/2019\/03\/Pablo-Albo-1-510x382.jpg 510w\" sizes=\"auto, (max-width: 1024px) 100vw, 1024px\" \/><\/a><figcaption>Pablo Albo<\/figcaption><\/figure><\/li><li class=\"blocks-gallery-item\"><figure><a href=\"http:\/\/culturaliagz.com\/wp-content\/uploads\/2019\/03\/Raquel-Queizas-1024x683.jpg\"><img loading=\"lazy\" decoding=\"async\" width=\"1024\" height=\"683\" src=\"http:\/\/culturaliagz.com\/wp-content\/uploads\/2019\/03\/Raquel-Queizas-1024x683.jpg\" alt=\"\" data-id=\"5619\" data-link=\"http:\/\/culturaliagz.com\/?attachment_id=5619\" class=\"wp-image-5619\" srcset=\"http:\/\/culturaliagz.com\/wp-content\/uploads\/2019\/03\/Raquel-Queizas.jpg 1024w, http:\/\/culturaliagz.com\/wp-content\/uploads\/2019\/03\/Raquel-Queizas-300x200.jpg 300w, http:\/\/culturaliagz.com\/wp-content\/uploads\/2019\/03\/Raquel-Queizas-768x512.jpg 768w\" sizes=\"auto, (max-width: 1024px) 100vw, 1024px\" \/><\/a><figcaption>Raquel Queiz\u00e1s<\/figcaption><\/figure><\/li><li class=\"blocks-gallery-item\"><figure><a href=\"http:\/\/culturaliagz.com\/wp-content\/uploads\/2019\/03\/Vero-Rilo-1-1024x683.jpg\"><img loading=\"lazy\" decoding=\"async\" width=\"1024\" height=\"683\" src=\"http:\/\/culturaliagz.com\/wp-content\/uploads\/2019\/03\/Vero-Rilo-1-1024x683.jpg\" alt=\"\" data-id=\"5620\" data-link=\"http:\/\/culturaliagz.com\/?attachment_id=5620\" class=\"wp-image-5620\" srcset=\"http:\/\/culturaliagz.com\/wp-content\/uploads\/2019\/03\/Vero-Rilo-1.jpg 1024w, http:\/\/culturaliagz.com\/wp-content\/uploads\/2019\/03\/Vero-Rilo-1-300x200.jpg 300w, http:\/\/culturaliagz.com\/wp-content\/uploads\/2019\/03\/Vero-Rilo-1-768x512.jpg 768w\" sizes=\"auto, (max-width: 1024px) 100vw, 1024px\" \/><\/a><figcaption>Vero Rilo<\/figcaption><\/figure><\/li><li class=\"blocks-gallery-item\"><figure><a href=\"http:\/\/culturaliagz.com\/wp-content\/uploads\/2019\/03\/Yoshi-Hioki-3-1-683x1024.jpg\"><img loading=\"lazy\" decoding=\"async\" width=\"683\" height=\"1024\" src=\"http:\/\/culturaliagz.com\/wp-content\/uploads\/2019\/03\/Yoshi-Hioki-3-1-683x1024.jpg\" alt=\"\" data-id=\"5621\" data-link=\"http:\/\/culturaliagz.com\/?attachment_id=5621\" class=\"wp-image-5621\" srcset=\"http:\/\/culturaliagz.com\/wp-content\/uploads\/2019\/03\/Yoshi-Hioki-3-1-683x1024.jpg 683w, http:\/\/culturaliagz.com\/wp-content\/uploads\/2019\/03\/Yoshi-Hioki-3-1-200x300.jpg 200w, http:\/\/culturaliagz.com\/wp-content\/uploads\/2019\/03\/Yoshi-Hioki-3-1-768x1152.jpg 768w, http:\/\/culturaliagz.com\/wp-content\/uploads\/2019\/03\/Yoshi-Hioki-3-1-1080x1620.jpg 1080w, http:\/\/culturaliagz.com\/wp-content\/uploads\/2019\/03\/Yoshi-Hioki-3-1.jpg 1365w\" sizes=\"auto, (max-width: 683px) 100vw, 683px\" \/><\/a><figcaption>Yoshi Hioki<\/figcaption><\/figure><\/li><\/ul>\n","protected":false},"excerpt":{"rendered":"<p>Lugo, A Fonsagrada e Viveiro reciben os contos do Festival Atl\u00e1ntica (V\u00e9xase o enlace \u00e1 programaci\u00f3n) Na Fonsagrada estar\u00e1n o alacantino Pablo Albo e a galega Raquel Queiz\u00e1s cun programa [&hellip;]<\/p>\n","protected":false},"author":1,"featured_media":0,"comment_status":"open","ping_status":"open","sticky":false,"template":"","format":"standard","meta":{"_et_pb_use_builder":"","_et_pb_old_content":"","_et_gb_content_width":"","_jetpack_memberships_contains_paid_content":false,"footnotes":""},"categories":[23,129,6,1],"tags":[],"class_list":["post-5608","post","type-post","status-publish","format-standard","hentry","category-autoresas","category-literaria","category-novas","category-xeral"],"jetpack_featured_media_url":"","jetpack_sharing_enabled":true,"_links":{"self":[{"href":"http:\/\/culturaliagz.com\/index.php?rest_route=\/wp\/v2\/posts\/5608","targetHints":{"allow":["GET"]}}],"collection":[{"href":"http:\/\/culturaliagz.com\/index.php?rest_route=\/wp\/v2\/posts"}],"about":[{"href":"http:\/\/culturaliagz.com\/index.php?rest_route=\/wp\/v2\/types\/post"}],"author":[{"embeddable":true,"href":"http:\/\/culturaliagz.com\/index.php?rest_route=\/wp\/v2\/users\/1"}],"replies":[{"embeddable":true,"href":"http:\/\/culturaliagz.com\/index.php?rest_route=%2Fwp%2Fv2%2Fcomments&post=5608"}],"version-history":[{"count":2,"href":"http:\/\/culturaliagz.com\/index.php?rest_route=\/wp\/v2\/posts\/5608\/revisions"}],"predecessor-version":[{"id":5622,"href":"http:\/\/culturaliagz.com\/index.php?rest_route=\/wp\/v2\/posts\/5608\/revisions\/5622"}],"wp:attachment":[{"href":"http:\/\/culturaliagz.com\/index.php?rest_route=%2Fwp%2Fv2%2Fmedia&parent=5608"}],"wp:term":[{"taxonomy":"category","embeddable":true,"href":"http:\/\/culturaliagz.com\/index.php?rest_route=%2Fwp%2Fv2%2Fcategories&post=5608"},{"taxonomy":"post_tag","embeddable":true,"href":"http:\/\/culturaliagz.com\/index.php?rest_route=%2Fwp%2Fv2%2Ftags&post=5608"}],"curies":[{"name":"wp","href":"https:\/\/api.w.org\/{rel}","templated":true}]}}