{"id":5603,"date":"2019-03-19T23:03:09","date_gmt":"2019-03-19T22:03:09","guid":{"rendered":"http:\/\/culturaliagz.com\/?p=5603"},"modified":"2019-03-19T23:30:39","modified_gmt":"2019-03-19T22:30:39","slug":"semana-da-novela-negra","status":"publish","type":"post","link":"http:\/\/culturaliagz.com\/?p=5603","title":{"rendered":"Semana da Novela Negra. Cap\u00edtulo 2, organizada pola Librer\u00eda Pedreira"},"content":{"rendered":"\n<p><\/p>\n\n\n\n<div class=\"wp-block-image\"><figure class=\"aligncenter\"><a href=\"http:\/\/culturaliagz.com\/wp-content\/uploads\/2019\/03\/NOVELA-NEGRA-2-LIBRERIA-PEDREIRA.jpg\" target=\"_blank\" rel=\"noreferrer noopener\"><img loading=\"lazy\" decoding=\"async\" width=\"960\" height=\"679\" src=\"http:\/\/culturaliagz.com\/wp-content\/uploads\/2019\/03\/NOVELA-NEGRA-2-LIBRERIA-PEDREIRA.jpg\" alt=\"\" class=\"wp-image-5604\" srcset=\"http:\/\/culturaliagz.com\/wp-content\/uploads\/2019\/03\/NOVELA-NEGRA-2-LIBRERIA-PEDREIRA.jpg 960w, http:\/\/culturaliagz.com\/wp-content\/uploads\/2019\/03\/NOVELA-NEGRA-2-LIBRERIA-PEDREIRA-300x212.jpg 300w, http:\/\/culturaliagz.com\/wp-content\/uploads\/2019\/03\/NOVELA-NEGRA-2-LIBRERIA-PEDREIRA-768x543.jpg 768w, http:\/\/culturaliagz.com\/wp-content\/uploads\/2019\/03\/NOVELA-NEGRA-2-LIBRERIA-PEDREIRA-400x284.jpg 400w\" sizes=\"auto, (max-width: 960px) 100vw, 960px\" \/><\/a><\/figure><\/div>\n\n\n\n<p><\/p>\n\n\n\n<p>O barrio de San Pedro, en Santiago de Compostela, ser\u00e1 o escenario, entre o venres 29 de marzo e o domingo 7 de abril, do segundo cap\u00edtulo da <a rel=\"noreferrer noopener\" aria-label=\"SEMANA DA NOVELA NEGRA (abre en una nueva pesta\u00f1a)\" href=\"https:\/\/www.facebook.com\/events\/2241840969403678\/\" target=\"_blank\">SEMANA DA NOVELA NEGRA<\/a>, unha iniciativa promovida por Librar\u00eda Pedreira e que contar\u00e1 cunha serie de actividades arredor deste x\u00e9nero. Levaranse a cabo coloquios, debates e presentaci\u00f3ns, coa presenza de escritoras e escritores de prestixio na literatura galega como Manuel Rivas, Alberto Varela Ferreiro, Manuel Esteban, Bieito Iglesias, Pedro Feij\u00f3o ou Domingo Villar, entre outras.<\/p>\n","protected":false},"excerpt":{"rendered":"<p>O barrio de San Pedro, en Santiago de Compostela, ser\u00e1 o escenario, entre o venres 29 de marzo e o domingo 7 de abril, do segundo cap\u00edtulo da SEMANA DA [&hellip;]<\/p>\n","protected":false},"author":1,"featured_media":0,"comment_status":"open","ping_status":"open","sticky":false,"template":"","format":"standard","meta":{"_et_pb_use_builder":"","_et_pb_old_content":"","_et_gb_content_width":"","_jetpack_memberships_contains_paid_content":false,"footnotes":""},"categories":[23,129,6,1],"tags":[],"class_list":["post-5603","post","type-post","status-publish","format-standard","hentry","category-autoresas","category-literaria","category-novas","category-xeral"],"jetpack_featured_media_url":"","jetpack_sharing_enabled":true,"_links":{"self":[{"href":"http:\/\/culturaliagz.com\/index.php?rest_route=\/wp\/v2\/posts\/5603","targetHints":{"allow":["GET"]}}],"collection":[{"href":"http:\/\/culturaliagz.com\/index.php?rest_route=\/wp\/v2\/posts"}],"about":[{"href":"http:\/\/culturaliagz.com\/index.php?rest_route=\/wp\/v2\/types\/post"}],"author":[{"embeddable":true,"href":"http:\/\/culturaliagz.com\/index.php?rest_route=\/wp\/v2\/users\/1"}],"replies":[{"embeddable":true,"href":"http:\/\/culturaliagz.com\/index.php?rest_route=%2Fwp%2Fv2%2Fcomments&post=5603"}],"version-history":[{"count":3,"href":"http:\/\/culturaliagz.com\/index.php?rest_route=\/wp\/v2\/posts\/5603\/revisions"}],"predecessor-version":[{"id":5607,"href":"http:\/\/culturaliagz.com\/index.php?rest_route=\/wp\/v2\/posts\/5603\/revisions\/5607"}],"wp:attachment":[{"href":"http:\/\/culturaliagz.com\/index.php?rest_route=%2Fwp%2Fv2%2Fmedia&parent=5603"}],"wp:term":[{"taxonomy":"category","embeddable":true,"href":"http:\/\/culturaliagz.com\/index.php?rest_route=%2Fwp%2Fv2%2Fcategories&post=5603"},{"taxonomy":"post_tag","embeddable":true,"href":"http:\/\/culturaliagz.com\/index.php?rest_route=%2Fwp%2Fv2%2Ftags&post=5603"}],"curies":[{"name":"wp","href":"https:\/\/api.w.org\/{rel}","templated":true}]}}