{"id":5199,"date":"2019-02-24T23:42:08","date_gmt":"2019-02-24T22:42:08","guid":{"rendered":"http:\/\/culturaliagz.com\/?p=5199"},"modified":"2019-02-24T23:42:19","modified_gmt":"2019-02-24T22:42:19","slug":"milito-en-ti","status":"publish","type":"post","link":"http:\/\/culturaliagz.com\/?p=5199","title":{"rendered":"MILITO EN TI"},"content":{"rendered":"\n<p>O \u00fanico ex\u00e9rcito que debera existir \u00e9 o da palabra. E cada ano somos m\u00e1is disparando poes\u00eda.<\/p>\n\n\n\n<figure class=\"wp-block-image\"><img loading=\"lazy\" decoding=\"async\" width=\"715\" height=\"861\" src=\"http:\/\/culturaliagz.com\/wp-content\/uploads\/2019\/02\/Screenshot_20190224-224915_Chrome.jpg\" alt=\"\" class=\"wp-image-5200\" srcset=\"http:\/\/culturaliagz.com\/wp-content\/uploads\/2019\/02\/Screenshot_20190224-224915_Chrome.jpg 715w, http:\/\/culturaliagz.com\/wp-content\/uploads\/2019\/02\/Screenshot_20190224-224915_Chrome-249x300.jpg 249w\" sizes=\"auto, (max-width: 715px) 100vw, 715px\" \/><figcaption>Rosal\u00eda de Castro<\/figcaption><\/figure>\n\n\n\n<p>MILITO EN TI<\/p>\n\n\n\n<p>Dar\u00eda canto so\u00f1ei ser <\/p>\n\n\n\n<p>Por un s\u00f3 dos teus pulsos<\/p>\n\n\n\n<p>Perpetrar a poes\u00eda na vida <\/p>\n\n\n\n<p>Os versos que quixen compo\u00f1er<\/p>\n\n\n\n<p>eran un simulacro de fuxida<\/p>\n\n\n\n<p>Temor nas noites de coitelos<\/p>\n\n\n\n<p>Nos asub\u00edos mediocres, b\u00e9bedos <\/p>\n\n\n\n<p>de ignorante cobard\u00eda.<\/p>\n\n\n\n<p>Quero sair da casa que foi gaiola<\/p>\n\n\n\n<p>Arrincar as portas e os barrotes<\/p>\n\n\n\n<p>En rimas consoantes e libre pensar<\/p>\n\n\n\n<p>Cos p\u00e9s nus na aventura do sentir <\/p>\n\n\n\n<p>Ceibar a ilusi\u00f3n,espir paseni\u00f1o a alma viva <\/p>\n\n\n\n<p>Sen medo voar coma unha andori\u00f1a<\/p>\n\n\n\n<p>Quero sa\u00edr da casa, agarimar o aire<\/p>\n\n\n\n<p>Respirar os\u00edxeno,<\/p>\n\n\n\n<p>ser unha pequena lavandeira<\/p>\n\n\n\n<p>Ollar a s\u00faa danza ecl\u00e9ctica<\/p>\n\n\n\n<p>Escoitar os teus versos recitados<\/p>\n\n\n\n<p>Tras as fiestras abertas<\/p>\n\n\n\n<p>afirmados no poema da l\u00edngua<\/p>\n\n\n\n<p>Na irreverencia proclamada Matria<\/p>\n\n\n\n<p>Dar\u00eda canto so\u00f1ei ser<\/p>\n\n\n\n<p>Por un s\u00f3 dos teus pulsos<\/p>\n\n\n\n<p>Morar na escravitude da d\u00fabida<\/p>\n\n\n\n<p>Son parte da t\u00faa insurxencia<\/p>\n\n\n\n<p>Milito en ti na resistencia<\/p>\n\n\n\n<p>Milito na retagarda subversiva<\/p>\n\n\n\n<p>Coa voz do amor que aprend\u00edn de ti <\/p>\n\n\n\n<p>Rosal\u00eda\u2026<\/p>\n\n\n\n<p>PILAR MASEDA BARRIO. &nbsp;( Febreiro 2019 )<\/p>\n","protected":false},"excerpt":{"rendered":"<p>O \u00fanico ex\u00e9rcito que debera existir \u00e9 o da palabra. E cada ano somos m\u00e1is disparando poes\u00eda. MILITO EN TI Dar\u00eda canto so\u00f1ei ser Por un s\u00f3 dos teus pulsos [&hellip;]<\/p>\n","protected":false},"author":9,"featured_media":0,"comment_status":"open","ping_status":"open","sticky":false,"template":"","format":"standard","meta":{"_et_pb_use_builder":"","_et_pb_old_content":"","_et_gb_content_width":"","_jetpack_memberships_contains_paid_content":false,"footnotes":""},"categories":[1],"tags":[],"class_list":["post-5199","post","type-post","status-publish","format-standard","hentry","category-xeral"],"jetpack_featured_media_url":"","jetpack_sharing_enabled":true,"_links":{"self":[{"href":"http:\/\/culturaliagz.com\/index.php?rest_route=\/wp\/v2\/posts\/5199","targetHints":{"allow":["GET"]}}],"collection":[{"href":"http:\/\/culturaliagz.com\/index.php?rest_route=\/wp\/v2\/posts"}],"about":[{"href":"http:\/\/culturaliagz.com\/index.php?rest_route=\/wp\/v2\/types\/post"}],"author":[{"embeddable":true,"href":"http:\/\/culturaliagz.com\/index.php?rest_route=\/wp\/v2\/users\/9"}],"replies":[{"embeddable":true,"href":"http:\/\/culturaliagz.com\/index.php?rest_route=%2Fwp%2Fv2%2Fcomments&post=5199"}],"version-history":[{"count":1,"href":"http:\/\/culturaliagz.com\/index.php?rest_route=\/wp\/v2\/posts\/5199\/revisions"}],"predecessor-version":[{"id":5201,"href":"http:\/\/culturaliagz.com\/index.php?rest_route=\/wp\/v2\/posts\/5199\/revisions\/5201"}],"wp:attachment":[{"href":"http:\/\/culturaliagz.com\/index.php?rest_route=%2Fwp%2Fv2%2Fmedia&parent=5199"}],"wp:term":[{"taxonomy":"category","embeddable":true,"href":"http:\/\/culturaliagz.com\/index.php?rest_route=%2Fwp%2Fv2%2Fcategories&post=5199"},{"taxonomy":"post_tag","embeddable":true,"href":"http:\/\/culturaliagz.com\/index.php?rest_route=%2Fwp%2Fv2%2Ftags&post=5199"}],"curies":[{"name":"wp","href":"https:\/\/api.w.org\/{rel}","templated":true}]}}