{"id":4535,"date":"2018-12-10T00:49:51","date_gmt":"2018-12-09T23:49:51","guid":{"rendered":"http:\/\/culturaliagz.com\/?p=4535"},"modified":"2019-03-06T02:09:16","modified_gmt":"2019-03-06T01:09:16","slug":"traducao-dum-texto-sobre-o-cemiterio-marinho-de-paul-valery","status":"publish","type":"post","link":"http:\/\/culturaliagz.com\/?p=4535","title":{"rendered":"Tradu\u00e7\u00e3o dum texto sobre &#8220;O Cemit\u00e9rio Marinho&#8221;, de Paul Val\u00e9ry"},"content":{"rendered":"\n<figure class=\"wp-block-image\"><img loading=\"lazy\" decoding=\"async\" width=\"537\" height=\"763\" src=\"http:\/\/culturaliagz.com\/wp-content\/uploads\/2018\/12\/Captura-de-pantalla-2.png\" alt=\"\" class=\"wp-image-4539\" srcset=\"http:\/\/culturaliagz.com\/wp-content\/uploads\/2018\/12\/Captura-de-pantalla-2.png 537w, http:\/\/culturaliagz.com\/wp-content\/uploads\/2018\/12\/Captura-de-pantalla-2-211x300.png 211w\" sizes=\"auto, (max-width: 537px) 100vw, 537px\" \/><\/figure>\n\n\n\n<p>Em <a href=\"http:\/\/culturaliagz.com\/wp-content\/uploads\/2019\/03\/Sobre-o-Cemit\u00e9rio-marinho_2_.pdf\" target=\"_blank\" rel=\"noreferrer noopener\" aria-label=\" (abre en una nueva pesta\u00f1a)\">arquivo anexo<\/a> a tradu\u00e7\u00e3o e o texto original em franc\u00eas, em formato PDF, que o grande poeta franc\u00eas fixo sobre o seu imortal poema. O texto foi elaborado para servir de pref\u00e1cio\u00a0ao Ensaio Explicativo do Cemit\u00e9rio Marinho, do professor G. Cohen.\u00a0<\/p>\n","protected":false},"excerpt":{"rendered":"<p>Em arquivo anexo a tradu\u00e7\u00e3o e o texto original em franc\u00eas, em formato PDF, que o grande poeta franc\u00eas fixo sobre o seu imortal poema. O texto foi elaborado para [&hellip;]<\/p>\n","protected":false},"author":35,"featured_media":0,"comment_status":"open","ping_status":"open","sticky":false,"template":"","format":"standard","meta":{"_et_pb_use_builder":"","_et_pb_old_content":"","_et_gb_content_width":"","_jetpack_memberships_contains_paid_content":false,"footnotes":""},"categories":[23,7,129,367,1],"tags":[],"class_list":["post-4535","post","type-post","status-publish","format-standard","hentry","category-autoresas","category-creacion","category-literaria","category-publicacions","category-xeral"],"jetpack_featured_media_url":"","jetpack_sharing_enabled":true,"_links":{"self":[{"href":"http:\/\/culturaliagz.com\/index.php?rest_route=\/wp\/v2\/posts\/4535","targetHints":{"allow":["GET"]}}],"collection":[{"href":"http:\/\/culturaliagz.com\/index.php?rest_route=\/wp\/v2\/posts"}],"about":[{"href":"http:\/\/culturaliagz.com\/index.php?rest_route=\/wp\/v2\/types\/post"}],"author":[{"embeddable":true,"href":"http:\/\/culturaliagz.com\/index.php?rest_route=\/wp\/v2\/users\/35"}],"replies":[{"embeddable":true,"href":"http:\/\/culturaliagz.com\/index.php?rest_route=%2Fwp%2Fv2%2Fcomments&post=4535"}],"version-history":[{"count":7,"href":"http:\/\/culturaliagz.com\/index.php?rest_route=\/wp\/v2\/posts\/4535\/revisions"}],"predecessor-version":[{"id":5302,"href":"http:\/\/culturaliagz.com\/index.php?rest_route=\/wp\/v2\/posts\/4535\/revisions\/5302"}],"wp:attachment":[{"href":"http:\/\/culturaliagz.com\/index.php?rest_route=%2Fwp%2Fv2%2Fmedia&parent=4535"}],"wp:term":[{"taxonomy":"category","embeddable":true,"href":"http:\/\/culturaliagz.com\/index.php?rest_route=%2Fwp%2Fv2%2Fcategories&post=4535"},{"taxonomy":"post_tag","embeddable":true,"href":"http:\/\/culturaliagz.com\/index.php?rest_route=%2Fwp%2Fv2%2Ftags&post=4535"}],"curies":[{"name":"wp","href":"https:\/\/api.w.org\/{rel}","templated":true}]}}