{"id":4494,"date":"2018-11-27T19:10:55","date_gmt":"2018-11-27T18:10:55","guid":{"rendered":"http:\/\/culturaliagz.com\/?p=4494"},"modified":"2018-11-27T19:10:55","modified_gmt":"2018-11-27T18:10:55","slug":"foliada-de-outono-de-castineiro-milenario","status":"publish","type":"post","link":"http:\/\/culturaliagz.com\/?p=4494","title":{"rendered":"Foliada de Outono de Casti\u00f1eiro Milenario"},"content":{"rendered":"<p>Xa est\u00e1 aqu\u00ed unha nova edici\u00f3n das <strong>Foliadas de Outono<\/strong> de Casti\u00f1eiro Milenario.<\/p>\n<p>Comezaremos a xornada foliadeira cun tempo adicado \u00e1 aprendizaxe da m\u00fasica tradicional. Nesta ocasi\u00f3n propo\u00f1emos un <strong>obradoiro de bombo<\/strong> que impartir\u00e1 <a href=\"https:\/\/musicocrisanto.com\/director-banda-de-gaitas\/\" target=\"_blank\" rel=\"noopener\">Miguel Anxo L\u00f3pez \u201cChino\u201d<\/a>, reco\u00f1ecido percusionista na escena da m\u00fasica tradicional. O obradoiro <strong>empezar\u00e1 \u00e1s 19:30<\/strong> e ter\u00e1 unha duraci\u00f3n aproximada de 90 minutos. Para @s asociad@s de Casti\u00f1eiro Milenario ser\u00e1 de balde e un custe de 10\u20ac para os non asociad@s. \u00c9 preciso apuntarse se queres asistir e podes facelo enviando un correo a castineiromilenario@hotmail.com ou chamando ao 616705174.<\/p>\n<p>Despois do tempo de formaci\u00f3n, comezar\u00e1 a foliada propiamente dita a <strong>partir das 21:30<\/strong>, aproximadamente. Nesta ocasi\u00f3n estamos especialmente orgullosos da presenza dos dous primeiros grupos: Os Mi\u00f1ocas e os Airi\u00f1os da Terra Ch\u00e1, pois moitos dos seus integrantes te\u00f1en unha estreita relaci\u00f3n coa nosa asociaci\u00f3n. As\u00ed que abrir\u00e1n a foliada, dirixidos polo gran Brais Monxard\u00edn, os nenos e nenas do grupo de m\u00fasica tradicional da escola de R\u00e1bade, Begonte e Outeiro de Rei, que vi\u00f1eron a chamarse <strong>Os Mi\u00f1ocas<\/strong> e despois coller\u00e1n o testemu\u00f1o o grupo de veteran@s da mesma escola, <strong>Os Airi\u00f1os da Terra Ch\u00e1<\/strong>; para rematar por todo o alto, os marabillosos cantareiros de <strong>Trevellos<\/strong> que por\u00e1n peche \u00e1 foliada oficial. Ao remate da s\u00faa intervenci\u00f3n, comezar\u00e1 a <strong>foliada aberta<\/strong>.<\/p>\n<p>Como sempre, <strong>agradecer<\/strong> aos grupos que participan na foliada a s\u00faa presenza, a Miguel Anxo polas facilidades postas para desenvolver o obradoiro, a Brais Monxard\u00edn polo seu empe\u00f1o para que a escola de R\u00e1bade, Begonte e Outeiro de Rei estivera nesta foliada e, por \u00faltimo, \u00e1 Asociaci\u00f3n Veci\u00f1al do Castro por deixarnos empregar \u00e1s s\u00faas instalaci\u00f3ns da Casa do Pobo.<\/p>\n<p>&nbsp;<\/p>\n<p>Toda a info en <a href=\"https:\/\/castinheiromilenario.wordpress.com\/2018\/11\/21\/foliada-de-outono-2018\/\" target=\"_blank\" rel=\"noopener\">https:\/\/castinheiromilenario.wordpress.com\/2018\/11\/21\/foliada-de-outono-2018\/<\/a><\/p>\n<p>Adxuntamos o cartaz da foliada.<\/p>\n<p>&nbsp;<\/p>\n<p>&nbsp;<\/p>\n<p>AC Casti\u00f1eiro Milenario<br \/>\nPacios, 85 27373 Begonte<br \/>\n<a href=\"http:\/\/castinheiromilenario.wordpress.com\" target=\"_blank\" rel=\"noopener\">http:\/\/castinheiromilenario.wordpress.com<\/a><br \/>\n<a href=\"https:\/\/gl-es.facebook.com\/castineiro.milenario\" target=\"_blank\" rel=\"noopener\">https:\/\/gl-es.facebook.com\/castineiro.milenario<\/a><br \/>\n<a href=\"https:\/\/twitter.com\/CastinheiroMile\" target=\"_blank\" rel=\"noopener\">https:\/\/twitter.com\/CastinheiroMile<\/a><br \/>\n<a href=\"https:\/\/www.flickr.com\/photos\/castinheiromilenario\" target=\"_blank\" rel=\"noopener\">https:\/\/www.flickr.com\/photos\/castinheiromilenario\/<\/a><br \/>\n<a href=\"http:\/\/festival27373.wordpress.com\/\" target=\"_blank\" rel=\"noopener\">http:\/\/festival27373.wordpress.com\/<\/a><\/p>\n","protected":false},"excerpt":{"rendered":"<p>Xa est\u00e1 aqu\u00ed unha nova edici\u00f3n das Foliadas de Outono de Casti\u00f1eiro Milenario. Comezaremos a xornada foliadeira cun tempo adicado \u00e1 aprendizaxe da m\u00fasica tradicional. Nesta ocasi\u00f3n propo\u00f1emos un obradoiro [&hellip;]<\/p>\n","protected":false},"author":1,"featured_media":4495,"comment_status":"open","ping_status":"open","sticky":false,"template":"","format":"standard","meta":{"_et_pb_use_builder":"","_et_pb_old_content":"","_et_gb_content_width":"","_jetpack_memberships_contains_paid_content":false,"footnotes":""},"categories":[23,6,1],"tags":[],"class_list":["post-4494","post","type-post","status-publish","format-standard","has-post-thumbnail","hentry","category-autoresas","category-novas","category-xeral"],"jetpack_featured_media_url":"http:\/\/culturaliagz.com\/wp-content\/uploads\/2018\/11\/Foliada_outono_2018_web.jpg","jetpack_sharing_enabled":true,"_links":{"self":[{"href":"http:\/\/culturaliagz.com\/index.php?rest_route=\/wp\/v2\/posts\/4494","targetHints":{"allow":["GET"]}}],"collection":[{"href":"http:\/\/culturaliagz.com\/index.php?rest_route=\/wp\/v2\/posts"}],"about":[{"href":"http:\/\/culturaliagz.com\/index.php?rest_route=\/wp\/v2\/types\/post"}],"author":[{"embeddable":true,"href":"http:\/\/culturaliagz.com\/index.php?rest_route=\/wp\/v2\/users\/1"}],"replies":[{"embeddable":true,"href":"http:\/\/culturaliagz.com\/index.php?rest_route=%2Fwp%2Fv2%2Fcomments&post=4494"}],"version-history":[{"count":1,"href":"http:\/\/culturaliagz.com\/index.php?rest_route=\/wp\/v2\/posts\/4494\/revisions"}],"predecessor-version":[{"id":4496,"href":"http:\/\/culturaliagz.com\/index.php?rest_route=\/wp\/v2\/posts\/4494\/revisions\/4496"}],"wp:featuredmedia":[{"embeddable":true,"href":"http:\/\/culturaliagz.com\/index.php?rest_route=\/wp\/v2\/media\/4495"}],"wp:attachment":[{"href":"http:\/\/culturaliagz.com\/index.php?rest_route=%2Fwp%2Fv2%2Fmedia&parent=4494"}],"wp:term":[{"taxonomy":"category","embeddable":true,"href":"http:\/\/culturaliagz.com\/index.php?rest_route=%2Fwp%2Fv2%2Fcategories&post=4494"},{"taxonomy":"post_tag","embeddable":true,"href":"http:\/\/culturaliagz.com\/index.php?rest_route=%2Fwp%2Fv2%2Ftags&post=4494"}],"curies":[{"name":"wp","href":"https:\/\/api.w.org\/{rel}","templated":true}]}}