{"id":4485,"date":"2018-11-27T14:27:37","date_gmt":"2018-11-27T13:27:37","guid":{"rendered":"http:\/\/culturaliagz.com\/?p=4485"},"modified":"2018-11-27T14:27:37","modified_gmt":"2018-11-27T13:27:37","slug":"exposicion-de-oleos-o-meu-mundo-de-carlos-martinez","status":"publish","type":"post","link":"http:\/\/culturaliagz.com\/?p=4485","title":{"rendered":"Exposici\u00f3n de \u00f3leos O MEU MUNDO, de Carlos Mart\u00ednez"},"content":{"rendered":"<p>Vela\u00ed o cartaz, <a href=\"http:\/\/culturaliagz.com\/wp-content\/uploads\/2018\/11\/triptico1.jpg\" target=\"_blank\" rel=\"noopener\">tr\u00edptico1<\/a>, <a href=\"http:\/\/culturaliagz.com\/wp-content\/uploads\/2018\/11\/triptico_2_2\u00aa.jpg\" target=\"_blank\" rel=\"noopener\">tr\u00edptico 2<\/a> e <a href=\"http:\/\/culturaliagz.com\/wp-content\/uploads\/2018\/11\/NOTA_INFORMATIVA_o-meu-mundo.pdf\" target=\"_blank\" rel=\"noopener\">nota<\/a> informando da exposici\u00f3n O MEU MUNDO, \u00f3leos de CARLOS MART\u00cdNEZ, que organiza o IESCHA, coa colaboraci\u00f3n do Concello de Vilalba.<\/p>\n<p>O acto de inauguraci\u00f3n ter\u00e1 lugar o vindeiro xoves, 29 de novembro, \u00e1s 20:30 horas, na Sala de Exposici\u00f3ns do Auditorio Municipal de Vilalba.<\/p>\n<p>&nbsp;<\/p>\n<p><em>*Informaci\u00f3n achegada polo IESCHA.<\/em><\/p>\n","protected":false},"excerpt":{"rendered":"<p>Vela\u00ed o cartaz, tr\u00edptico1, tr\u00edptico 2 e nota informando da exposici\u00f3n O MEU MUNDO, \u00f3leos de CARLOS MART\u00cdNEZ, que organiza o IESCHA, coa colaboraci\u00f3n do Concello de Vilalba. O acto [&hellip;]<\/p>\n","protected":false},"author":1,"featured_media":4486,"comment_status":"open","ping_status":"open","sticky":false,"template":"","format":"standard","meta":{"_et_pb_use_builder":"","_et_pb_old_content":"","_et_gb_content_width":"","_jetpack_memberships_contains_paid_content":false,"footnotes":""},"categories":[23,6,1],"tags":[],"class_list":["post-4485","post","type-post","status-publish","format-standard","has-post-thumbnail","hentry","category-autoresas","category-novas","category-xeral"],"jetpack_featured_media_url":"http:\/\/culturaliagz.com\/wp-content\/uploads\/2018\/11\/CARTAZ_O-MEU-MUNDO_peq2.jpg","jetpack_sharing_enabled":true,"_links":{"self":[{"href":"http:\/\/culturaliagz.com\/index.php?rest_route=\/wp\/v2\/posts\/4485","targetHints":{"allow":["GET"]}}],"collection":[{"href":"http:\/\/culturaliagz.com\/index.php?rest_route=\/wp\/v2\/posts"}],"about":[{"href":"http:\/\/culturaliagz.com\/index.php?rest_route=\/wp\/v2\/types\/post"}],"author":[{"embeddable":true,"href":"http:\/\/culturaliagz.com\/index.php?rest_route=\/wp\/v2\/users\/1"}],"replies":[{"embeddable":true,"href":"http:\/\/culturaliagz.com\/index.php?rest_route=%2Fwp%2Fv2%2Fcomments&post=4485"}],"version-history":[{"count":4,"href":"http:\/\/culturaliagz.com\/index.php?rest_route=\/wp\/v2\/posts\/4485\/revisions"}],"predecessor-version":[{"id":4493,"href":"http:\/\/culturaliagz.com\/index.php?rest_route=\/wp\/v2\/posts\/4485\/revisions\/4493"}],"wp:featuredmedia":[{"embeddable":true,"href":"http:\/\/culturaliagz.com\/index.php?rest_route=\/wp\/v2\/media\/4486"}],"wp:attachment":[{"href":"http:\/\/culturaliagz.com\/index.php?rest_route=%2Fwp%2Fv2%2Fmedia&parent=4485"}],"wp:term":[{"taxonomy":"category","embeddable":true,"href":"http:\/\/culturaliagz.com\/index.php?rest_route=%2Fwp%2Fv2%2Fcategories&post=4485"},{"taxonomy":"post_tag","embeddable":true,"href":"http:\/\/culturaliagz.com\/index.php?rest_route=%2Fwp%2Fv2%2Ftags&post=4485"}],"curies":[{"name":"wp","href":"https:\/\/api.w.org\/{rel}","templated":true}]}}